{"id":49758,"date":"2020-01-09T12:19:52","date_gmt":"2020-01-09T15:19:52","guid":{"rendered":"http:\/\/www.pedromigao.com.br\/ourodetolo\/?p=49758"},"modified":"2020-01-09T12:19:03","modified_gmt":"2020-01-09T15:19:03","slug":"jogo-rapido-especial-2020","status":"publish","type":"post","link":"https:\/\/www.pedromigao.com.br\/ourodetolo\/2020\/01\/jogo-rapido-especial-2020\/","title":{"rendered":"Jogo R\u00e1pido &#8211; Especial 2020"},"content":{"rendered":"<p style=\"text-align: justify;\">Os palpites ser\u00e3o r\u00e1pidos porque o tempo \u00e9 curto mas a vontade de dar pitaco e participar dos papos pr\u00e9-carnavalescos \u00e9 enorme. E se mant\u00e9m intacta.<\/p>\n<p style=\"text-align: justify;\">E a \u201can\u00e1lise\u201d j\u00e1 vem depois de algumas boas audi\u00e7\u00f5es, de sambas enredos j\u00e1 maturados e muitos j\u00e1 decorados, na ponta da l\u00edngua. Acompanhei \u00e0 dist\u00e2ncia algumas enquetes, realizadas por diferentes sites e programas.<\/p>\n<p style=\"text-align: justify;\">E a verdade \u00e9 que as listas n\u00e3o diferem muito. As discord\u00e2ncias s\u00e3o muito pontuais. E tenho certeza que essa lista, pessoal e intransfer\u00edvel, n\u00e3o fugir\u00e1 de duas coisas: de seguir a corrente de elogios \u00e0 maioria dos considerados sambas do ano e das cr\u00edticas por uma ou outra percep\u00e7\u00e3o dissonante. Sem delongas, vamos l\u00e1:<\/p>\n<p><iframe loading=\"lazy\" title=\"Samba da Portela 2020 - 08\/01\/2020\" width=\"525\" height=\"295\" src=\"https:\/\/www.youtube.com\/embed\/_gfqmMXnnGo?feature=oembed\" frameborder=\"0\" allow=\"accelerometer; autoplay; clipboard-write; encrypted-media; gyroscope; picture-in-picture; web-share\" referrerpolicy=\"strict-origin-when-cross-origin\" allowfullscreen><\/iframe><\/p>\n<p style=\"text-align: justify;\"><strong>Desde o in\u00edcio\u2026e nada mudou<\/strong><\/p>\n<p style=\"text-align: justify;\">Grande Rio, Mocidade e Portela. S\u00e3o os tr\u00eas sambas do ano que, para meus ouvidos, n\u00e3o precisaram daquele per\u00edodo de adapta\u00e7\u00e3o, aquele \u201cse acostumar\u201d. De primeira eu ouvi e j\u00e1 gostei. E os tr\u00eas seguem no meu p\u00f3dio nesse 2020 ol\u00edmpico. Tendo a deixar a Portela com o bronze e Mocidade e Grande Rio disputando o ouro, com vantagem moment\u00e2nea para a Tricolor de Caxias.<\/p>\n<p><iframe loading=\"lazy\" title=\"GIRO S\u00c9P na Viradouro #03: Visitamos o Ensaio de Rua da Viradouro na Amaral Peixoto. Parte 01\" width=\"525\" height=\"295\" src=\"https:\/\/www.youtube.com\/embed\/iWCWjkfHdF4?feature=oembed\" frameborder=\"0\" allow=\"accelerometer; autoplay; clipboard-write; encrypted-media; gyroscope; picture-in-picture; web-share\" referrerpolicy=\"strict-origin-when-cross-origin\" allowfullscreen><\/iframe><\/p>\n<p style=\"text-align: justify;\"><strong>A quarta for\u00e7a<\/strong><\/p>\n<p style=\"text-align: justify;\">\u00c9 o samba que, hoje, eu diria que mais cresceu no meu conceito e no meu gosto pessoal. Estou vivendo um momento de apego total e irrestrito \u00e0 obra da Unidos do Viradouro. Periga chegar na v\u00e9spera do desfile roubando um lugar nesse p\u00f3dio que at\u00e9 j\u00e1 parecia definido.<\/p>\n<p><iframe loading=\"lazy\" title=\"GIRO S\u00c9P na Mangueira #07: Marquinho Art&#039; Samba inicia o 1\u00ba Ensaio de Rua para o Carnaval 2020\" width=\"525\" height=\"295\" src=\"https:\/\/www.youtube.com\/embed\/6cMMtfgd4Z0?feature=oembed\" frameborder=\"0\" allow=\"accelerometer; autoplay; clipboard-write; encrypted-media; gyroscope; picture-in-picture; web-share\" referrerpolicy=\"strict-origin-when-cross-origin\" allowfullscreen><\/iframe><\/p>\n<p style=\"text-align: justify;\"><strong>Adoro, mas\u2026<\/strong><\/p>\n<p style=\"text-align: justify;\">Mangueira. Mais uma vez uma letra inteligent\u00edssima, melodia trabalhada, interessante e tem\u00e1tica muito rica tamb\u00e9m. Mas ainda me causa estranheza o corte de um verso no refr\u00e3o. Algo que n\u00e3o soou bem pra mim. Ou\u00e7o e sigo achando que falta algo ali. Cai naquela armadilha de compara\u00e7\u00e3o com o ano anterior &#8211; o Tuiuti sofreu isso depois do \u201cMeu Deus, Meu Deus\u2026\u201d (2019 foi um desfile m\u00e1gico da Verde e Rosa, com um samba antol\u00f3gico). De qualquer forma, acho que o samba da Mangueira fecha esse top 5 hipot\u00e9tico.<\/p>\n<p><iframe loading=\"lazy\" title=\"Microfone S\u00e9P Unidos da Tijuca Esquenta + Arrancada #carnaval2020\" width=\"525\" height=\"295\" src=\"https:\/\/www.youtube.com\/embed\/NI9xbzNQaaw?feature=oembed\" frameborder=\"0\" allow=\"accelerometer; autoplay; clipboard-write; encrypted-media; gyroscope; picture-in-picture; web-share\" referrerpolicy=\"strict-origin-when-cross-origin\" allowfullscreen><\/iframe><\/p>\n<p style=\"text-align: justify;\"><strong>Azul e quase ouro<\/strong><\/p>\n<p style=\"text-align: justify;\">Os sambas das duas escolas azul e amarelo (Tijuca e Tuiuti) me agradam mas n\u00e3o os coloco entre os grandes sambas do ano. T\u00eam tudo para ir bem na avenida, s\u00e3o melodiosos, ricos na constru\u00e7\u00e3o po\u00e9tica de suas letras. Por\u00e9m, n\u00e3o os vejo como obras que ser\u00e3o relembradas daqui a alguns anos. Sao aqueles sambas bons, de qualidade indiscut\u00edvel. Mas ficam algo atr\u00e1s dos j\u00e1 citados.<\/p>\n<p><iframe loading=\"lazy\" title=\"GIRO S\u00c9P na S\u00e3o Clemente #10: 1\u00ba Ensaio de Rua na Pra\u00e7a Corumb\u00e1 para o #carnaval2020\" width=\"525\" height=\"295\" src=\"https:\/\/www.youtube.com\/embed\/sXy2UdDbAQI?feature=oembed\" frameborder=\"0\" allow=\"accelerometer; autoplay; clipboard-write; encrypted-media; gyroscope; picture-in-picture; web-share\" referrerpolicy=\"strict-origin-when-cross-origin\" allowfullscreen><\/iframe><\/p>\n<p style=\"text-align: justify;\"><strong>Miss Simpatia<\/strong><\/p>\n<p style=\"text-align: justify;\">\u00c9 a obra da S\u00e3o Clemente. Claramente n\u00e3o \u00e9 a obra-prima do ano mas revive alguns momentos da irrever\u00eancia oitentista &#8211; da pr\u00f3pria escola. \u00c9 pra cima &#8211; na ginga, pra frente &#8211; animado, gostoso de ouvir, engra\u00e7ado, com boas sacadas de ironia. O samba me agrada bastante. Sempre que a faixa toca \u00e9 num momento de descontra\u00e7\u00e3o e prazer.<\/p>\n<p><iframe loading=\"lazy\" title=\"CARNAVAL 2020 Beija-Flor Na Rua Mirandela - Samba Ao Vivo com letra\" width=\"525\" height=\"295\" src=\"https:\/\/www.youtube.com\/embed\/Fx5oVjjw2DY?feature=oembed\" frameborder=\"0\" allow=\"accelerometer; autoplay; clipboard-write; encrypted-media; gyroscope; picture-in-picture; web-share\" referrerpolicy=\"strict-origin-when-cross-origin\" allowfullscreen><\/iframe><\/p>\n<p style=\"text-align: justify;\"><strong>Ser\u00e1 que sou s\u00f3 eu?<\/strong><\/p>\n<p style=\"text-align: justify;\">Muita gente boa, que respeito \u00e0 be\u00e7a, tece in\u00fameros elogios para esse samba que, a mim, n\u00e3o conquistou. E n\u00e3o sei se conquistar\u00e1. Quem sabe se proporcionar um desfila\u00e7o da Beija-Flor&#8230; \u00c9 poss\u00edvel, claro. Mas o hino nilopolitano em romaria n\u00e3o figura na minha lista de audi\u00e7\u00f5es favoritas da temporada. N\u00e3o sei desenvolver grandes teorias ou explica\u00e7\u00f5es t\u00e9cnicas. Apenas n\u00e3o me toca, n\u00e3o me cativa.<\/p>\n<p><iframe loading=\"lazy\" title=\"GIRO S\u00c9P no Salgueiro #02 Int\u00e9rprete Quinho iniciando o primeiro ensaio de Rua para 2020\" width=\"525\" height=\"295\" src=\"https:\/\/www.youtube.com\/embed\/HnYGHqPuORs?feature=oembed\" frameborder=\"0\" allow=\"accelerometer; autoplay; clipboard-write; encrypted-media; gyroscope; picture-in-picture; web-share\" referrerpolicy=\"strict-origin-when-cross-origin\" allowfullscreen><\/iframe><\/p>\n<p style=\"text-align: justify;\"><strong>Sei l\u00e1, n\u00e3o sei<\/strong><\/p>\n<p style=\"text-align: justify;\">Tem horas em que curto. Em alguns momentos passam despercebidos, tipo aquela m\u00fasica que toca ao fundo mas voc\u00ea n\u00e3o t\u00e1 prestando realmente muita aten\u00e7\u00e3o, sabe? Mas quando eu me detenho a alguns versos, a alguns trechos espec\u00edficos, reconhe\u00e7o boas passagens, tem algo ali que agrada mas n\u00e3o arrebata totalmente. Longe de chamar de pula-faixa. Talvez sejam apenas aquele jogador talentoso mas que \u00e9 contempor\u00e2neo de grandes craques e sabe que vai ficar a maior parte do tempo na reserva. Salgueiro e Vila.<\/p>\n<p><iframe loading=\"lazy\" title=\"GIRO S\u00c9P na Est\u00e1cio #11: Serginho do Porto e Carro de Som no Ensaio de Rua para o #carnaval2020\" width=\"525\" height=\"295\" src=\"https:\/\/www.youtube.com\/embed\/TMWVT52NvoE?feature=oembed\" frameborder=\"0\" allow=\"accelerometer; autoplay; clipboard-write; encrypted-media; gyroscope; picture-in-picture; web-share\" referrerpolicy=\"strict-origin-when-cross-origin\" allowfullscreen><\/iframe><\/p>\n<p style=\"text-align: justify;\"><strong>Hmmmm<\/strong><\/p>\n<p style=\"text-align: justify;\">Uma mistura de quest\u00f5es mais t\u00e9cnicas com temas um tanto quanto espinhosos, que desaguam em melodias pouco empolgantes. Enfim, a parte mais dif\u00edcil \u00e9 essa, a de criticar. Porque ningu\u00e9m comp\u00f5e uma m\u00fasica, produz uma obra de arte esperando uma rea\u00e7\u00e3o negativa do p\u00fablico. Mas se a brincadeira \u00e9 fazer uma lista algu\u00e9m vai ficar no topo e algu\u00e9m vai ficar na rabeira. Est\u00e1cio de S\u00e1 e Uni\u00e3o da Ilha ocupam essa inc\u00f4moda posi\u00e7\u00e3o no palpit\u00f4metro oriental.<\/p>\n<p style=\"text-align: justify;\">Evo\u00e9, amigos. E prometo tentar fazer o mesmo com a S\u00e9rie A na pr\u00f3xima respirada.<\/p>\n<p><strong>Imagem: Ouro de Tolo<\/strong><\/p>\n","protected":false},"excerpt":{"rendered":"<p>Os palpites ser\u00e3o r\u00e1pidos porque o tempo \u00e9 curto mas a vontade de dar pitaco e participar dos papos pr\u00e9-carnavalescos \u00e9 enorme. E se mant\u00e9mTour Details<\/p>\n","protected":false},"author":43,"featured_media":48962,"comment_status":"open","ping_status":"open","sticky":false,"template":"","format":"standard","meta":{"footnotes":""},"categories":[910],"tags":[18,1349,19],"class_list":["post-49758","post","type-post","status-publish","format-standard","has-post-thumbnail","hentry","category-carnaval-por-esporte","tag-carnaval","tag-carnaval-2020","tag-escolas-de-samba"],"_links":{"self":[{"href":"https:\/\/www.pedromigao.com.br\/ourodetolo\/wp-json\/wp\/v2\/posts\/49758","targetHints":{"allow":["GET"]}}],"collection":[{"href":"https:\/\/www.pedromigao.com.br\/ourodetolo\/wp-json\/wp\/v2\/posts"}],"about":[{"href":"https:\/\/www.pedromigao.com.br\/ourodetolo\/wp-json\/wp\/v2\/types\/post"}],"author":[{"embeddable":true,"href":"https:\/\/www.pedromigao.com.br\/ourodetolo\/wp-json\/wp\/v2\/users\/43"}],"replies":[{"embeddable":true,"href":"https:\/\/www.pedromigao.com.br\/ourodetolo\/wp-json\/wp\/v2\/comments?post=49758"}],"version-history":[{"count":2,"href":"https:\/\/www.pedromigao.com.br\/ourodetolo\/wp-json\/wp\/v2\/posts\/49758\/revisions"}],"predecessor-version":[{"id":49760,"href":"https:\/\/www.pedromigao.com.br\/ourodetolo\/wp-json\/wp\/v2\/posts\/49758\/revisions\/49760"}],"wp:featuredmedia":[{"embeddable":true,"href":"https:\/\/www.pedromigao.com.br\/ourodetolo\/wp-json\/wp\/v2\/media\/48962"}],"wp:attachment":[{"href":"https:\/\/www.pedromigao.com.br\/ourodetolo\/wp-json\/wp\/v2\/media?parent=49758"}],"wp:term":[{"taxonomy":"category","embeddable":true,"href":"https:\/\/www.pedromigao.com.br\/ourodetolo\/wp-json\/wp\/v2\/categories?post=49758"},{"taxonomy":"post_tag","embeddable":true,"href":"https:\/\/www.pedromigao.com.br\/ourodetolo\/wp-json\/wp\/v2\/tags?post=49758"}],"curies":[{"name":"wp","href":"https:\/\/api.w.org\/{rel}","templated":true}]}}