{"id":49755,"date":"2020-01-09T10:19:17","date_gmt":"2020-01-09T13:19:17","guid":{"rendered":"http:\/\/www.pedromigao.com.br\/ourodetolo\/?p=49755"},"modified":"2020-01-09T10:19:17","modified_gmt":"2020-01-09T13:19:17","slug":"portela-em-desfile-na-quadra","status":"publish","type":"post","link":"https:\/\/www.pedromigao.com.br\/ourodetolo\/2020\/01\/portela-em-desfile-na-quadra\/","title":{"rendered":"Portela em Desfile &#8211; Na Quadra"},"content":{"rendered":"<p style=\"text-align: justify;\">Temos aqui alguns registros que fiz no ensaio de comunidade da Portela na data de ontem, 08 de janeiro. O samba e a bateria encontraram um andamento que me parece bastante adequado \u00e0s necessidades de desfile, ainda mais sendo a \u00faltima agremia\u00e7\u00e3o a desfilar.<\/p>\n<p>Abaixo, os registros:<\/p>\n<p><strong>Bateria:<\/strong><\/p>\n<p><iframe loading=\"lazy\" title=\"Bateria da Portela - 08\/01\/2020\" width=\"525\" height=\"295\" src=\"https:\/\/www.youtube.com\/embed\/gV88Ja5-xs4?feature=oembed\" frameborder=\"0\" allow=\"accelerometer; autoplay; clipboard-write; encrypted-media; gyroscope; picture-in-picture; web-share\" referrerpolicy=\"strict-origin-when-cross-origin\" allowfullscreen><\/iframe><\/p>\n<p><strong>Esquenta com o Hino da Portela (\u00e0 capella) e &#8220;Portela na Avenida:<\/strong><\/p>\n<p><iframe loading=\"lazy\" title=\"Hino da Portela  + Portela na Avenida\" width=\"525\" height=\"295\" src=\"https:\/\/www.youtube.com\/embed\/wYQL8aQikuY?feature=oembed\" frameborder=\"0\" allow=\"accelerometer; autoplay; clipboard-write; encrypted-media; gyroscope; picture-in-picture; web-share\" referrerpolicy=\"strict-origin-when-cross-origin\" allowfullscreen><\/iframe><\/p>\n<p><strong>Samba 2020:<\/strong><\/p>\n<p><iframe loading=\"lazy\" title=\"Samba da Portela 2020 - 08\/01\/2020\" width=\"525\" height=\"295\" src=\"https:\/\/www.youtube.com\/embed\/_gfqmMXnnGo?feature=oembed\" frameborder=\"0\" allow=\"accelerometer; autoplay; clipboard-write; encrypted-media; gyroscope; picture-in-picture; web-share\" referrerpolicy=\"strict-origin-when-cross-origin\" allowfullscreen><\/iframe><\/p>\n<p><strong>Imagem: Ouro de Tolo<\/strong><\/p>\n","protected":false},"excerpt":{"rendered":"<p>Temos aqui alguns registros que fiz no ensaio de comunidade da Portela na data de ontem, 08 de janeiro. O samba e a bateria encontraramTour Details<\/p>\n","protected":false},"author":2,"featured_media":49756,"comment_status":"open","ping_status":"open","sticky":false,"template":"","format":"standard","meta":{"footnotes":""},"categories":[289,815],"tags":[18,1349,12,19,49],"class_list":["post-49755","post","type-post","status-publish","format-standard","has-post-thumbnail","hentry","category-pedro-migao","category-podcast","tag-carnaval","tag-carnaval-2020","tag-cultura","tag-escolas-de-samba","tag-portela"],"_links":{"self":[{"href":"https:\/\/www.pedromigao.com.br\/ourodetolo\/wp-json\/wp\/v2\/posts\/49755","targetHints":{"allow":["GET"]}}],"collection":[{"href":"https:\/\/www.pedromigao.com.br\/ourodetolo\/wp-json\/wp\/v2\/posts"}],"about":[{"href":"https:\/\/www.pedromigao.com.br\/ourodetolo\/wp-json\/wp\/v2\/types\/post"}],"author":[{"embeddable":true,"href":"https:\/\/www.pedromigao.com.br\/ourodetolo\/wp-json\/wp\/v2\/users\/2"}],"replies":[{"embeddable":true,"href":"https:\/\/www.pedromigao.com.br\/ourodetolo\/wp-json\/wp\/v2\/comments?post=49755"}],"version-history":[{"count":1,"href":"https:\/\/www.pedromigao.com.br\/ourodetolo\/wp-json\/wp\/v2\/posts\/49755\/revisions"}],"predecessor-version":[{"id":49757,"href":"https:\/\/www.pedromigao.com.br\/ourodetolo\/wp-json\/wp\/v2\/posts\/49755\/revisions\/49757"}],"wp:featuredmedia":[{"embeddable":true,"href":"https:\/\/www.pedromigao.com.br\/ourodetolo\/wp-json\/wp\/v2\/media\/49756"}],"wp:attachment":[{"href":"https:\/\/www.pedromigao.com.br\/ourodetolo\/wp-json\/wp\/v2\/media?parent=49755"}],"wp:term":[{"taxonomy":"category","embeddable":true,"href":"https:\/\/www.pedromigao.com.br\/ourodetolo\/wp-json\/wp\/v2\/categories?post=49755"},{"taxonomy":"post_tag","embeddable":true,"href":"https:\/\/www.pedromigao.com.br\/ourodetolo\/wp-json\/wp\/v2\/tags?post=49755"}],"curies":[{"name":"wp","href":"https:\/\/api.w.org\/{rel}","templated":true}]}}