{"id":49020,"date":"2019-02-25T08:56:41","date_gmt":"2019-02-25T11:56:41","guid":{"rendered":"http:\/\/www.pedromigao.com.br\/ourodetolo\/?p=49020"},"modified":"2019-02-22T08:59:04","modified_gmt":"2019-02-22T11:59:04","slug":"nao-e-mais-piada","status":"publish","type":"post","link":"https:\/\/www.pedromigao.com.br\/ourodetolo\/2019\/02\/nao-e-mais-piada\/","title":{"rendered":"N\u00e3o \u00e9 mais piada"},"content":{"rendered":"\n<p style=\"text-align: justify;\">Eu sempre fui um cara que recriminei o politicamente correto. Fu criado nos anos 80, tempo de uma grande liberdade principalmente por virmos de uma ditadura militar e fui criado nessa liberdade. Para mim esses novos tempos eram um saco, um mimimi, n\u00e3o curtia esse patrulhamento todo sobre nosso modo de pensar ou agir.<\/p>\n<p style=\"text-align: justify;\">Mas s\u00f3 os idiotas n\u00e3o mudam de opini\u00e3o ou pelo menos tentam entender o outro lado.<\/p>\n<p style=\"text-align: justify;\">Domingo tivemos o grande mico da final da Ta\u00e7a Guanabara. No meio de todo aquele mico o jogador (Quem?) Felipe Bastos fez v\u00eddeo provocando a torcida do Fluminense gritando &#8220;Time de viados&#8221;. Algo normal nas arquibancadas, normal no dia a dia. Mas tem que ser normal?<\/p>\n<p style=\"text-align: justify;\">Eu j\u00e1 xinguei muito em est\u00e1dios, fiz piadas homof\u00f3bicas e at\u00e9 coisas piores que a maioria que j\u00e1 foi a um est\u00e1dio fez, mas os tempos mudaram. Nos anos 80 eram normais piadas com negros como &#8220;O que acontece quando um negro passa com camisa do Flamengo dirigindo um fusca? Nada porque negro n\u00e3o \u00e9 gente, Flamengo n\u00e3o \u00e9 time e fusca n\u00e3o \u00e9 carro&#8221; ou express\u00f5es como &#8220;O negro tem culpa de nada, culpa quem tem \u00e9 quem cortou o rabo dele e ensinou a falar&#8221;. Acreditem piadas como essas eram normais nos anos 80, assim como nos anos 90 tinha uma personagem da Escolinha do professor Raimundo que apanhava do marido e dizia &#8220;Eu gosto&#8221;.<\/p>\n<p style=\"text-align: justify;\">N\u00e3o se tolera mais piadas com negros, n\u00e3o se tolera mais piadas com agress\u00f5es, feminic\u00eddios e o homem branco, heterossexual de classe m\u00e9dia acha isso ruim, mimimi. Claro que acha, ele, eu, n\u00f3s, nunca sentimos na pele o que \u00e9 ser discriminado, o que \u00e9 sentir medo apenas por ser quem \u00e9.<\/p>\n<p style=\"text-align: justify;\">Eu j\u00e1 fiz muito o que o Felipe Bastos fez. Em rede sociais j\u00e1 postei piadas homof\u00f3bicas, mas tentarei n\u00e3o fazer mais, o &#8220;troglodita&#8221; nascido no s\u00e9culo XX tentar\u00e1 mudar sua postura. N\u00e3o tem gra\u00e7a mais fazer piadas com negros, gays e mulheres. N\u00e3o tem gra\u00e7a o racismo escancarado que existe nesse pa\u00eds quando um jovem negro de 19 anos \u00e9 assassinado na frente da m\u00e3e, quando uma mulher \u00e9 agredida durante quatro horas por um cara que conheceu, quando vemos que o Brasil \u00e9 o pa\u00eds onde a homossexualidade \u00e9 permitida que mata mais gays no mundo. Desculpe acabar com sua zoa\u00e7\u00e3o homem branco heterossexual de classe m\u00e9dia, mas n\u00e3o tem mais gra\u00e7a.<\/p>\n<p style=\"text-align: justify;\">Continuo sendo um cara politicamente incorreto e detesto patrulhas at\u00e9 porque sempre com esses patrulheiros vem exageros e hipocrisias, mas temos sim que nos adaptar aos novos tempos. D\u00e1 pra brincar, zoar sem ofender, agredir N\u00e3o \u00e9 mais piada humilhar algu\u00e9m. Piada s\u00f3 tem gra\u00e7a quando todos riem.<br \/>.<br \/>Piada s\u00f3 tem gra\u00e7a quando tem gra\u00e7a.<\/p>\n<p style=\"text-align: justify;\">Twitter &#8211; @aloisiovillar<\/p>\n<p style=\"text-align: justify;\">Facebook &#8211; Aloisio Villar<\/p>\n<p style=\"text-align: justify;\">Instagram &#8211; @aloisiovillar<\/p>\n","protected":false},"excerpt":{"rendered":"<p>Eu sempre fui um cara que recriminei o politicamente correto. Fu criado nos anos 80, tempo de uma grande liberdade principalmente por virmos de umaTour Details<\/p>\n","protected":false},"author":8,"featured_media":49021,"comment_status":"open","ping_status":"open","sticky":false,"template":"","format":"standard","meta":{"footnotes":""},"categories":[8],"tags":[107,692,95],"class_list":["post-49020","post","type-post","status-publish","format-standard","has-post-thumbnail","hentry","category-orun-aye","tag-fluminense","tag-homofobia","tag-vasco"],"_links":{"self":[{"href":"https:\/\/www.pedromigao.com.br\/ourodetolo\/wp-json\/wp\/v2\/posts\/49020","targetHints":{"allow":["GET"]}}],"collection":[{"href":"https:\/\/www.pedromigao.com.br\/ourodetolo\/wp-json\/wp\/v2\/posts"}],"about":[{"href":"https:\/\/www.pedromigao.com.br\/ourodetolo\/wp-json\/wp\/v2\/types\/post"}],"author":[{"embeddable":true,"href":"https:\/\/www.pedromigao.com.br\/ourodetolo\/wp-json\/wp\/v2\/users\/8"}],"replies":[{"embeddable":true,"href":"https:\/\/www.pedromigao.com.br\/ourodetolo\/wp-json\/wp\/v2\/comments?post=49020"}],"version-history":[{"count":1,"href":"https:\/\/www.pedromigao.com.br\/ourodetolo\/wp-json\/wp\/v2\/posts\/49020\/revisions"}],"predecessor-version":[{"id":49022,"href":"https:\/\/www.pedromigao.com.br\/ourodetolo\/wp-json\/wp\/v2\/posts\/49020\/revisions\/49022"}],"wp:featuredmedia":[{"embeddable":true,"href":"https:\/\/www.pedromigao.com.br\/ourodetolo\/wp-json\/wp\/v2\/media\/49021"}],"wp:attachment":[{"href":"https:\/\/www.pedromigao.com.br\/ourodetolo\/wp-json\/wp\/v2\/media?parent=49020"}],"wp:term":[{"taxonomy":"category","embeddable":true,"href":"https:\/\/www.pedromigao.com.br\/ourodetolo\/wp-json\/wp\/v2\/categories?post=49020"},{"taxonomy":"post_tag","embeddable":true,"href":"https:\/\/www.pedromigao.com.br\/ourodetolo\/wp-json\/wp\/v2\/tags?post=49020"}],"curies":[{"name":"wp","href":"https:\/\/api.w.org\/{rel}","templated":true}]}}