{"id":49006,"date":"2019-02-22T08:30:14","date_gmt":"2019-02-22T11:30:14","guid":{"rendered":"http:\/\/www.pedromigao.com.br\/ourodetolo\/?p=49006"},"modified":"2019-02-22T08:51:01","modified_gmt":"2019-02-22T11:51:01","slug":"a-serie-a-virou-acesso-b","status":"publish","type":"post","link":"https:\/\/www.pedromigao.com.br\/ourodetolo\/2019\/02\/a-serie-a-virou-acesso-b\/","title":{"rendered":"A S\u00e9rie A virou Acesso B"},"content":{"rendered":"\n<p style=\"text-align: justify;\"><strong>O ano \u00e9 2009<\/strong>. Catorze escolas de samba disputavam uma vaga no ent\u00e3o Acesso A (que virariam duas, mas esta \u00e9 outra hist\u00f3ria). Quatro carros aleg\u00f3ricos, 53 minutos de tempo. Ter\u00e7a feira Gorda, Marqu\u00eas de Sapuca\u00ed.<\/p>\n<p style=\"text-align: justify;\">Duas escolas endinheiradas dividindo o favoritismo. O restante se virando com os parcos recursos oficiais e muita criatividade. Muita reciclagem de esculturas e fantasias de grupos maiores. Barrac\u00f5es improvisados \u2013 quando h\u00e1.<\/p>\n<p style=\"text-align: justify;\"><strong>O ano \u00e9 2019<\/strong>. Treze escolas de samba disputam uma vaga no Grupo Especial. Quatro carros aleg\u00f3ricos, 55 minutos de tempo. Sexta e s\u00e1bado, Marqu\u00eas de Sapuca\u00ed.<\/p>\n<p style=\"text-align: justify;\">Duas escolas endinheiradas (as mesmas) dividindo o favoritismo. O restante se virando com os parcos recursos oficiais, um ou outro patroc\u00ednio e muita criatividade. Muita reciclagem de esculturas e fantasias do grupo maior. Transmiss\u00e3o pela televis\u00e3o. Barrac\u00f5es (ainda mais) improvisados \u2013 quando h\u00e1.<\/p>\n<p style=\"text-align: justify;\"><img loading=\"lazy\" decoding=\"async\" class=\"aligncenter\" src=\"http:\/\/www.pedromigao.com.br\/ourodetolo\/wp-content\/uploads\/2019\/02\/20180209_225941.jpg\" alt=\"\" width=\"700\" height=\"525\" \/>Percebam as semelhan\u00e7as. A S\u00e9rie A hoje n\u00e3o passa de um Acesso B dez anos atr\u00e1s com transmiss\u00e3o televisiva e um pouco mais de dinheiro. E menos estrutura.<\/p>\n<p style=\"text-align: justify;\">Voltando um pouco no tempo, em 2012, a hoje S\u00e9rie A (ent\u00e3o chamada preliminarmente de S\u00e9rie Ouro) foi criada visando aproximar as escolas do ent\u00e3o Acesso B do Acesso A, entre outros objetivos mais prementes. Entretanto, o que observamos hoje \u00e9 algo um pouco diferente: o grupo virou um Acesso B com um pouquinho mais de dinheiro \u2013 mas n\u00e3o muito.<\/p>\n<p style=\"text-align: justify;\">Em 2009, uma escola do ent\u00e3o Acesso B tinha R$ 150 mil de subven\u00e7\u00e3o oficial \u2013 o que, corrigido pelo IPCA, significa R$ 263 mil em valores atualizados. Mais algum valor de venda de ingressos (unicamente frisas, arquibancadas eram gratuitas), apoios espor\u00e1dicos e se chegava a, em valores atuais, algo em torno de R$ 350 mil para cada agremia\u00e7\u00e3o.<\/p>\n<p style=\"text-align: justify;\">Para 2019, a S\u00e9rie A ter\u00e1 R$ 250 mil de subven\u00e7\u00e3o, que ainda n\u00e3o foram pagos a menos de dez dias do desfile \u2013 e este valor s\u00f3 pode ser utilizado em materiais. Al\u00e9m disso, at\u00e9 hoje o contrato das escolas da Lierj com a Prefeitura ainda n\u00e3o foi assinado.<\/p>\n<p style=\"text-align: justify;\">Notem os leitores que, em termos reais, a subven\u00e7\u00e3o da S\u00e9rie A em 2019 \u00e9 menor cerca de 5% que o Acesso B dez anos atr\u00e1s.<\/p>\n<p style=\"text-align: justify;\"><img loading=\"lazy\" decoding=\"async\" class=\"aligncenter\" src=\"http:\/\/www.pedromigao.com.br\/ourodetolo\/wp-content\/uploads\/2019\/02\/Imagem-262.jpg\" alt=\"\" width=\"700\" height=\"525\" \/>A diferen\u00e7a \u00e9 que entre verba de TV e venda de ingressos, a S\u00e9rie A tem algo entre 300 a 400 mil para cada escola (os valores divergem). Por outro lado, hoje estas agremia\u00e7\u00f5es tem menos alas comerciais e, com isso, uma despesa maior l\u00edquida em confec\u00e7\u00e3o de fantasias \u2013 porque no antigo Acesso B as alas comerciais, em sua maioria, eram da pr\u00f3pria escola e havia alguma receita de venda.<\/p>\n<p style=\"text-align: justify;\">Vale lembrar que o d\u00f3lar tamb\u00e9m teve uma expressiva alta de l\u00e1 para c\u00e1, de 62% &#8211; e a maior parte dos materiais \u00e9 cotada nesta moeda.<\/p>\n<p style=\"text-align: justify;\">Isso, para preparar quatro carros aleg\u00f3ricos, vestir entre 1.500 e 2.000 componentes e todas as demais despesas pertinentes \u00e0 prepara\u00e7\u00e3o do desfile. Com raras exce\u00e7\u00f5es, s\u00e3o agremia\u00e7\u00f5es que t\u00eam disputas de samba e ensaios deficit\u00e1rios, ou seja: as possibilidades de receita sob este prisma s\u00e3o limitadas.<\/p>\n<p style=\"text-align: justify;\"><img loading=\"lazy\" decoding=\"async\" class=\"aligncenter\" src=\"http:\/\/www.pedromigao.com.br\/ourodetolo\/wp-content\/uploads\/2018\/02\/20180210_033621.jpg\" alt=\"\" width=\"700\" height=\"525\" \/>Al\u00e9m disso, em 2009 as escolas, embora ocupassem espa\u00e7os prec\u00e1rios, tinham barrac\u00f5es dispon\u00edveis o ano inteiro. Eu me lembro que em 2009 era Diretor de Planejamento do Boi da Ilha (que pertencia a este grupo) e o nosso barrac\u00e3o era num galp\u00e3o semiabandonado na Avenida Brasil, no Caju \u2013 que divid\u00edamos com o Imp\u00e9rio da Tijuca.<\/p>\n<p style=\"text-align: justify;\">Para este ano, escolas como a Santa Cruz e a Alegria da Zona Sul somente em meados de janeiro puderam come\u00e7ar a preparar o carnaval, e ainda assim (inacreditavelmente) em espa\u00e7os ainda mais prec\u00e1rios e sem estrutura em rela\u00e7\u00e3o ao que ocup\u00e1vamos ou ao tristemente famoso \u201cCarandiru\u201d.<\/p>\n<p style=\"text-align: justify;\">Especificamente a Santa Cruz at\u00e9 o meio de janeiro estava com seus carros de 2018 intactos em seu antigo barrac\u00e3o, lacrado por determina\u00e7\u00e3o judicial. Somente por volta do dia 15 a escola conseguiu permiss\u00e3o para retirar seus carros e ocupar um espa\u00e7o m\u00ednimo adjacente \u00e0 Inocentes de Belford Roxo.<\/p>\n<p style=\"text-align: justify;\"><img loading=\"lazy\" decoding=\"async\" class=\"aligncenter\" src=\"http:\/\/www.pedromigao.com.br\/ourodetolo\/wp-content\/uploads\/2019\/02\/Imagem-433.jpg\" alt=\"\" width=\"700\" height=\"525\" \/>Junte-se a falta de dinheiro, condi\u00e7\u00f5es prec\u00e1rias ou quase inexistentes de barrac\u00f5es e repasses tardios de valores \u2013 especialmente a subven\u00e7\u00e3o \u2013 e temos um festival de esculturas e fantasias recicladas.<\/p>\n<p style=\"text-align: justify;\">No antigo Acesso B as fantasias eram, na medida do poss\u00edvel, in\u00e9ditas. Mesmo as reaproveitadas de outros desfiles eram mexidas e adaptadas de forma a se encaixarem no enredo. Na atual S\u00e9rie A, sabe-se de casos de alas inteiras do Especial compradas e que ir\u00e3o para a avenida exatamente iguais ao original, ainda que em enredos diferentes.<\/p>\n<p style=\"text-align: justify;\">A reciclagem de esculturas \u00e9 algo que j\u00e1 se tornou algo tradicional nestes grupos. Um bom exemplo \u00e9 a \u00e1guia de 2008 da Portela, que perdeu o neon original e foi repintada para desfilar pela Lins Imperial naquela oportunidade (abaixo).<\/p>\n<p style=\"text-align: justify;\"><img loading=\"lazy\" decoding=\"async\" class=\"aligncenter\" src=\"http:\/\/www.pedromigao.com.br\/ourodetolo\/wp-content\/uploads\/2019\/02\/Imagem-302.jpg\" alt=\"\" width=\"700\" height=\"525\" \/>Entretanto, de anos para c\u00e1 em alguns casos sequer o trabalho de adapta\u00e7\u00e3o de esculturas \u00e9 feito. Falta dinheiro, falta material humano, falta estrutura. Em alguns casos, falta gest\u00e3o tamb\u00e9m \u2013 mas isso \u00e9 assunto para o p\u00f3s-carnaval.<\/p>\n<p style=\"text-align: justify;\">At\u00e9 mesmo as duas endinheiradas s\u00e3o as mesmas. Se em 2009 Unidos de Padre Miguel e Acad\u00eamicos do Cubango pareciam um outro grupo, dada a diferen\u00e7a financeira delas para as outras, para 2019 as duas escolas novamente encabe\u00e7am as bolsas de apostas por estarem demonstrando maior poder financeiro. Acessoriamente, o fato de dividirem os seus barrac\u00f5es em terrenos cont\u00edguos e regularizados tamb\u00e9m ajuda \u2013 h\u00e1 vantagem tamb\u00e9m em termos de estrutura.<\/p>\n<p style=\"text-align: justify;\">Aqui temos uma pequena diferen\u00e7a: se em 2009 escolas como Boi da Ilha, Uni\u00e3o do Parque Curicica, Arranco e Alegria da Zona Sul tentavam compensar a diferen\u00e7a financeira com criatividade, para 2019 agremia\u00e7\u00f5es como Est\u00e1cio de S\u00e1, Porto da Pedra e Imp\u00e9rio da Tijuca est\u00e3o menos distantes das duas favoritas citadas anteriormente. At\u00e9 pela possibilidade de patroc\u00ednios trazida pela transmiss\u00e3o televisiva, casos de Est\u00e1cio e Imp\u00e9rio da Tijuca.<\/p>\n<p style=\"text-align: justify;\"><img loading=\"lazy\" decoding=\"async\" class=\"aligncenter\" src=\"http:\/\/www.pedromigao.com.br\/ourodetolo\/wp-content\/uploads\/2018\/02\/20180209_225210.jpg\" alt=\"\" width=\"700\" height=\"525\" \/>Mas uma diferen\u00e7a \u00e9 certa: <a href=\"http:\/\/www.pedromigao.com.br\/ourodetolo\/2011\/07\/samba-de-terca-afoxe\/\" target=\"_blank\" rel=\"noopener noreferrer\">ao contr\u00e1rio do, digamos, intrigante empate de 2009<\/a>, desta vez teremos apenas uma campe\u00e3 \u2013 e, consequentemente, apenas uma escola promovida ao Especial. O \u201cAcesso B\u201d de 2019 n\u00e3o ser\u00e1 igual sob este aspecto.<\/p>\n<p style=\"text-align: justify;\">Concluindo, pode-se dizer que o efeito da fus\u00e3o ocorrida em 2012 acabou sendo o oposto do imaginado: a S\u00e9rie A se transformou em algo muito pr\u00f3ximo ao antigo Acesso B, <a href=\"http:\/\/www.pedromigao.com.br\/ourodetolo\/2018\/06\/o-dilema-da-serie-a\/\" target=\"_blank\" rel=\"noopener noreferrer\">s\u00f3 refor\u00e7ando o dilema que este grupo vive e que abordei anteriormente.<\/a><\/p>\n<p style=\"text-align: justify;\"><em>P.S. \u2013 As imagens deste post misturam o Acesso B de 2009 com a S\u00e9rie A do ano passado. Percebam os leitores que a diferen\u00e7a maior \u00e9 na qualidade das imagens&#8230;<\/em><\/p>\n<p style=\"text-align: justify;\"><strong>Imagens: Arquivo Ouro de Tolo<\/strong><\/p>\n","protected":false},"excerpt":{"rendered":"<p>O ano \u00e9 2009. Catorze escolas de samba disputavam uma vaga no ent\u00e3o Acesso A (que virariam duas, mas esta \u00e9 outra hist\u00f3ria). Quatro carrosTour Details<\/p>\n","protected":false},"author":2,"featured_media":49007,"comment_status":"open","ping_status":"open","sticky":false,"template":"","format":"standard","meta":{"footnotes":""},"categories":[289],"tags":[18,1320,12,19],"class_list":["post-49006","post","type-post","status-publish","format-standard","has-post-thumbnail","hentry","category-pedro-migao","tag-carnaval","tag-carnaval-2019","tag-cultura","tag-escolas-de-samba"],"_links":{"self":[{"href":"https:\/\/www.pedromigao.com.br\/ourodetolo\/wp-json\/wp\/v2\/posts\/49006","targetHints":{"allow":["GET"]}}],"collection":[{"href":"https:\/\/www.pedromigao.com.br\/ourodetolo\/wp-json\/wp\/v2\/posts"}],"about":[{"href":"https:\/\/www.pedromigao.com.br\/ourodetolo\/wp-json\/wp\/v2\/types\/post"}],"author":[{"embeddable":true,"href":"https:\/\/www.pedromigao.com.br\/ourodetolo\/wp-json\/wp\/v2\/users\/2"}],"replies":[{"embeddable":true,"href":"https:\/\/www.pedromigao.com.br\/ourodetolo\/wp-json\/wp\/v2\/comments?post=49006"}],"version-history":[{"count":3,"href":"https:\/\/www.pedromigao.com.br\/ourodetolo\/wp-json\/wp\/v2\/posts\/49006\/revisions"}],"predecessor-version":[{"id":49019,"href":"https:\/\/www.pedromigao.com.br\/ourodetolo\/wp-json\/wp\/v2\/posts\/49006\/revisions\/49019"}],"wp:featuredmedia":[{"embeddable":true,"href":"https:\/\/www.pedromigao.com.br\/ourodetolo\/wp-json\/wp\/v2\/media\/49007"}],"wp:attachment":[{"href":"https:\/\/www.pedromigao.com.br\/ourodetolo\/wp-json\/wp\/v2\/media?parent=49006"}],"wp:term":[{"taxonomy":"category","embeddable":true,"href":"https:\/\/www.pedromigao.com.br\/ourodetolo\/wp-json\/wp\/v2\/categories?post=49006"},{"taxonomy":"post_tag","embeddable":true,"href":"https:\/\/www.pedromigao.com.br\/ourodetolo\/wp-json\/wp\/v2\/tags?post=49006"}],"curies":[{"name":"wp","href":"https:\/\/api.w.org\/{rel}","templated":true}]}}