{"id":48971,"date":"2019-02-20T07:19:18","date_gmt":"2019-02-20T10:19:18","guid":{"rendered":"http:\/\/www.pedromigao.com.br\/ourodetolo\/?p=48971"},"modified":"2019-02-20T12:41:14","modified_gmt":"2019-02-20T15:41:14","slug":"clara-em-desfile","status":"publish","type":"post","link":"https:\/\/www.pedromigao.com.br\/ourodetolo\/2019\/02\/clara-em-desfile\/","title":{"rendered":"Clara em Desfile"},"content":{"rendered":"\n<p style=\"text-align: justify;\">O enredo da Portela para 2019 era um desejo antigo dos portelenses, chegando a ganhar o ep\u00edteto de &#8220;lenda urbana&#8221; porque era sempre pedido e nunca feito. Entretanto, Clara Nunes j\u00e1 foi enredo em outros desfiles de escolas de samba, inclusive em S\u00e3o Paulo.<\/p>\n<p style=\"text-align: justify;\">Neste artigo, iremos relembrar enredos e desfiles que tiveram Clara Nunes como tema ou ent\u00e3o fio condutor para outro enredo. N\u00e3o farei aqui um apanhado de sambas enredo onde ela tenha sido citada, porque a\u00ed seria uma pesquisa quase inesgot\u00e1vel &#8211; especialmente em concorrentes da Portela, ano ap\u00f3s ano.<\/p>\n<p><iframe loading=\"lazy\" title=\"Portela 1983 - A Ressurreicao das Coroas.wmv\" width=\"525\" height=\"394\" src=\"https:\/\/www.youtube.com\/embed\/A0MjkGC5PAk?feature=oembed\" frameborder=\"0\" allow=\"accelerometer; autoplay; clipboard-write; encrypted-media; gyroscope; picture-in-picture; web-share\" referrerpolicy=\"strict-origin-when-cross-origin\" allowfullscreen><\/iframe><\/p>\n<p style=\"text-align: justify;\"><strong>1983 &#8211; O \u00daltimo Desfile<\/strong><\/p>\n<p style=\"text-align: justify;\">Iniciamos com o \u00faltimo desfile de Clara Nunes pela Portela. 1983, &#8220;Reisado, Reino, Reinado&#8221;, como ficou conhecido o enredo que tinha como nome oficial &#8220;A Ressurrei\u00e7\u00e3o das Coroas&#8221;.<\/p>\n<p style=\"text-align: justify;\">Clara Nunes desfilou no ch\u00e3o, junto \u00e0 escola, mas cantou &#8220;Portela na Avenida&#8221; no esquenta. A Portela foi a vice campe\u00e3, <a href=\"http:\/\/www.pedromigao.com.br\/ourodetolo\/2017\/03\/1983-constelacao-de-estrelas-negras-supera-mae-baiana-e-indios-do-xingu\/\" target=\"_blank\" rel=\"noopener\">em um resultado onde pairam fortes suspeitas de irregularidades &#8211; o famoso &#8220;Caso Messias Neiva&#8221;<\/a>.<\/p>\n<p style=\"text-align: justify;\">Clara faleceria em 2 de abril daquele ano.<\/p>\n<p><iframe loading=\"lazy\" title=\"Portela 1984 - Contos de Areia.mpg\" width=\"525\" height=\"394\" src=\"https:\/\/www.youtube.com\/embed\/Uy_GJ3wh61Q?feature=oembed\" frameborder=\"0\" allow=\"accelerometer; autoplay; clipboard-write; encrypted-media; gyroscope; picture-in-picture; web-share\" referrerpolicy=\"strict-origin-when-cross-origin\" allowfullscreen><\/iframe><\/p>\n<p style=\"text-align: justify;\"><strong>1984 &#8211; L\u00e1 Vem Trovoada!<\/strong><\/p>\n<p style=\"text-align: justify;\">No ano seguinte a Portela homenageou Paulo da Portela, Natal e Clara Nunes atrav\u00e9s de uma f\u00e1bula onde, respectivamente, os tr\u00eas \u00edcones da hist\u00f3ria portelense eram associados a Oranian, Ox\u00f3ssi e Ians\u00e3.<\/p>\n<p style=\"text-align: justify;\"><a href=\"http:\/\/www.pedromigao.com.br\/ourodetolo\/2016\/01\/1984-escolas-ganham-novo-palco-mangueira-e-portela-brilham\/\" target=\"_blank\" rel=\"noopener\">Sexta escola no desfile de domingo<\/a>, a Portela passou gigante, em enredo que passava pela Bahia e que trazia duas \u00c1guias: no abre alas, apenas a cabe\u00e7a emergindo do mar. Ao final, a tradicional, imponente, asas abertas. No supercampeonato do S\u00e1bado das Campe\u00e3s, a ordem foi invertida: a \u00e1guia de asas abertas veio abrindo o desfile e a outra, fechando.<\/p>\n<p style=\"text-align: justify;\">No \u00fanico ano onde cada dia de desfile teve sua campe\u00e3, a Portela conquistou o t\u00edtulo de domingo, sendo segunda colocada no Supercampeonato.\u00a0<\/p>\n<p style=\"text-align: justify;\">No evento do MAR, que contei semana passada, o bi\u00f3grafo de Clara Nunes V\u00e1gner Fernandes disse que o fato de Clara Nunes ter sido escolhida ao lado de Natal e Paulo da Portela como enredo d\u00e1 a mostra da for\u00e7a que o s\u00edmbolo dela representa \u00e0 Portela.<\/p>\n<p style=\"text-align: justify;\">Em 2004 a Tradi\u00e7\u00e3o reeditaria esse samba, com direito \u00e0 Alcione cantando o samba no CD como homenagem \u00e0 Clara. Na avenida, o samba foi puxado pelo compositor Louren\u00e7o e pelo int\u00e9rprete Wander Timbalada. A Tradi\u00e7\u00e3o foi 12a colocada.<\/p>\n<p style=\"text-align: justify;\">A express\u00e3o &#8220;l\u00e1 vem trovoada&#8221;, que vem sendo utilizada tanto pelo puxador Gilsinho em seu grito de guerra quanto pelo pr\u00f3prio marketing da Portela, \u00e9 um verso deste samba de 1984.<\/p>\n<p><iframe loading=\"lazy\" title=\"MOCIDADE ALEGRE 2005\" width=\"525\" height=\"295\" src=\"https:\/\/www.youtube.com\/embed\/hfpEIesA8B4?feature=oembed\" frameborder=\"0\" allow=\"accelerometer; autoplay; clipboard-write; encrypted-media; gyroscope; picture-in-picture; web-share\" referrerpolicy=\"strict-origin-when-cross-origin\" allowfullscreen><\/iframe><\/p>\n<p style=\"text-align: justify;\"><strong>2005 &#8211; S\u00e3o Paulo em busca do Bicampeonato<\/strong><\/p>\n<p style=\"text-align: justify;\">Em 2005, a Mocidade Alegre, que havia no ano anterior quebrado um jejum de 24 anos sem ser campe\u00e3 do carnaval de S\u00e3o Paulo, veio com enredo homenageando Clara Nunes.<\/p>\n<p style=\"text-align: justify;\">O carnavalesco Zilkson Reis optou por uma abordagem onde a obra de Clara Nunes serviu como pano de fundo para uma grande viagem pelo Brasil. A ponto da bateria durante o desfile formar a bandeira nacional antes de entrar no recuo.<\/p>\n<p style=\"text-align: justify;\">Com alegorias e fantasias apenas medianas e um enredo que ignorava a rela\u00e7\u00e3o de Clara com a Portela (que se limitou a uma ala), a agremia\u00e7\u00e3o ficou na terceira coloca\u00e7\u00e3o.<\/p>\n<p><iframe loading=\"lazy\" title=\"Desfile Completo Carnaval 2012 - Para\u00edso do Tuiuti\" width=\"525\" height=\"295\" src=\"https:\/\/www.youtube.com\/embed\/xESojTXyaio?feature=oembed\" frameborder=\"0\" allow=\"accelerometer; autoplay; clipboard-write; encrypted-media; gyroscope; picture-in-picture; web-share\" referrerpolicy=\"strict-origin-when-cross-origin\" allowfullscreen><\/iframe><\/p>\n<p style=\"text-align: justify;\"><strong>2012 &#8211; De S\u00e3o Crist\u00f3v\u00e3o a Madureira<\/strong><\/p>\n<p style=\"text-align: justify;\">Em 2012 o Para\u00edso do Tuiuti tamb\u00e9m homenageou Clara Nunes em seu enredo, retornando ao ent\u00e3o Acesso A ap\u00f3s vencer o Acesso B no ano anterior. O enredo manteve um meio termo entre abordar a obra da cantora e mostrar um pouco de sua biografia.\u00a0<\/p>\n<p style=\"text-align: justify;\">\u00c9 uma abordagem semelhante \u00e0 que far\u00e1 a Portela este 2019, conforme explicado em artigo anterior. Notem os leitores que nenhum dos enredos que homenagearam Clara Nunes se limitaram \u00e0 hagiografia estrita da vida da cantora.<\/p>\n<p style=\"text-align: justify;\">O Tuiuti trouxe em seu pen\u00faltimo carro uma \u00e1guia (alto do post), no carro dedicado \u00e0 Portela. Em uma apura\u00e7\u00e3o muito tumultuada, onde a Inocentes de Belford Roxo acabou 1.3 ponto \u00e0 frente da segunda colocada, o Tuiuti acabou na \u00faltima coloca\u00e7\u00e3o, mas n\u00e3o seria rebaixado.<\/p>\n<p><iframe loading=\"lazy\" title=\"Desfile Completo Carnaval 2012 (COM narra\u00e7\u00e3o) - Portela\" width=\"525\" height=\"295\" src=\"https:\/\/www.youtube.com\/embed\/TlM-S0L9kME?feature=oembed\" frameborder=\"0\" allow=\"accelerometer; autoplay; clipboard-write; encrypted-media; gyroscope; picture-in-picture; web-share\" referrerpolicy=\"strict-origin-when-cross-origin\" allowfullscreen><\/iframe><\/p>\n<p style=\"text-align: justify;\"><strong>2012 &#8211; Clara leva a Portela \u00e0 Bahia<\/strong><\/p>\n<p style=\"text-align: justify;\"><a href=\"http:\/\/www.pedromigao.com.br\/ourodetolo\/2016\/02\/2012-unidos-da-tijuca-comemora-a-coroacao-do-rei-do-sertao\/\" target=\"_blank\" rel=\"noopener\">Em 2012, a Portela, ap\u00f3s muito tergiversar e vindo do pior momento de sua hist\u00f3ria<\/a>, resolveu levar \u00e0 avenida enredo sobre as festas da Bahia. Clara Nunes levava a Portela \u00e0 Bahia e conduzia a \u00c1guia em um passeio por todas as festividades baianas.<\/p>\n<p style=\"text-align: justify;\">Este ano marca o in\u00edcio do processo de renascimento que a Portela viveria, especialmente a partir de 2014. O movimento realizado para pegar no colo o antol\u00f3gico samba e lev\u00e1-lo \u00e0 vit\u00f3ria (pois ele n\u00e3o venceria se dependesse do ent\u00e3o presidente) seria o embri\u00e3o do que ocorreria dois anos e meio depois, nas elei\u00e7\u00f5es.<\/p>\n<p style=\"text-align: justify;\">O \u00faltimo carro, sobre as festas portelenses, trazia a cantora Vanessa da Mata representando Clara Nunes. Bem como uma r\u00e9plica da \u00c1guia trazida no abre alas de 1984.<\/p>\n<p style=\"text-align: justify;\">A Portela obteve a sexta coloca\u00e7\u00e3o, voltando ao Desfile das Campe\u00e3s pela primeira vez desde 2009.<\/p>\n<p><iframe loading=\"lazy\" title=\"Carnaval 2017: Acad\u00eamicos do Cubango In\u00edcio de Desfile\" width=\"525\" height=\"295\" src=\"https:\/\/www.youtube.com\/embed\/R1xd-T79QnU?feature=oembed\" frameborder=\"0\" allow=\"accelerometer; autoplay; clipboard-write; encrypted-media; gyroscope; picture-in-picture; web-share\" referrerpolicy=\"strict-origin-when-cross-origin\" allowfullscreen><\/iframe><\/p>\n<p style=\"text-align: justify;\"><strong>2017 &#8211; Cai, cai no samba cai<\/strong><\/p>\n<p style=\"text-align: justify;\">O enredo da Acad\u00eamicos do Cubango que homenageava o grande Jo\u00e3o Nogueira trazia Clara Nunes em dois momentos: o primeiro no esquenta da escola, que foi com o samba &#8220;Mineira&#8221;, homenagem de Jo\u00e3o Nogueira (1975) \u00e0 cantora.<\/p>\n<p style=\"text-align: justify;\">A segunda foi na ala das Baianas, que vinha representando Clara Nunes e, novamente, o samba &#8220;Mineira&#8221;. Em um ano de dificuldades financeiras (a escola havia perdido o patrono), a Cubango obteve o oitavo lugar.<\/p>\n<p><iframe loading=\"lazy\" title=\"NEN\u00ca DE VILA MATILDE - Ensaio T\u00e9cnico - Carnaval SP 2019 - 08\/02\/2019\" width=\"525\" height=\"295\" src=\"https:\/\/www.youtube.com\/embed\/ayR3PXlX3O4?feature=oembed\" frameborder=\"0\" allow=\"accelerometer; autoplay; clipboard-write; encrypted-media; gyroscope; picture-in-picture; web-share\" referrerpolicy=\"strict-origin-when-cross-origin\" allowfullscreen><\/iframe><\/p>\n<p style=\"text-align: justify;\"><strong>2019 &#8211; Corri pra ver, pra ver quem era&#8230;<\/strong><\/p>\n<p style=\"text-align: justify;\">Neste ano de 2019, al\u00e9m do enredo da Portela, a Nen\u00ea de Vila Matilde (minha escola em S\u00e3o Paulo, a prop\u00f3sito) vir\u00e1 com enredo homenageando a Portela. E, como n\u00e3o poderia deixar de ser, Clara Nunes \u00e9 parte tanto do enredo como do samba.<\/p>\n<p style=\"text-align: justify;\">Finalizando, Clara Nunes \u00e9 parte indissoci\u00e1vel do universo das escolas de samba. Sua partida prematura tornou-a um mito, especialmente a n\u00f3s portelenses.<\/p>\n<p style=\"text-align: justify;\">Eu costumo dizer que este enredo da Portela para 2019 significa o reencontro de um filho com sua m\u00e3e, m\u00e3e esta que partiu muito cedo. Por uma (ou, se Deus quiser, duas) noites, o filho ir\u00e1 reencontrar sua m\u00e3e.<\/p>\n<p style=\"text-align: justify;\"><strong>Extra<\/strong>: ap\u00f3s a publica\u00e7\u00e3o deste texto, fui alertado que a escola ga\u00facha Bambas da Orgia, uma das mais tradicionais do carnaval de Porto Alegre, homenageou Clara Nunes em 2009. Com problemas de evolu\u00e7\u00e3o e Harmonia, a escola obteve o quinto lugar. O v\u00eddeo est\u00e1 abaixo.<\/p>\n<p><iframe loading=\"lazy\" title=\"2009 Bambas da Orgia - RBSTV\" width=\"525\" height=\"394\" src=\"https:\/\/www.youtube.com\/embed\/VeRy1DNmUWs?feature=oembed\" frameborder=\"0\" allow=\"accelerometer; autoplay; clipboard-write; encrypted-media; gyroscope; picture-in-picture; web-share\" referrerpolicy=\"strict-origin-when-cross-origin\" allowfullscreen><\/iframe><\/p>\n<p style=\"text-align: justify;\"><strong>Imagem: Arquivo Ouro de Tolo<\/strong><\/p>\n","protected":false},"excerpt":{"rendered":"<p>O enredo da Portela para 2019 era um desejo antigo dos portelenses, chegando a ganhar o ep\u00edteto de &#8220;lenda urbana&#8221; porque era sempre pedido eTour Details<\/p>\n","protected":false},"author":2,"featured_media":48972,"comment_status":"open","ping_status":"open","sticky":false,"template":"","format":"standard","meta":{"footnotes":""},"categories":[289],"tags":[18,1320,12,19],"class_list":["post-48971","post","type-post","status-publish","format-standard","has-post-thumbnail","hentry","category-pedro-migao","tag-carnaval","tag-carnaval-2019","tag-cultura","tag-escolas-de-samba"],"_links":{"self":[{"href":"https:\/\/www.pedromigao.com.br\/ourodetolo\/wp-json\/wp\/v2\/posts\/48971","targetHints":{"allow":["GET"]}}],"collection":[{"href":"https:\/\/www.pedromigao.com.br\/ourodetolo\/wp-json\/wp\/v2\/posts"}],"about":[{"href":"https:\/\/www.pedromigao.com.br\/ourodetolo\/wp-json\/wp\/v2\/types\/post"}],"author":[{"embeddable":true,"href":"https:\/\/www.pedromigao.com.br\/ourodetolo\/wp-json\/wp\/v2\/users\/2"}],"replies":[{"embeddable":true,"href":"https:\/\/www.pedromigao.com.br\/ourodetolo\/wp-json\/wp\/v2\/comments?post=48971"}],"version-history":[{"count":7,"href":"https:\/\/www.pedromigao.com.br\/ourodetolo\/wp-json\/wp\/v2\/posts\/48971\/revisions"}],"predecessor-version":[{"id":49003,"href":"https:\/\/www.pedromigao.com.br\/ourodetolo\/wp-json\/wp\/v2\/posts\/48971\/revisions\/49003"}],"wp:featuredmedia":[{"embeddable":true,"href":"https:\/\/www.pedromigao.com.br\/ourodetolo\/wp-json\/wp\/v2\/media\/48972"}],"wp:attachment":[{"href":"https:\/\/www.pedromigao.com.br\/ourodetolo\/wp-json\/wp\/v2\/media?parent=48971"}],"wp:term":[{"taxonomy":"category","embeddable":true,"href":"https:\/\/www.pedromigao.com.br\/ourodetolo\/wp-json\/wp\/v2\/categories?post=48971"},{"taxonomy":"post_tag","embeddable":true,"href":"https:\/\/www.pedromigao.com.br\/ourodetolo\/wp-json\/wp\/v2\/tags?post=48971"}],"curies":[{"name":"wp","href":"https:\/\/api.w.org\/{rel}","templated":true}]}}