{"id":47503,"date":"2017-12-13T09:04:05","date_gmt":"2017-12-13T11:04:05","guid":{"rendered":"http:\/\/www.pedromigao.com.br\/ourodetolo\/?p=47503"},"modified":"2017-12-13T00:09:41","modified_gmt":"2017-12-13T02:09:41","slug":"rogerio-felix-as-pessoas-se-surpreenderao-mais-uma-vez-com-nossas-alegorias-e-fantasias","status":"publish","type":"post","link":"https:\/\/www.pedromigao.com.br\/ourodetolo\/2017\/12\/rogerio-felix-as-pessoas-se-surpreenderao-mais-uma-vez-com-nossas-alegorias-e-fantasias\/","title":{"rendered":"Rog\u00e9rio Felix: \u201cAs pessoas se surpreender\u00e3o mais uma vez com nossas alegorias e fantasias\u201d"},"content":{"rendered":"<p style=\"text-align: justify;\">O diretor geral de Harmonia e membro da Comiss\u00e3o de Carnaval da Drag\u00f5es da Real \u00e9 o entrevistado dessa semana da s\u00e9rie \u201cOs artistas da Folia\u201d, que nos trar\u00e1 personagens importantes das 14 escolas do Grupo Especial.<\/p>\n<p style=\"text-align: justify;\">Rog\u00e9rio F\u00e9lix, 47 anos, entrou no mundo do samba aos oito anos, com 15 j\u00e1 assumiu departamentos em ala das crian\u00e7as. Pouco depois come\u00e7ou a fazer parte de equipes de Harmonia e vive o carnaval de S\u00e3o Paulo desde os desfiles da Av. Tiradentes.<\/p>\n<p style=\"text-align: justify;\">Seu in\u00edcio como Harmonia foi na Leandro de Itaquera, passou por Mocidade Alegre e Tom Maior. Logo no seu ano de estreia na Drag\u00f5es, foi campe\u00e3o do Grupo de Acesso, para onde a agremia\u00e7\u00e3o nunca mais passou perto de voltar.<\/p>\n<p style=\"text-align: justify;\">H\u00e1 oito anos ele est\u00e1 na escola de Vila Anast\u00e1cio, atual vice-campe\u00e3 do Grupo Especial, que em 2018 levar\u00e1 para o Anhembi o enredo \u201cMinha m\u00fasica, minha raiz. Abram a porteira para essa gente caipira e feliz\u201d e ser\u00e1 a sexta escola do s\u00e1bado, 10 de fevereiro.<\/p>\n<p style=\"text-align: justify;\">Confira a entrevista:<\/p>\n<p style=\"text-align: justify;\"><strong>Ouro de Tolo: Como funciona a fun\u00e7\u00e3o de um diretor de harmonia? O que \u00e9 essencial para ter sucesso nessa \u00e1rea?<\/strong><br \/>\nRog\u00e9rio Felix: Cada escola tem a sua peculiaridade, um estilo de toque de caixa na bateria e ritmo, hoje em dia cada uma tem seu estilo de harmonia tamb\u00e9m. Hoje eu digo que meu jeito de conduzir \u00e9 muito semelhante ao da Drag\u00f5es, para mim a grande magia \u00e9 fazer o componente ter a seguran\u00e7a de que faremos um grande desfile, de que ele pode se divertir e saber que tem um parceiro do lado garantindo um grande trabalho.\u00a0O principal para mim \u00e9 ser apaixonado pela escola, assim como eu sou pela Drag\u00f5es, estudar Carnaval sempre, e ter no cora\u00e7\u00e3o a vontade de fazer cada dia mais nossa escola ser um lugar de gente feliz.<\/p>\n<p style=\"text-align: justify;\"><strong>OT: No desfile deste ano, vimos na concentra\u00e7\u00e3o que o canto da escola estava irregular, mas que na pista fluiu, isso \u00e9 proposital? Como a escola trabalha com seus componentes que moram fora de S\u00e3o Paulo?<\/strong><br \/>\nRog\u00e9rio Felix: N\u00f3s temos ensaios setorizados de ala ou por regi\u00e3o, ensaiando a ala sozinha ou a alas do setor juntas. Como voc\u00ea viu na concentra\u00e7\u00e3o n\u00f3s temos uma t\u00e9cnica para disparar o canto somente na pista, para que o componente n\u00e3o gaste energia antes da hora e n\u00e3o deixe de cantar no final. Sabemos como extrair o melhor de cada uma de nossas alas.<\/p>\n<p style=\"text-align: justify;\"><strong>OT: Para 2018, a escola liberou o carnavalesco Jorge Silveira, um craque no desenho, para a S\u00e3o Clemente e optou por n\u00e3o trazer ningu\u00e9m para o seu lugar. Como ficou estruturada a Comiss\u00e3o?<\/strong><br \/>\nRog\u00e9rio Felix: Tivemos recentemente a not\u00edcia que o Jorge renovou com a S\u00e3o Clemente para 2019, \u00e9 o \u00fanico carnavalesco garantido para daqui dois anos, isso mostra a qualidade deste profissional. Mas aqui na Drag\u00f5es da Real nos sempre trabalhamos em equipe e a comiss\u00e3o de Carnaval composta por Dione Leite, M\u00e1rcio Gon\u00e7alves, e por mim, concebeu todos os desenhos de fantasias e alegorias, foi um trabalho feito a 6 m\u00e3os e Gra\u00e7as a Deus j\u00e1 deu muito certo e estamos muitos felizes com o resultado.<\/p>\n<p style=\"text-align: justify;\"><strong><img loading=\"lazy\" decoding=\"async\" class=\"size-medium wp-image-47505 alignleft\" src=\"http:\/\/www.pedromigao.com.br\/ourodetolo\/wp-content\/uploads\/2017\/12\/Rogerio-Felix-200x300.jpeg\" alt=\"\" width=\"200\" height=\"300\" srcset=\"https:\/\/www.pedromigao.com.br\/ourodetolo\/wp-content\/uploads\/2017\/12\/Rogerio-Felix-200x300.jpeg 200w, https:\/\/www.pedromigao.com.br\/ourodetolo\/wp-content\/uploads\/2017\/12\/Rogerio-Felix-768x1152.jpeg 768w, https:\/\/www.pedromigao.com.br\/ourodetolo\/wp-content\/uploads\/2017\/12\/Rogerio-Felix-227x340.jpeg 227w, https:\/\/www.pedromigao.com.br\/ourodetolo\/wp-content\/uploads\/2017\/12\/Rogerio-Felix.jpeg 853w\" sizes=\"auto, (max-width: 200px) 100vw, 200px\" \/>OT: A Drag\u00f5es da Real em 2017 trouxe a S\u00e3o Paulo um estilo consagrado no Rio de Janeiro, lateralizando e fazendo coreografias nas cinco alegorias, esta ser\u00e1 uma identidade da escola daqui por diante?<\/strong><br \/>\nRog\u00e9rio Felix: Algumas coirm\u00e3s tamb\u00e9m desenvolveram este modelo, mas concordo que ao fazer isso em todos os carros fomos um pouco mais \u201cmalucos\u201d. N\u00f3s nunca entraremos na zona de conforto e se acomodar em um estilo, at\u00e9 porque deixa de ser novidade. N\u00f3s sempre vamos inovar, este ano todos acharam que trar\u00edamos algo j\u00e1 batido sobre o nordeste e n\u00e3o foi o que aconteceu. Em 2018 o p\u00fablico vai se surpreender novamente com o que faremos sobre as Alegorias.<\/p>\n<p style=\"text-align: justify;\"><strong>OT: Outros dois pontos que chamam a aten\u00e7\u00e3o para o pr\u00f3ximo carnaval s\u00e3o as fantasias, que desta vez teremos algumas com plumas e a Comiss\u00e3o de Frente, onde a nova core\u00f3grafa, Roberta Melo, chegou na escola com liberdade de cria\u00e7\u00e3o. O que dizer destes dois quesitos?<\/strong><br \/>\nRog\u00e9rio Felix: Sim, no ano passado optamos pela n\u00e3o utiliza\u00e7\u00e3o das plumas por conta do enredo, que nos trazia a cultura nordestina. Agora o tema j\u00e1 pede algumas pe\u00e7as com plumas, ent\u00e3o teremos uma mescla e nossos prot\u00f3tipos agradaram muito. Quanto a Roberta, que \u00e9 uma profissional espetacular, podem esperar um show na Comiss\u00e3o de Frente, ela est\u00e1 preparando algo lindo que certamente ir\u00e1 nos emocionar.<\/p>\n<p style=\"text-align: justify;\"><strong>OT: Para terminar, nos conte sobre as atividades da Drag\u00f5es da Real, que atrav\u00e9s de seus eventos vem criando um modelo sustent\u00e1vel e de fideliza\u00e7\u00e3o da sua comunidade.<\/strong><br \/>\nRog\u00e9rio Felix: Na verdade o principal intuito das nossas feijoadas e de todos os eventos \u00e9 prestar um servi\u00e7o e possibilitar o lazer a nossa comunidade, \u00e9 para eles e por eles; tanto que os lucros n\u00e3o nos mostram n\u00fameros exorbitantes. Tamb\u00e9m s\u00e3o uma \u00f3tima oportunidade para trazer um p\u00fablico novo no carnaval, pessoas que querem descobrir como desfilar, como \u00e9 um ensaio e o universo de uma escola de samba, n\u00f3s sempre estamos \u00e0 disposi\u00e7\u00e3o para mostrar esse mundo as pessoas. Tudo isso define a nossa ess\u00eancia, que \u00e9 trabalhar e conviver no nosso lugar, um lugar de gente feliz!<\/p>\n<p>[related_posts limit=&#8221;3&#8243;]<\/p>\n","protected":false},"excerpt":{"rendered":"<p>O diretor geral de Harmonia e membro da Comiss\u00e3o de Carnaval da Drag\u00f5es da Real \u00e9 o entrevistado dessa semana da s\u00e9rie \u201cOs artistas daTour Details<\/p>\n","protected":false},"author":47,"featured_media":47504,"comment_status":"open","ping_status":"open","sticky":false,"template":"","format":"standard","meta":{"footnotes":""},"categories":[1188],"tags":[652,828],"class_list":["post-47503","post","type-post","status-publish","format-standard","has-post-thumbnail","hentry","category-samba-na-garoa","tag-carnaval-de-sp","tag-dragoes-da-real"],"_links":{"self":[{"href":"https:\/\/www.pedromigao.com.br\/ourodetolo\/wp-json\/wp\/v2\/posts\/47503","targetHints":{"allow":["GET"]}}],"collection":[{"href":"https:\/\/www.pedromigao.com.br\/ourodetolo\/wp-json\/wp\/v2\/posts"}],"about":[{"href":"https:\/\/www.pedromigao.com.br\/ourodetolo\/wp-json\/wp\/v2\/types\/post"}],"author":[{"embeddable":true,"href":"https:\/\/www.pedromigao.com.br\/ourodetolo\/wp-json\/wp\/v2\/users\/47"}],"replies":[{"embeddable":true,"href":"https:\/\/www.pedromigao.com.br\/ourodetolo\/wp-json\/wp\/v2\/comments?post=47503"}],"version-history":[{"count":1,"href":"https:\/\/www.pedromigao.com.br\/ourodetolo\/wp-json\/wp\/v2\/posts\/47503\/revisions"}],"predecessor-version":[{"id":47506,"href":"https:\/\/www.pedromigao.com.br\/ourodetolo\/wp-json\/wp\/v2\/posts\/47503\/revisions\/47506"}],"wp:featuredmedia":[{"embeddable":true,"href":"https:\/\/www.pedromigao.com.br\/ourodetolo\/wp-json\/wp\/v2\/media\/47504"}],"wp:attachment":[{"href":"https:\/\/www.pedromigao.com.br\/ourodetolo\/wp-json\/wp\/v2\/media?parent=47503"}],"wp:term":[{"taxonomy":"category","embeddable":true,"href":"https:\/\/www.pedromigao.com.br\/ourodetolo\/wp-json\/wp\/v2\/categories?post=47503"},{"taxonomy":"post_tag","embeddable":true,"href":"https:\/\/www.pedromigao.com.br\/ourodetolo\/wp-json\/wp\/v2\/tags?post=47503"}],"curies":[{"name":"wp","href":"https:\/\/api.w.org\/{rel}","templated":true}]}}