{"id":47407,"date":"2017-11-30T09:17:08","date_gmt":"2017-11-30T11:17:08","guid":{"rendered":"http:\/\/www.pedromigao.com.br\/ourodetolo\/?p=47407"},"modified":"2017-11-29T23:26:41","modified_gmt":"2017-11-30T01:26:41","slug":"mestre-rafa-a-nossa-bateria-e-a-moda-antiga-nao-padronizamos-os-naipes","status":"publish","type":"post","link":"https:\/\/www.pedromigao.com.br\/ourodetolo\/2017\/11\/mestre-rafa-a-nossa-bateria-e-a-moda-antiga-nao-padronizamos-os-naipes\/","title":{"rendered":"Mestre Rafa: \u201cA nossa bateria \u00e9 a moda antiga, n\u00e3o padronizamos os naipes\u201d"},"content":{"rendered":"<p style=\"text-align: justify;\">Nesta semana a s\u00e9rie \u201cOs Artistas da Folia\u201d, conversa com o Mestre de bateria da Rosas de Ouro. Rafa Oliveira est\u00e1 desde 2014 no comando da \u201cBateria com Identidade\u201d e neste ano gabaritou o quesito.<\/p>\n<p style=\"text-align: justify;\">Rafa iniciou no projeto \u201csamba se aprende na escola\u201d e desfilou na bateria mirim pela primeira vez em 1998 e tornou-se diretor de bateria em 2010. Rafa n\u00e3o almejava se tornar Mestre e conduzir os ritmistas, mas a Presidente Angelina Bas\u00edlio confiou a ele o cargo, o qual ocupa atualmente e hoje \u00e9 um dos principais do carnaval de S\u00e3o Paulo.<\/p>\n<p style=\"text-align: justify;\">Em 2018 a Rosas de Ouro ser\u00e1 a sexta escola de sexta-feira e levar\u00e1 ao Anhembi o enredo \u201cPelas estradas da vida, sonhos e aventuras de um her\u00f3i brasileiro\u201d, uma homenagem aos caminhoneiros do Brasil.<\/p>\n<p style=\"text-align: justify;\"><strong>Ouro de Tolo: Como funciona dirigir uma bateria? Como voc\u00ea mant\u00e9m o controle, a disciplina e percebe a evolu\u00e7\u00e3o de cada um? Afinal de contas s\u00e3o 250 ritmistas.<\/strong><br \/>\nMestre Rafa: Para dirigir uma bateria voc\u00ea precisa ter diretores e auxiliares, todos em sintonia de pensamento, pois eu sou um cara que ouve a opini\u00e3o de todos. A gente consegue ver a evolu\u00e7\u00e3o de cada ritmista quando separamos os naipes, com ensaios separados de caixas, repiniques, tamborim&#8230; Assim conseguimos dar mais aten\u00e7\u00e3o aos instrumentos no que se trata de afina\u00e7\u00e3o e da execu\u00e7\u00e3o e andamento das bossas.<\/p>\n<p style=\"text-align: justify;\"><strong><img loading=\"lazy\" decoding=\"async\" class=\"size-medium wp-image-47409 alignleft\" src=\"http:\/\/www.pedromigao.com.br\/ourodetolo\/wp-content\/uploads\/2017\/11\/Bateria-rosas-300x157.jpg\" alt=\"\" width=\"300\" height=\"157\" srcset=\"https:\/\/www.pedromigao.com.br\/ourodetolo\/wp-content\/uploads\/2017\/11\/Bateria-rosas-300x157.jpg 300w, https:\/\/www.pedromigao.com.br\/ourodetolo\/wp-content\/uploads\/2017\/11\/Bateria-rosas.jpg 310w\" sizes=\"auto, (max-width: 300px) 100vw, 300px\" \/>OT: A \u201cbateria com identidade\u201d \u00e9 conhecida assim pelas suas caracter\u00edsticas pr\u00f3prias, explica pra gente o que ela tem de diferente e o que forma a identidade dela.<\/strong><br \/>\nMestre Rafa: A nossa bateria \u00e9 muito jovem, temos a bateria mirim comandada pelo Ricardo Tripa e pelo Jorge Bod\u00e3o e de l\u00e1 saem diversos ritmistas nossos. A identidade vem da forma de tocar, nossa bateria \u00e9 a moda antiga, o surdo de terceira n\u00e3o \u00e9 muito padronizado, temos duas batidas de caixa ao inv\u00e9s de uma; al\u00e9m dos repiniques que s\u00e3o soltos, dos 35 que temos seis ou sete ficam livres para criar nas bossas. Essa \u00e9 a diferen\u00e7a, enquanto as baterias dos nossos amigos tem os naipes padronizados n\u00f3s contamos com o bom gosto do nosso ritmista. Somos organizados, por\u00e9m temos a nossa pr\u00f3pria maneira de fazer.<\/p>\n<p style=\"text-align: justify;\"><strong>OT: Ap\u00f3s o desfile nesse ano voc\u00ea deu uma entrevista falando que esva no aguardo das \u201cporradas dos jurados\u201d mas gabaritou. As notas de 2016 te machucaram muito?<\/strong><br \/>\nMestre Rafa: Hoje no carnaval o Mestre de Bateria s\u00f3 tem sucesso perante a sua comunidade se ele entregar nota. Felizmente a minha escola \u00e9 diferente neste aspecto, mas mesmo assim as pessoas contam muito com o resultado e neste mundo de redes sociais onde cada um fala o que quer voc\u00ea precisa ter a cabe\u00e7a boa para lidar com tudo isso. Ap\u00f3s o desfile eu sempre espero \u201cporrada\u201d, eu nunca sou prepotente achando que a nota est\u00e1 garantida, pois o jurado sempre pode ver alguma coisa n\u00e3o prevista no regulamento. Pode acreditar, se voc\u00ea tira 40 est\u00e1 no c\u00e9u e um 9,9 \u00e9 o inferno para o mestre e para a diretoria da escola; gra\u00e7as a Deus n\u00f3s tiramos 40 juntamente com o Imp\u00e9rio de Casa Verde e agora \u00e9 trabalhar para manter a nota.<\/p>\n<p style=\"text-align: justify;\"><strong>OT: Vimos um desfile valente da Roseira nesse ano, dava pra ouvir o componente cantando, o que essa comunidade tem de diferente? Em 2018 a expectativa \u00e9 que aconte\u00e7a o mesmo pela ades\u00e3o deles ao samba?<\/strong><br \/>\nMestre Rafa: Est\u00e1vamos machucamos, pois viemos de um 11\u00ba lugar em 2016 e precis\u00e1vamos dar uma resposta, era um desejo m\u00fatuo de todos os segmentos. Nosso segredo \u00e9 ensaio, tanto de canto como de evolu\u00e7\u00e3o; \u00e9 praticamente cinco dias por semana ensaiando ou at\u00e9 mais.\u00a0\u00a0Er\u00e1mos cotados para cair de grupo por conta da correria no barrac\u00e3o, mas as pessoas esquecem que as alegorias representam um quesito s\u00f3 e que dificilmente uma escola gabarita em todos.<\/p>\n<p style=\"text-align: justify;\"><strong>OT: Sua bateria foi destaque principalmente pela bossa do opanij\u00e9. Para 2018 voc\u00ea prepara algo surpreendente tamb\u00e9m?<\/strong><br \/>\nMestre Rafa: Para 2018 n\u00e3o preparamos nada t\u00e3o ousado como foi neste ano. Temos duas bossas, uma frase no meio que pode ser chamada de bossa tamb\u00e9m. Faremos um \u201capag\u00e3o\u201d para a escola cantar, num entrosamento com a harmonia.\u00a0Ao todo devem ser cinco bossas, vamos trabalhar muito para manter a nota, mas se por algum motivo ela n\u00e3o vier tenham certeza de que o show vai ficar.<\/p>\n<p style=\"text-align: justify;\">(Fotos: SRZD)<\/p>\n","protected":false},"excerpt":{"rendered":"<p>Nesta semana a s\u00e9rie \u201cOs Artistas da Folia\u201d, conversa com o Mestre de bateria da Rosas de Ouro. Rafa Oliveira est\u00e1 desde 2014 no comandoTour Details<\/p>\n","protected":false},"author":47,"featured_media":47408,"comment_status":"open","ping_status":"open","sticky":false,"template":"","format":"standard","meta":{"footnotes":""},"categories":[1188],"tags":[652,657],"class_list":["post-47407","post","type-post","status-publish","format-standard","has-post-thumbnail","hentry","category-samba-na-garoa","tag-carnaval-de-sp","tag-rosas-de-ouro"],"_links":{"self":[{"href":"https:\/\/www.pedromigao.com.br\/ourodetolo\/wp-json\/wp\/v2\/posts\/47407","targetHints":{"allow":["GET"]}}],"collection":[{"href":"https:\/\/www.pedromigao.com.br\/ourodetolo\/wp-json\/wp\/v2\/posts"}],"about":[{"href":"https:\/\/www.pedromigao.com.br\/ourodetolo\/wp-json\/wp\/v2\/types\/post"}],"author":[{"embeddable":true,"href":"https:\/\/www.pedromigao.com.br\/ourodetolo\/wp-json\/wp\/v2\/users\/47"}],"replies":[{"embeddable":true,"href":"https:\/\/www.pedromigao.com.br\/ourodetolo\/wp-json\/wp\/v2\/comments?post=47407"}],"version-history":[{"count":1,"href":"https:\/\/www.pedromigao.com.br\/ourodetolo\/wp-json\/wp\/v2\/posts\/47407\/revisions"}],"predecessor-version":[{"id":47410,"href":"https:\/\/www.pedromigao.com.br\/ourodetolo\/wp-json\/wp\/v2\/posts\/47407\/revisions\/47410"}],"wp:featuredmedia":[{"embeddable":true,"href":"https:\/\/www.pedromigao.com.br\/ourodetolo\/wp-json\/wp\/v2\/media\/47408"}],"wp:attachment":[{"href":"https:\/\/www.pedromigao.com.br\/ourodetolo\/wp-json\/wp\/v2\/media?parent=47407"}],"wp:term":[{"taxonomy":"category","embeddable":true,"href":"https:\/\/www.pedromigao.com.br\/ourodetolo\/wp-json\/wp\/v2\/categories?post=47407"},{"taxonomy":"post_tag","embeddable":true,"href":"https:\/\/www.pedromigao.com.br\/ourodetolo\/wp-json\/wp\/v2\/tags?post=47407"}],"curies":[{"name":"wp","href":"https:\/\/api.w.org\/{rel}","templated":true}]}}