{"id":46942,"date":"2017-09-01T13:58:51","date_gmt":"2017-09-01T16:58:51","guid":{"rendered":"http:\/\/www.pedromigao.com.br\/ourodetolo\/?p=46942"},"modified":"2017-09-01T15:20:11","modified_gmt":"2017-09-01T18:20:11","slug":"o-editorial-debochado","status":"publish","type":"post","link":"https:\/\/www.pedromigao.com.br\/ourodetolo\/2017\/09\/o-editorial-debochado\/","title":{"rendered":"O editorial debochado"},"content":{"rendered":"<p style=\"text-align: justify;\">Nesta sexta-feira, causou pol\u00eamica a capa do Jornal &#8220;Extra&#8221; pelo &#8220;editorial&#8221;\u00a0no qual a publica\u00e7\u00e3o explica por que deixar\u00e1 de chamar o goleiro Alex Muralha pelo apelido, por causa das seguidas falhas nos jogos do Flamengo.<\/p>\n<p style=\"text-align: justify;\">&#8220;Em nome da precis\u00e3o jornal\u00edstica&#8221;, o &#8220;Extra&#8221; explicou que &#8220;o ex-Muralha desmoralizou o vulgo, levando um frango no jogo contra o Paran\u00e1&#8221;. No fim, o &#8220;editorial&#8221; diz que promete rever a decis\u00e3o, caso Alex o fa\u00e7a por merecer.<\/p>\n<p style=\"text-align: justify;\"><img loading=\"lazy\" decoding=\"async\" class=\"size-full wp-image-46943 aligncenter\" src=\"http:\/\/www.pedromigao.com.br\/ourodetolo\/wp-content\/uploads\/2017\/09\/capa-extrajornac.jpg\" alt=\"\" width=\"448\" height=\"493\" srcset=\"https:\/\/www.pedromigao.com.br\/ourodetolo\/wp-content\/uploads\/2017\/09\/capa-extrajornac.jpg 448w, https:\/\/www.pedromigao.com.br\/ourodetolo\/wp-content\/uploads\/2017\/09\/capa-extrajornac-273x300.jpg 273w, https:\/\/www.pedromigao.com.br\/ourodetolo\/wp-content\/uploads\/2017\/09\/capa-extrajornac-309x340.jpg 309w\" sizes=\"auto, (max-width: 448px) 100vw, 448px\" \/><\/p>\n<p style=\"text-align: justify;\">Quem me conhece, sabe que sou cr\u00edtico contumaz das atua\u00e7\u00f5es de Muralha, sobretudo nesta temporada. De fato, o goleiro falhou no gol do Paran\u00e1 no tempo normal, e sequer esteve perto de defender alguma cobran\u00e7a na disputa por p\u00eanaltis que eliminou o Flamengo da Primeira Liga. Mas o &#8220;Extra&#8221; foi extremamente infeliz hoje.<\/p>\n<p style=\"text-align: justify;\">Publica\u00e7\u00e3o popular que historicamente at\u00e9 tem pitadas de bom humor, o \u00a0&#8220;Extra&#8221; sempre se notabilizou pelo car\u00e1ter jornal\u00edstico s\u00e9rio e de bons servi\u00e7os prestados \u00e0 comunidade carioca.<\/p>\n<p style=\"text-align: justify;\">Recentemente, denunciou os problemas das UPPs no Rio e at\u00e9 criou uma editoria de Guerra por julgar que os problemas da cidade, com uma praticamente incontrol\u00e1vel viol\u00eancia di\u00e1ria, merecem ser tratados como uma aut\u00eantica guerra &#8211; se \u00e9 certo ou n\u00e3o, \u00e9 outro papo.<img loading=\"lazy\" decoding=\"async\" class=\"size-large wp-image-46944 alignright\" src=\"http:\/\/www.pedromigao.com.br\/ourodetolo\/wp-content\/uploads\/2017\/09\/extraguerra-190x340.jpg\" alt=\"\" width=\"190\" height=\"340\" srcset=\"https:\/\/www.pedromigao.com.br\/ourodetolo\/wp-content\/uploads\/2017\/09\/extraguerra-190x340.jpg 190w, https:\/\/www.pedromigao.com.br\/ourodetolo\/wp-content\/uploads\/2017\/09\/extraguerra-168x300.jpg 168w, https:\/\/www.pedromigao.com.br\/ourodetolo\/wp-content\/uploads\/2017\/09\/extraguerra.jpg 536w\" sizes=\"auto, (max-width: 190px) 100vw, 190px\" \/><\/p>\n<p style=\"text-align: justify;\">Mas hoje o &#8220;Extra&#8221; dedica o espa\u00e7o superior de sua capa (n\u00e3o a manchete, \u00e9 verdade) a uma piada em forma de editorial num dia de outros assuntos de maior relev\u00e2ncia jornal\u00edstica, como a soltura de um homem que ejaculou na cara de uma mulher num \u00f4nibus e a morte de mais tr\u00eas pessoas por bala perdida no Rio.<\/p>\n<p style=\"text-align: justify;\">A pr\u00f3pria manchete em si &#8220;Ladr\u00f5es usam fuzil para roubar em fila de emprego&#8221;, algo muito mais importante, est\u00e1 abaixo do &#8220;editorial debochado&#8221;. Ou seja, uma piada \u00e9 mais relevante do que uma not\u00edcia de extrema gravidade para a popula\u00e7\u00e3o.<\/p>\n<p style=\"text-align: justify;\">Al\u00e9m disso, o tom da cr\u00edtica a Muralha, nesse caso, ultrapassou o aceit\u00e1vel. Debochou do profissional que treina diariamente para fazer o melhor em campo, e n\u00e3o levou em conta que h\u00e1 um ser humano ali.<\/p>\n<p style=\"text-align: justify;\">Como afirmou o pr\u00f3prio Muralha em nota emitida nesta sexta-feira, &#8220;a palavra \u00e9 humilha\u00e7\u00e3o, \u00e9 uma execra\u00e7\u00e3o p\u00fablica (&#8230;), um posicionamento de mau gosto e at\u00e9 irrespons\u00e1vel&#8221;. Muralha ainda apontou que &#8220;vulgo \u00e9 um termo normalmente usado para designar bandido (&#8230;) e pode incitar a viol\u00eancia&#8221;.<\/p>\n<p style=\"text-align: justify;\">O &#8220;Extra&#8221;, como publica\u00e7\u00e3o respeit\u00e1vel que sempre foi, com grandes servi\u00e7os prestados ao povo carioca nos \u00faltimos 20 anos, deveria refletir sobre essa atitude. Em respeito a Muralha e seus leitores.<\/p>\n<p style=\"text-align: justify;\">O que deve ser dif\u00edcil de acontecer, j\u00e1 que o editor respons\u00e1vel defendeu com unhas e dentes a sua posi\u00e7\u00e3o nas redes sociais e n\u00e3o quer dar o bra\u00e7o a torcer, al\u00e9m de ter ironizado parte das cr\u00edticas de seus seguidores.<\/p>\n<p style=\"text-align: justify;\">Como diria um dos maiores jornalistas esportivos deste pa\u00eds, o saudoso Jo\u00e3o Saldanha, &#8220;vida que segue&#8221;&#8230;<\/p>\n<p style=\"text-align: justify;\"><em>P.S.: Logo ap\u00f3s a publica\u00e7\u00e3o deste post, o &#8220;Extra&#8221; se manifestou nas redes sociais e pediu desculpas, embora, a meu ver, de forma ir\u00f4nica e arrogante. Ali\u00e1s, parece que s\u00f3 foi feito porque a maioria absoluta criticou o fato e o pr\u00f3prio Flamengo e o goleiro Alex Muralha repudiaram o peri\u00f3dico.<\/em><\/p>\n<p><img loading=\"lazy\" decoding=\"async\" class=\"alignnone size-full wp-image-46948\" src=\"http:\/\/www.pedromigao.com.br\/ourodetolo\/wp-content\/uploads\/2017\/09\/EXTRAONLINE.jpg\" alt=\"\" width=\"463\" height=\"333\" srcset=\"https:\/\/www.pedromigao.com.br\/ourodetolo\/wp-content\/uploads\/2017\/09\/EXTRAONLINE.jpg 463w, https:\/\/www.pedromigao.com.br\/ourodetolo\/wp-content\/uploads\/2017\/09\/EXTRAONLINE-300x216.jpg 300w\" sizes=\"auto, (max-width: 463px) 100vw, 463px\" \/><\/p>\n<p style=\"text-align: justify;\"><em>[N.doE.: minha leitura deste lament\u00e1vel epis\u00f3dio \u00e9 que este \u00e9 mais um caso do que vemos muito nos jornalismos pol\u00edtico e econ\u00f4mico: o &#8220;assassinato de reputa\u00e7\u00f5es&#8221;. PM]<\/em><\/p>\n<p>[related_posts limit=&#8221;3&#8243;]<\/p>\n","protected":false},"excerpt":{"rendered":"<p>Nesta sexta-feira, causou pol\u00eamica a capa do Jornal &#8220;Extra&#8221; pelo &#8220;editorial&#8221;\u00a0no qual a publica\u00e7\u00e3o explica por que deixar\u00e1 de chamar o goleiro Alex Muralha peloTour Details<\/p>\n","protected":false},"author":14,"featured_media":43954,"comment_status":"open","ping_status":"open","sticky":false,"template":"","format":"standard","meta":{"footnotes":""},"categories":[20],"tags":[42,37,456,33],"class_list":["post-46942","post","type-post","status-publish","format-standard","has-post-thumbnail","hentry","category-sabinadas","tag-flamengo","tag-futebol","tag-futebol-carioca","tag-jornalismo"],"_links":{"self":[{"href":"https:\/\/www.pedromigao.com.br\/ourodetolo\/wp-json\/wp\/v2\/posts\/46942","targetHints":{"allow":["GET"]}}],"collection":[{"href":"https:\/\/www.pedromigao.com.br\/ourodetolo\/wp-json\/wp\/v2\/posts"}],"about":[{"href":"https:\/\/www.pedromigao.com.br\/ourodetolo\/wp-json\/wp\/v2\/types\/post"}],"author":[{"embeddable":true,"href":"https:\/\/www.pedromigao.com.br\/ourodetolo\/wp-json\/wp\/v2\/users\/14"}],"replies":[{"embeddable":true,"href":"https:\/\/www.pedromigao.com.br\/ourodetolo\/wp-json\/wp\/v2\/comments?post=46942"}],"version-history":[{"count":7,"href":"https:\/\/www.pedromigao.com.br\/ourodetolo\/wp-json\/wp\/v2\/posts\/46942\/revisions"}],"predecessor-version":[{"id":46954,"href":"https:\/\/www.pedromigao.com.br\/ourodetolo\/wp-json\/wp\/v2\/posts\/46942\/revisions\/46954"}],"wp:featuredmedia":[{"embeddable":true,"href":"https:\/\/www.pedromigao.com.br\/ourodetolo\/wp-json\/wp\/v2\/media\/43954"}],"wp:attachment":[{"href":"https:\/\/www.pedromigao.com.br\/ourodetolo\/wp-json\/wp\/v2\/media?parent=46942"}],"wp:term":[{"taxonomy":"category","embeddable":true,"href":"https:\/\/www.pedromigao.com.br\/ourodetolo\/wp-json\/wp\/v2\/categories?post=46942"},{"taxonomy":"post_tag","embeddable":true,"href":"https:\/\/www.pedromigao.com.br\/ourodetolo\/wp-json\/wp\/v2\/tags?post=46942"}],"curies":[{"name":"wp","href":"https:\/\/api.w.org\/{rel}","templated":true}]}}