{"id":46456,"date":"2017-06-25T09:46:29","date_gmt":"2017-06-25T12:46:29","guid":{"rendered":"http:\/\/www.pedromigao.com.br\/ourodetolo\/?p=46456"},"modified":"2017-06-24T01:59:50","modified_gmt":"2017-06-24T04:59:50","slug":"temos-que-cuidar-das-pessoas","status":"publish","type":"post","link":"https:\/\/www.pedromigao.com.br\/ourodetolo\/2017\/06\/temos-que-cuidar-das-pessoas\/","title":{"rendered":"Temos que cuidar das pessoas"},"content":{"rendered":"<p style=\"text-align: justify;\">Semana que vem Marcelo Crivella completar\u00e1 seis meses como prefeito do Rio de Janeiro e podemos dizer que esses seis meses podem ser divididos em dois, n\u00e3o igualmente. Os primeiros cinco meses e o \u00faltimo m\u00eas.<\/p>\n<p style=\"text-align: justify;\">Nos primeiros cinco meses, a impress\u00e3o que tivemos foi de que o Rio n\u00e3o tinha prefeito. A maior reclama\u00e7\u00e3o era que Crivella sumiu, n\u00e3o se fazia presente, vivia viajando e nada de muito relevante podia se dizer sobre ele ou seu governo. No \u00faltimo m\u00eas, percebemos que temos prefeito e isso n\u00e3o quer dizer que seja bom.<\/p>\n<p style=\"text-align: justify;\">A pol\u00eamica envolvendo o carnaval para mim \u00e9 o menor dos problemas, mas como \u00e9 da minha \u00e1rea vou falar dele. N\u00e3o sou desses que s\u00f3 por ser do samba vou mergulhar em defesa desse, participar de protestos na frente da prefeitura vou dizer &#8220;Eu me chamo Aloisio Villar e estou em defesa do carnaval&#8221;.<\/p>\n<p style=\"text-align: justify;\">Primeiro porque n\u00e3o tenho tanta representatividade nem ego inflado ao ponto de achar que uma declara\u00e7\u00e3o dessas faria algum efeito, prefiro deixar para os ve\u00edculos de carnaval que, infelizmente, em vez de se unirem ficam se alfinetando em redes sociais. Segundo, que n\u00e3o h\u00e1 mocinhos nessa hist\u00f3ria.<\/p>\n<p style=\"text-align: justify;\"><img loading=\"lazy\" decoding=\"async\" class=\"size-medium wp-image-45710 alignleft\" src=\"http:\/\/www.pedromigao.com.br\/ourodetolo\/wp-content\/uploads\/2017\/03\/20170226_010855-300x225.jpg\" alt=\"\" width=\"300\" height=\"225\" srcset=\"https:\/\/www.pedromigao.com.br\/ourodetolo\/wp-content\/uploads\/2017\/03\/20170226_010855-300x225.jpg 300w, https:\/\/www.pedromigao.com.br\/ourodetolo\/wp-content\/uploads\/2017\/03\/20170226_010855-768x576.jpg 768w, https:\/\/www.pedromigao.com.br\/ourodetolo\/wp-content\/uploads\/2017\/03\/20170226_010855-453x340.jpg 453w\" sizes=\"auto, (max-width: 300px) 100vw, 300px\" \/>Sou contra o corte de verba, pelo menos para agora, acho que esse corte poderia ocorrer para o carnaval de 2019. \u00c9 evidente que o pa\u00eds, estado, munic\u00edpio, est\u00e3o em crise e qualquer pessoa com o m\u00ednimo de sensibilidade percebe isso, n\u00e3o s\u00f3 \u00e0 sua volta como no pr\u00f3prio bolso, ent\u00e3o n\u00e3o sou contra o corte.<\/p>\n<p style=\"text-align: justify;\">S\u00f3 acho errado para esse carnaval que j\u00e1 come\u00e7ou, as escolas, semanas depois dos desfiles, j\u00e1 se planejam para o ano seguinte, fazem or\u00e7amentos, pagam funcion\u00e1rios&#8230; Ent\u00e3o \u00e9 um corte que, sim, dificulta muito as coisas e prejudica pessoas que nada t\u00eam a ver com a hist\u00f3ria. Para o carnaval seguinte, concordo porque as escolas teriam um ano para planejarem, cortarem, se reinventarem.<\/p>\n<p style=\"text-align: justify;\">O que menos concordo \u00e9 o motivo alegado, para usar em creches. \u00c9 populista, demagogo, alega\u00e7\u00e3o safada e oportunista para jogar a popula\u00e7\u00e3o contra o carnaval e conquistar apoio. Mas o prefeito n\u00e3o \u00e9 o \u00fanico vil\u00e3o da hist\u00f3ria.<\/p>\n<p style=\"text-align: justify;\">Em 2015, eu participava de um programa feito pra internet e quando foi dito que iriam dobrar a subven\u00e7\u00e3o eu fui o \u00fanico contra, enquanto prevaleceu o oba-oba no local. Fui contra por toda a crise que o pa\u00eds j\u00e1 enfrentava e por achar que as escolas de samba deviam aprender a caminhar sozinhas, principalmente as do Especial.<\/p>\n<p style=\"text-align: justify;\">Ganharam quadras, ganharam reformas nas que j\u00e1 tinham, vendem enredos, ganham dinheiro de TV, t\u00eam nomes, marcas fortes suficientes para se autossustentarem e n\u00e3o passarem pela humilha\u00e7\u00e3o de pedir dinheiro para quem n\u00e3o quer dar.<\/p>\n<p style=\"text-align: justify;\">Mas s\u00e3o pregui\u00e7osas, s\u00e3o como o adulto que vive da mesada do pai, as escolas do Especial t\u00eam plenas condi\u00e7\u00f5es de viver sem a Prefeitura, mas nunca buscaram isso e agora est\u00e3o com esse problema.<\/p>\n<p style=\"text-align: justify;\"><img loading=\"lazy\" decoding=\"async\" class=\"size-medium wp-image-45414 alignleft\" src=\"http:\/\/www.pedromigao.com.br\/ourodetolo\/wp-content\/uploads\/2017\/03\/acidentetijuca2017-300x200.jpg\" alt=\"\" width=\"300\" height=\"200\" srcset=\"https:\/\/www.pedromigao.com.br\/ourodetolo\/wp-content\/uploads\/2017\/03\/acidentetijuca2017-300x200.jpg 300w, https:\/\/www.pedromigao.com.br\/ourodetolo\/wp-content\/uploads\/2017\/03\/acidentetijuca2017-510x340.jpg 510w, https:\/\/www.pedromigao.com.br\/ourodetolo\/wp-content\/uploads\/2017\/03\/acidentetijuca2017.jpg 750w\" sizes=\"auto, (max-width: 300px) 100vw, 300px\" \/>Vamos ver por outro aspecto, sem paix\u00e3o. O carnaval feito pelas escolas do Especial em 2017 merece que cada escola receba dois milh\u00f5es? Um dos piores anos da hist\u00f3ria do Grupo Especial com acidentes, mortes, desfiles desastrosos como o da Tijuca, que, mesmo fazendo o que fez, n\u00e3o cairia na pista, mudan\u00e7a de regulamento na hora da apura\u00e7\u00e3o para n\u00e3o cair ningu\u00e9m, acr\u00e9scimo de campe\u00e3o quase dois meses depois do resultado.<\/p>\n<p style=\"text-align: justify;\">Isso n\u00e3o \u00e9 um trabalho que traga credibilidade para algu\u00e9m investir vinte e seis milh\u00f5es de reais que, na verdade, eram pra ser vinte e quatro porque a Liesa enfiou mais uma escola no Especial sem consultar ningu\u00e9m, muito menos quem lhe d\u00e1 dinheiro como a Prefeitura. Ou algu\u00e9m chegou no Crivella e perguntou:&#8221;Bispo, vamos botar mais uma escola, s\u00e3o mais dois milh\u00f5es, t\u00e1?&#8221;.<\/p>\n<p style=\"text-align: justify;\">Fora outras quest\u00f5es. Em mar\u00e7o, j\u00e1 aparece um monte de gente dizendo que o carnaval do acesso e da Intendente Magalh\u00e3es do ano seguinte j\u00e1 est\u00e1 decidido, pairam no ar um monte de &#8220;lendas&#8221; como distribui\u00e7\u00e3o de carros para jurados ou 30 mil d\u00f3lares para subir, quantas e quantas vezes j\u00e1 n\u00e3o ouvimos algu\u00e9m falar rindo &#8220;Olha l\u00e1, subven\u00e7\u00e3o saiu, diretor mudou de carro&#8221;. Essas hist\u00f3rias s\u00e3o verdadeiras? N\u00e3o sei, mas para exigir algo n\u00e3o \u00e9 importante ter credibilidade? Que credibilidade n\u00f3s do carnaval temos hoje?<\/p>\n<p><img loading=\"lazy\" decoding=\"async\" class=\"size-full wp-image-15645 alignleft\" src=\"http:\/\/www.pedromigao.com.br\/ourodetolo\/wp-content\/uploads\/2010\/03\/foto-do-marcelo-crivella.jpg\" alt=\"\" width=\"200\" height=\"138\" \/><\/p>\n<p style=\"text-align: justify;\">Teremos carnaval ano que vem, talvez mais pobre, talvez mais criativo, mas teremos. O problema \u00e9 essa onda evang\u00e9lica fundamentalista que toma a cidade com a Universal mexendo seus tent\u00e1culos contra as minorias e pra quem n\u00e3o ora por sua cartilha. O Rio de Janeiro, cidade da simpatia, bom humor, liberdade religiosa e mistura de ra\u00e7a e cores, est\u00e1 virando uma ditadura da f\u00e9.<\/p>\n<p style=\"text-align: justify;\">Pior do que a situa\u00e7\u00e3o do carnaval \u00e9 bater uma chuva em junho, que \u00e9 muito inferior as de ver\u00e3o, e a cidade ficar debaixo d`agua com o prefeito dizendo que passamos no teste e o secret\u00e1rio se mostrar despreparado e dizer coisas como &#8220;n\u00f3s sab\u00edamos da chuva e n\u00e3o quisemos alertar&#8221;.<\/p>\n<p style=\"text-align: justify;\">O carnaval vai saber se virar at\u00e9 porque s\u00e3o todos parceiros e esses mesmos dirigentes que hoje choram e pedem apoio ajudaram a eleger o prefeito, o problema \u00e9 outro, o buraco \u00e9 mais embaixo.<\/p>\n<p style=\"text-align: justify;\">Temos que cuidar das pessoas.<\/p>\n<p style=\"text-align: justify;\"><img loading=\"lazy\" decoding=\"async\" class=\"wp-image-46458\" src=\"http:\/\/www.pedromigao.com.br\/ourodetolo\/wp-content\/uploads\/2017\/06\/enchenterio2017.jpg.jpeg\" alt=\"\" width=\"590\" height=\"377\" srcset=\"https:\/\/www.pedromigao.com.br\/ourodetolo\/wp-content\/uploads\/2017\/06\/enchenterio2017.jpg.jpeg 940w, https:\/\/www.pedromigao.com.br\/ourodetolo\/wp-content\/uploads\/2017\/06\/enchenterio2017.jpg-300x191.jpeg 300w, https:\/\/www.pedromigao.com.br\/ourodetolo\/wp-content\/uploads\/2017\/06\/enchenterio2017.jpg-768x490.jpeg 768w, https:\/\/www.pedromigao.com.br\/ourodetolo\/wp-content\/uploads\/2017\/06\/enchenterio2017.jpg-533x340.jpeg 533w\" sizes=\"auto, (max-width: 590px) 100vw, 590px\" \/><\/p>\n<p style=\"text-align: justify;\">Twitter &#8211; @aloisiovillar<\/p>\n<p style=\"text-align: justify;\">Facebook &#8211; Aloisio Villar<\/p>\n","protected":false},"excerpt":{"rendered":"<p>Semana que vem Marcelo Crivella completar\u00e1 seis meses como prefeito do Rio de Janeiro e podemos dizer que esses seis meses podem ser divididos emTour Details<\/p>\n","protected":false},"author":8,"featured_media":46457,"comment_status":"open","ping_status":"open","sticky":false,"template":"","format":"standard","meta":{"footnotes":""},"categories":[8],"tags":[1265,1191,24,70,27],"class_list":["post-46456","post","type-post","status-publish","format-standard","has-post-thumbnail","hentry","category-orun-aye","tag-igreja-universal","tag-marcello-crivella","tag-politica","tag-rio-de-janeiro","tag-sociedade"],"_links":{"self":[{"href":"https:\/\/www.pedromigao.com.br\/ourodetolo\/wp-json\/wp\/v2\/posts\/46456","targetHints":{"allow":["GET"]}}],"collection":[{"href":"https:\/\/www.pedromigao.com.br\/ourodetolo\/wp-json\/wp\/v2\/posts"}],"about":[{"href":"https:\/\/www.pedromigao.com.br\/ourodetolo\/wp-json\/wp\/v2\/types\/post"}],"author":[{"embeddable":true,"href":"https:\/\/www.pedromigao.com.br\/ourodetolo\/wp-json\/wp\/v2\/users\/8"}],"replies":[{"embeddable":true,"href":"https:\/\/www.pedromigao.com.br\/ourodetolo\/wp-json\/wp\/v2\/comments?post=46456"}],"version-history":[{"count":1,"href":"https:\/\/www.pedromigao.com.br\/ourodetolo\/wp-json\/wp\/v2\/posts\/46456\/revisions"}],"predecessor-version":[{"id":46459,"href":"https:\/\/www.pedromigao.com.br\/ourodetolo\/wp-json\/wp\/v2\/posts\/46456\/revisions\/46459"}],"wp:featuredmedia":[{"embeddable":true,"href":"https:\/\/www.pedromigao.com.br\/ourodetolo\/wp-json\/wp\/v2\/media\/46457"}],"wp:attachment":[{"href":"https:\/\/www.pedromigao.com.br\/ourodetolo\/wp-json\/wp\/v2\/media?parent=46456"}],"wp:term":[{"taxonomy":"category","embeddable":true,"href":"https:\/\/www.pedromigao.com.br\/ourodetolo\/wp-json\/wp\/v2\/categories?post=46456"},{"taxonomy":"post_tag","embeddable":true,"href":"https:\/\/www.pedromigao.com.br\/ourodetolo\/wp-json\/wp\/v2\/tags?post=46456"}],"curies":[{"name":"wp","href":"https:\/\/api.w.org\/{rel}","templated":true}]}}