{"id":46424,"date":"2017-06-23T08:27:45","date_gmt":"2017-06-23T11:27:45","guid":{"rendered":"http:\/\/www.pedromigao.com.br\/ourodetolo\/?p=46424"},"modified":"2017-06-23T01:41:04","modified_gmt":"2017-06-23T04:41:04","slug":"rio-de-obreiro","status":"publish","type":"post","link":"https:\/\/www.pedromigao.com.br\/ourodetolo\/2017\/06\/rio-de-obreiro\/","title":{"rendered":"Rio de Obreiro"},"content":{"rendered":"<p style=\"text-align: justify;\">Gent\u00e9\u00e9\u00e9, essa cidade est\u00e1 um caos!!!<\/p>\n<p style=\"text-align: justify;\">Nesse momento, escrevo de dentro de uma jangada porque caiu mais uma chuva daquelas no Rio de Janeiro. \u00c9 a chuva de janeiro caindo em junho, mostrando que essa cidade est\u00e1 de cabe\u00e7a para baixo. Como diria o poeta Tom &amp; Jerry,<em> &#8220;S\u00e3o as \u00e1guas de junho fechando o outono, \u00e9 promessa de caos onde tem abandono&#8221;<\/em>.<\/p>\n<p style=\"text-align: justify;\">A chuva foi t\u00e3o forte que apareceu um barbudinho com uma arca dizendo que salvaria um casal de animais de cada esp\u00e9cie. Me animei e tentei embarcar com cabo Jorge e fui barrado dizendo que casal de viadinhos n\u00e3o poderia. Fiquei indignada, fez a besha revoltada e perguntei de quem era aquela ordem e o mo\u00e7o respondeu:<em> &#8220;Do prefeito&#8221;<\/em>.<\/p>\n<p style=\"text-align: justify;\">Rachas, eu vou dizer!!! Eu t\u00f4 com uma gana nesse bispo prefeito que minha vontade era encher essa cracatua de unhadas at\u00e9 esse bofe virar macumbeiro. Foi essa praga virar prefeita que tudo virou de pernas para o ar.<\/p>\n<p style=\"text-align: justify;\">Primeiro, mexeu com as escolas de samba e eu j\u00e1 n\u00e3o gostei porque na minha Mangueira s\u00f3 mexe quem eu quero, depois com os blocos, justo onde gosto de dar pinta no carnaval e agora ele quer restringir tudo que \u00e9 festa de rua, mas d\u00e1 isen\u00e7\u00e3o para igrejas e financia filme do padrinho de igreja! Que mafu\u00e1 \u00e9 esse??<\/p>\n<p style=\"text-align: justify;\">Olha, rachas, eu juro que ta pra descer a Maria Padilha aqui pra pegar essa praga!! Daqui a pouco a Sapuca\u00ed vira templo da Universal Pictures e s\u00f3 teremos obreiros em vez de foli\u00f5es na rua. Essa praga est\u00e1 me fazendo ter saudades do Dudu Paes!! Olhe a que n\u00edvel chegamos??<\/p>\n<p style=\"text-align: justify;\">Mas pelo menos soube que ele trabalhou bastante para ajudar o Rio na chuva. Ficou de joelhos e orando.<\/p>\n<p style=\"text-align: justify;\">\u00c9 capaz ainda de falar que \u00e9 enchente sagrada com \u00e1guas vindas do rio Jord\u00e3o. Vou te contar&#8230; Sai, encosto!!!<\/p>\n<p style=\"text-align: justify;\"><img loading=\"lazy\" decoding=\"async\" class=\"alignnone size-full wp-image-46427\" src=\"http:\/\/www.pedromigao.com.br\/ourodetolo\/wp-content\/uploads\/2017\/06\/Cadeirazonaide.jpg\" alt=\"\" width=\"275\" height=\"183\" \/><br \/>\n(Na foto ao lado vemos Crivella trabalhando pela cidade )<\/p>\n<p style=\"text-align: justify;\"><strong>Cantinho do Cafofo<\/strong><\/p>\n<p style=\"text-align: justify;\"><strong><img loading=\"lazy\" decoding=\"async\" class=\"wp-image-46428 size-medium alignleft\" src=\"http:\/\/www.pedromigao.com.br\/ourodetolo\/wp-content\/uploads\/2017\/06\/Chicozonaide-300x199.jpg\" alt=\"\" width=\"300\" height=\"199\" srcset=\"https:\/\/www.pedromigao.com.br\/ourodetolo\/wp-content\/uploads\/2017\/06\/Chicozonaide-300x199.jpg 300w, https:\/\/www.pedromigao.com.br\/ourodetolo\/wp-content\/uploads\/2017\/06\/Chicozonaide.jpg 460w\" sizes=\"auto, (max-width: 300px) 100vw, 300px\" \/>Chico Buarque<\/strong><\/p>\n<p style=\"text-align: justify;\">Ai gente, t\u00f4 ovulando&#8230; Finalmente vamos falar de coisas boas nessa coluna que s\u00f3 fala de gente como Crivella, Doria e Temer. Essa semana foi anivers\u00e1rio do lindo, bonito, gostoso, talentoso, do must Chico Buarque.<\/p>\n<p style=\"text-align: justify;\">N\u00e3o posso dizer que sou uma das mulheres de Chico porque nunca tive um chico gra\u00e7as a um detalhes de 25 cm que nasceu a mais em minha anatomia, mas eu sou doida por esse homem, esses olhos azuis, voz meio fanhosa. Chico j\u00e1 est\u00e1 com 73 anos, mas na minha cabe\u00e7a ele sempre teria 69..Comigo claro.<\/p>\n<p style=\"text-align: justify;\">Chico \u00e9 o Brasil que deu certo onde muitas mulheres queriam dar certo e errado para ele. Escritor, dramaturgo, compositor, poeta, cantor, se souber abrir pote de maionese e trocar l\u00e2mpada \u00e9 o homem perfeito e al\u00e9m de tudo \u00e9 um grande jogador de futebol at\u00e9 hoje!! Dizem que \u00e9 muito bom de enfiadas de bolas, mas infelizmente nunca joguei pelada com ele. Abriu a roda viva deixando MPB de 4 olhando a bunda passar cantando coisas de amor.<\/p>\n<p style=\"text-align: justify;\">Em tempos de Danilo Gentili, Alexandre Frota e MBL eu s\u00f3 queria que ele aproximasse desses man\u00e9s esse c\u00e1lice. Falam mal do Chico dizendo que ele \u00e9 comunista que mora em Paris, por mim ele podia ser comunista morando l\u00e1 em casa at\u00e9 porque como n\u00e3o sou menina comunismo \u00e9 o \u00fanico regime que permite abertura no meu cafofo.<\/p>\n<p style=\"text-align: justify;\">N\u00e3o existe pecado do lado de baixo do meu cobertor&#8230;.<\/p>\n<p style=\"text-align: justify;\">Frase da semana<\/p>\n<p style=\"text-align: justify;\">&#8220;Silaaaaas simplesmente \/ O teu palpite inteligente&#8221; (Comercial mala da TV)<\/p>\n<p style=\"text-align: justify;\"><em>*Zonaide Spencer \u00e9 jornalista, travesti, nunca jogou pedra na Geni, mas \u00e9 doida para jogar um paralelep\u00edpedo no Crivella e no Silas simplesmente.<\/em><\/p>\n","protected":false},"excerpt":{"rendered":"<p>Gent\u00e9\u00e9\u00e9, essa cidade est\u00e1 um caos!!! Nesse momento, escrevo de dentro de uma jangada porque caiu mais uma chuva daquelas no Rio de Janeiro. \u00c9Tour Details<\/p>\n","protected":false},"author":49,"featured_media":46429,"comment_status":"open","ping_status":"open","sticky":false,"template":"","format":"standard","meta":{"footnotes":""},"categories":[1198],"tags":[18,682,19,1191,27],"class_list":["post-46424","post","type-post","status-publish","format-standard","has-post-thumbnail","hentry","category-cafofo-da-zonaide","tag-carnaval","tag-cotidiano","tag-escolas-de-samba","tag-marcello-crivella","tag-sociedade"],"_links":{"self":[{"href":"https:\/\/www.pedromigao.com.br\/ourodetolo\/wp-json\/wp\/v2\/posts\/46424","targetHints":{"allow":["GET"]}}],"collection":[{"href":"https:\/\/www.pedromigao.com.br\/ourodetolo\/wp-json\/wp\/v2\/posts"}],"about":[{"href":"https:\/\/www.pedromigao.com.br\/ourodetolo\/wp-json\/wp\/v2\/types\/post"}],"author":[{"embeddable":true,"href":"https:\/\/www.pedromigao.com.br\/ourodetolo\/wp-json\/wp\/v2\/users\/49"}],"replies":[{"embeddable":true,"href":"https:\/\/www.pedromigao.com.br\/ourodetolo\/wp-json\/wp\/v2\/comments?post=46424"}],"version-history":[{"count":3,"href":"https:\/\/www.pedromigao.com.br\/ourodetolo\/wp-json\/wp\/v2\/posts\/46424\/revisions"}],"predecessor-version":[{"id":46430,"href":"https:\/\/www.pedromigao.com.br\/ourodetolo\/wp-json\/wp\/v2\/posts\/46424\/revisions\/46430"}],"wp:featuredmedia":[{"embeddable":true,"href":"https:\/\/www.pedromigao.com.br\/ourodetolo\/wp-json\/wp\/v2\/media\/46429"}],"wp:attachment":[{"href":"https:\/\/www.pedromigao.com.br\/ourodetolo\/wp-json\/wp\/v2\/media?parent=46424"}],"wp:term":[{"taxonomy":"category","embeddable":true,"href":"https:\/\/www.pedromigao.com.br\/ourodetolo\/wp-json\/wp\/v2\/categories?post=46424"},{"taxonomy":"post_tag","embeddable":true,"href":"https:\/\/www.pedromigao.com.br\/ourodetolo\/wp-json\/wp\/v2\/tags?post=46424"}],"curies":[{"name":"wp","href":"https:\/\/api.w.org\/{rel}","templated":true}]}}