{"id":46420,"date":"2017-06-22T10:56:51","date_gmt":"2017-06-22T13:56:51","guid":{"rendered":"http:\/\/www.pedromigao.com.br\/ourodetolo\/?p=46420"},"modified":"2017-06-22T10:58:27","modified_gmt":"2017-06-22T13:58:27","slug":"corte-na-verba-das-escolas-de-samba-nao-e-o-dinheiro-e-a-postura","status":"publish","type":"post","link":"https:\/\/www.pedromigao.com.br\/ourodetolo\/2017\/06\/corte-na-verba-das-escolas-de-samba-nao-e-o-dinheiro-e-a-postura\/","title":{"rendered":"Corte na verba das escolas de samba; n\u00e3o \u00e9 o dinheiro, \u00e9 a postura"},"content":{"rendered":"<p style=\"text-align: justify;\">Mas, afinal, qual \u00e9 o debate? O di\u00e1logo e a troca de ideias andam com profundidade perto do zero, nem formiga morre afogada, no Brasil atual. De um lado, a balela dos dez reais e do iogurte da merenda. Do outro, a falta de um direcionamento claro, de um posicionamento cordato e coerente. E, claro, de uma explica\u00e7\u00e3o plaus\u00edvel para a presta\u00e7\u00e3o de contas.<\/p>\n<p style=\"text-align: justify;\">Assim, nas brechas deixadas pela entidade que comanda, de fato, o carnaval carioca, cresce e ganha for\u00e7a e ader\u00eancia o discurso demagogo e raso do alcaide. E para quem gosta de samba, escolas de samba, carnaval, cultura, assusta, apavora a quantidade de gente que acaba apoiando a iniciativa de cortar pela metade (por enquanto) a verba destinada \u00e0s agremia\u00e7\u00f5es do Grupo Especial. Pobres escolas dos grupos de Acesso, nem agora s\u00e3o lembradas\u2026<\/p>\n<p style=\"text-align: justify;\">Nem vou me aprofundar na quest\u00e3o do que \u00e9 doa\u00e7\u00e3o e do que \u00e9 investimento, de como \u00e9 feito um or\u00e7amento p\u00fablico ou de como s\u00e3o maquiadas e manipuladas as informa\u00e7\u00f5es sobre repasse de verbas em diversos setores. Quem se informa al\u00e9m de 140 toques do twitter alheio j\u00e1 deve ter lido algum texto muito mais bem escrito sobre isso.<\/p>\n<p style=\"text-align: justify;\">Por tr\u00e1s do bate-boca est\u00e9ril desnuda-se, uma vez mais, a incapacidade das escolas de samba de constru\u00edrem e sustentarem a pr\u00f3pria imagem como centros de produ\u00e7\u00e3o e preserva\u00e7\u00e3o da cultura popular. S\u00e3o culpadas ao n\u00e3o terem aprendido a se dar valor. E agora veem seu valor inestim\u00e1vel ser calculado em reais.<\/p>\n<p style=\"text-align: justify;\"><img loading=\"lazy\" decoding=\"async\" class=\"wp-image-45710 size-medium alignleft\" src=\"http:\/\/www.pedromigao.com.br\/ourodetolo\/wp-content\/uploads\/2017\/03\/20170226_010855-300x225.jpg\" alt=\"\" width=\"300\" height=\"225\" srcset=\"https:\/\/www.pedromigao.com.br\/ourodetolo\/wp-content\/uploads\/2017\/03\/20170226_010855-300x225.jpg 300w, https:\/\/www.pedromigao.com.br\/ourodetolo\/wp-content\/uploads\/2017\/03\/20170226_010855-768x576.jpg 768w, https:\/\/www.pedromigao.com.br\/ourodetolo\/wp-content\/uploads\/2017\/03\/20170226_010855-453x340.jpg 453w\" sizes=\"auto, (max-width: 300px) 100vw, 300px\" \/>Ao mesmo tempo, como em outras esferas, n\u00e3o se vai ao \u00e2mago da quest\u00e3o. A total inapet\u00eancia do prefeito e seus perif\u00e9ricos de pensar fora do pragmatismo eleitoreiro-religioso. T\u00e3o \u00f3bvia quanto a trai\u00e7\u00e3o a quem lhe declarou apoio \u00e9 a motiva\u00e7\u00e3o anti-macumba (entre outras e com perd\u00e3o da simplifica\u00e7\u00e3o grosseira) do senhor bispo. Fossem ressalvas \u00e0 origem dos recursos de ordem \u201czool\u00f3gica\u201d de algumas escolas a foto, os abra\u00e7os e a declara\u00e7\u00e3o de voto desses mesmos \u201cempres\u00e1rios\u201d teriam sido recusadas. N\u00e3o foram.<\/p>\n<p style=\"text-align: justify;\">Vencida a batalha das urnas veio a a\u00e7\u00e3o. E descobrimos que cuidar das pessoas \u00e9 ignorar que milhares de seres humanos possuem empregos direta ou indiretamente ligados \u00e0 maior festa popular do pa\u00eds. \u00c9 fingir n\u00e3o ver que essa mesma festa traz bilh\u00f5es em recursos para a cidade e o Estado &#8211; falido &#8211; e movimentam a economia &#8211; em frangalhos. \u00c9 desconhecer que o povo quer comida, sim. Se poss\u00edvel com iogurte. Mas tamb\u00e9m se alimenta de divers\u00e3o e arte.<\/p>\n<p style=\"text-align: justify;\">N\u00e3o, caro senhor prefeito, carnaval n\u00e3o acontece tr\u00eas noites por ano. Tivesse o senhor cumprido seu dever, em fevereiro, e entregue as chaves ao Rei Momo saberia que at\u00e9 esta conta est\u00e1 errada. O carnaval, no Rio, dura muito mais que tr\u00eas noites. A come\u00e7ar pelas noites de desfile\u2026 S\u00e3o pelos menos seis (sexta, s\u00e1bado, domingo, segunda, ter\u00e7a e s\u00e1bado das Campe\u00e3s &#8211; s\u00f3 para ficar nas escolas de samba).<\/p>\n<p style=\"text-align: justify;\">Mas at\u00e9 simplificar o carnaval aos festejos de carnaval \u00e9 cegueira. J\u00e1 dizia Beto Sem Bra\u00e7o (o senhor conhece?): pior cego \u00e9 aquele que enxerga e n\u00e3o quer ver. O carnaval, como for\u00e7a econ\u00f4mica e cultural, existe por 365 dias e noites anuais.<img loading=\"lazy\" decoding=\"async\" class=\"wp-image-45358 size-medium alignright\" src=\"http:\/\/www.pedromigao.com.br\/ourodetolo\/wp-content\/uploads\/2017\/02\/20170228_013841-300x225.jpg\" alt=\"\" width=\"300\" height=\"225\" srcset=\"https:\/\/www.pedromigao.com.br\/ourodetolo\/wp-content\/uploads\/2017\/02\/20170228_013841-300x225.jpg 300w, https:\/\/www.pedromigao.com.br\/ourodetolo\/wp-content\/uploads\/2017\/02\/20170228_013841-768x576.jpg 768w, https:\/\/www.pedromigao.com.br\/ourodetolo\/wp-content\/uploads\/2017\/02\/20170228_013841-453x340.jpg 453w\" sizes=\"auto, (max-width: 300px) 100vw, 300px\" \/><\/p>\n<p>S\u00e3o as quadras localizadas em \u00e1reas onde o poder p\u00fablico, e o privado, se negam a investir. Onde n\u00e3o h\u00e1 cinema, teatro, praia, shopping, mas o samba resiste. S\u00e3o os projetos sociais e esportivos. S\u00e3o as iniciativas de qualifica\u00e7\u00e3o profissional. S\u00e3o as oficinas de percuss\u00e3o que tiram crian\u00e7as e jovens do tr\u00e1fico ensinando-lhes m\u00fasica. \u00c9 bem verdade que as escolas poderiam fazer muito mais do que fazem pelas suas comunidades.<\/p>\n<p style=\"text-align: justify;\">Mas isso n\u00e3o \u00e9 motivo para negar-lhes import\u00e2ncia e relev\u00e2ncia cultural, social, econ\u00f4mica. N\u00e3o \u00e9 motivo para querer v\u00ea-las apenas como um conjunto organizado de pessoas que atravessam uma avenida do centro da cidade durante pouco mais de uma hora.<\/p>\n<p style=\"text-align: justify;\">Ao mostrar que desconhece a hist\u00f3ria e as engrenagens de institui\u00e7\u00f5es t\u00e3o fundamentais para construir o que nos orgulhamos de chamar de Cidade Maravilhosa o prefeito se mostra indigno de comandar os destinos da popula\u00e7\u00e3o desta mesma cidade.<\/p>\n<p style=\"text-align: justify;\">investir em arte e cultura \u00e9, tamb\u00e9m, investir em educa\u00e7\u00e3o e sa\u00fade. Ningu\u00e9m, em s\u00e3 consci\u00eancia, seria contr\u00e1rio a um representante do Poder Executivo se colocar a favor de transpar\u00eancia na aloca\u00e7\u00e3o de recursos do Munic\u00edpio. O problema \u00e9 que isso n\u00e3o ficou claro. Pelo contr\u00e1rio. A forma como v\u00eam sendo conduzidas as conversas soa vingativa, preconceituosa, politiqueira e ignorante. Ignora tradi\u00e7\u00f5es, desrespeita rituais, choca e desanima.<\/p>\n<p style=\"text-align: justify;\"><img loading=\"lazy\" decoding=\"async\" class=\"wp-image-45295 size-medium alignleft\" src=\"http:\/\/www.pedromigao.com.br\/ourodetolo\/wp-content\/uploads\/2017\/02\/20170225_233304-300x225.jpg\" alt=\"\" width=\"300\" height=\"225\" srcset=\"https:\/\/www.pedromigao.com.br\/ourodetolo\/wp-content\/uploads\/2017\/02\/20170225_233304-300x225.jpg 300w, https:\/\/www.pedromigao.com.br\/ourodetolo\/wp-content\/uploads\/2017\/02\/20170225_233304-768x576.jpg 768w, https:\/\/www.pedromigao.com.br\/ourodetolo\/wp-content\/uploads\/2017\/02\/20170225_233304-453x340.jpg 453w\" sizes=\"auto, (max-width: 300px) 100vw, 300px\" \/>Faz com que a gente se sinta na Idade M\u00e9dia do debate, nas Trevas da discuss\u00e3o, no vel\u00f3rio dos argumentos. Vendo que tem gente que n\u00e3o se importa em deixar o samba morrer. E n\u00e3o porque n\u00e3o goste de samba. Mas por que n\u00e3o tem a menor ideia do que ele representa.<\/p>\n<p style=\"text-align: justify;\">Isso nada tem a ver com um milh\u00e3o a mais ou a menos. Isso tem a ver com a compreens\u00e3o &#8211; inexistente &#8211; do que seja pol\u00edtica cultural, com a incapacidade de entender que cuidar das pessoas vai al\u00e9m, muito al\u00e9m, de oferecer a elas a quase esmola embalada num pote de iogurte.<\/p>\n<p>[related_posts limit=&#8221;3&#8243;]<\/p>\n","protected":false},"excerpt":{"rendered":"<p>Mas, afinal, qual \u00e9 o debate? O di\u00e1logo e a troca de ideias andam com profundidade perto do zero, nem formiga morre afogada, no BrasilTour Details<\/p>\n","protected":false},"author":43,"featured_media":45392,"comment_status":"open","ping_status":"open","sticky":false,"template":"","format":"standard","meta":{"footnotes":""},"categories":[910],"tags":[18,19,1191],"class_list":["post-46420","post","type-post","status-publish","format-standard","has-post-thumbnail","hentry","category-carnaval-por-esporte","tag-carnaval","tag-escolas-de-samba","tag-marcello-crivella"],"_links":{"self":[{"href":"https:\/\/www.pedromigao.com.br\/ourodetolo\/wp-json\/wp\/v2\/posts\/46420","targetHints":{"allow":["GET"]}}],"collection":[{"href":"https:\/\/www.pedromigao.com.br\/ourodetolo\/wp-json\/wp\/v2\/posts"}],"about":[{"href":"https:\/\/www.pedromigao.com.br\/ourodetolo\/wp-json\/wp\/v2\/types\/post"}],"author":[{"embeddable":true,"href":"https:\/\/www.pedromigao.com.br\/ourodetolo\/wp-json\/wp\/v2\/users\/43"}],"replies":[{"embeddable":true,"href":"https:\/\/www.pedromigao.com.br\/ourodetolo\/wp-json\/wp\/v2\/comments?post=46420"}],"version-history":[{"count":3,"href":"https:\/\/www.pedromigao.com.br\/ourodetolo\/wp-json\/wp\/v2\/posts\/46420\/revisions"}],"predecessor-version":[{"id":46423,"href":"https:\/\/www.pedromigao.com.br\/ourodetolo\/wp-json\/wp\/v2\/posts\/46420\/revisions\/46423"}],"wp:featuredmedia":[{"embeddable":true,"href":"https:\/\/www.pedromigao.com.br\/ourodetolo\/wp-json\/wp\/v2\/media\/45392"}],"wp:attachment":[{"href":"https:\/\/www.pedromigao.com.br\/ourodetolo\/wp-json\/wp\/v2\/media?parent=46420"}],"wp:term":[{"taxonomy":"category","embeddable":true,"href":"https:\/\/www.pedromigao.com.br\/ourodetolo\/wp-json\/wp\/v2\/categories?post=46420"},{"taxonomy":"post_tag","embeddable":true,"href":"https:\/\/www.pedromigao.com.br\/ourodetolo\/wp-json\/wp\/v2\/tags?post=46420"}],"curies":[{"name":"wp","href":"https:\/\/api.w.org\/{rel}","templated":true}]}}