{"id":46347,"date":"2017-06-14T04:20:36","date_gmt":"2017-06-14T07:20:36","guid":{"rendered":"http:\/\/www.pedromigao.com.br\/ourodetolo\/?p=46347"},"modified":"2017-06-13T21:08:15","modified_gmt":"2017-06-14T00:08:15","slug":"algumas-dicas-para-quem-vem-a-ilha-do-urubu","status":"publish","type":"post","link":"https:\/\/www.pedromigao.com.br\/ourodetolo\/2017\/06\/algumas-dicas-para-quem-vem-a-ilha-do-urubu\/","title":{"rendered":"Algumas dicas para quem vem \u00e0 Ilha do Urubu"},"content":{"rendered":"<p style=\"text-align: justify;\">Finalmente, o Flamengo inaugura na noite desta quarta-feira a sua casa para os pr\u00f3ximos tr\u00eas anos, ao menos. Ap\u00f3s obras que sofreram alguns atrasos devido a diversas quest\u00f5es, os alvar\u00e1s e licen\u00e7as foram finalmente obtidos e hoje recebe a inaugura\u00e7\u00e3o nesta segunda fase \u2013 o time j\u00e1 mandou jogos em um esquema parecido no ano de 2005, neste mesmo lugar.<\/p>\n<p style=\"text-align: justify;\">Conversando com a jornalista Cris Dissat, <a href=\"http:\/\/www.fimdejogo.com.br\/blog\/2017\/06\/02\/estadio-da-ilha\/\" target=\"_blank\" rel=\"noopener\"><span style=\"color: #ff6600;\">coordenadora do site Fim de Jogo<\/span><\/a> \u2013 indispens\u00e1vel a quem frequenta estados Rio de Janeiro afora \u2013 surgiu a sugest\u00e3o de escrever sobre alguns aspectos especialmente de acesso, haja visto que as informa\u00e7\u00f5es dos canais oficiais, at\u00e9 o momento em que escrevo, est\u00e3o difusas e incompletas.<\/p>\n<p style=\"text-align: justify;\">A ideia aqui \u00e9, como morador da Ilha do Governador, dar algumas dicas a quem vir\u00e1 nesta primeira noite de jogo. N\u00e3o ficarei nem longe de esgotar o assunto, mas espero que ajude aos leitores.<\/p>\n<p style=\"text-align: justify;\">Por t\u00f3picos:<\/p>\n<p style=\"text-align: justify;\"><strong><a href=\"http:\/\/www.pedromigao.com.br\/ourodetolo\/wp-content\/uploads\/2017\/06\/Linha-Vermelha-acesso.jpg\"><img loading=\"lazy\" decoding=\"async\" class=\"aligncenter wp-image-46349\" src=\"http:\/\/www.pedromigao.com.br\/ourodetolo\/wp-content\/uploads\/2017\/06\/Linha-Vermelha-acesso-453x340.jpg\" alt=\"\" width=\"592\" height=\"444\" srcset=\"https:\/\/www.pedromigao.com.br\/ourodetolo\/wp-content\/uploads\/2017\/06\/Linha-Vermelha-acesso-453x340.jpg 453w, https:\/\/www.pedromigao.com.br\/ourodetolo\/wp-content\/uploads\/2017\/06\/Linha-Vermelha-acesso-300x225.jpg 300w, https:\/\/www.pedromigao.com.br\/ourodetolo\/wp-content\/uploads\/2017\/06\/Linha-Vermelha-acesso-768x576.jpg 768w, https:\/\/www.pedromigao.com.br\/ourodetolo\/wp-content\/uploads\/2017\/06\/Linha-Vermelha-acesso.jpg 2048w\" sizes=\"auto, (max-width: 592px) 100vw, 592px\" \/><\/a>1 \u2013 Tr\u00e2nsito<\/strong><\/p>\n<p style=\"text-align: justify;\">Em um dia comum, a chegada \u00e0 Ilha do Governador j\u00e1 \u00e9 complicada. Tanto a Linha Vermelha como a Avenida Brasil desembocam no mesmo lugar, e o bairro tem apenas uma entrada e uma sa\u00edda.<\/p>\n<p style=\"text-align: justify;\">Como desgra\u00e7a pouca \u00e9 bobagem, este primeiro jogo ser\u00e1 em uma v\u00e9spera de feriad\u00e3o e ainda por cima a previs\u00e3o \u00e9 de chuva. Ou seja, paci\u00eancia.<\/p>\n<p style=\"text-align: justify;\">A op\u00e7\u00e3o pela Brasil ou pela Linha Vermelha neste momento \u00e9 indiferente: a primeira convive com obras e a segunda, por conta disso, recebeu um fluxo extra de carros. A foto acima, tirada na segunda feira por volta de 18h50, d\u00e1 um bom exemplo.<\/p>\n<p style=\"text-align: justify;\">Sugiro reservar de 1h30 a duas horas caso v\u00e1 de carro ou \u00f4nibus. No m\u00ednimo. No m\u00ednimo mesmo. E tor\u00e7a para n\u00e3o haver acidentes ou carros engui\u00e7ados.<\/p>\n<p style=\"text-align: justify;\">No retorno, \u00e9 poss\u00edvel que haja engarrafamentos na Linha Vermelha e na Avenida Brasil, especialmente no sentido Centro, devido \u00e0 sa\u00edda do Rio de Janeiro via Ponte Rio-Niter\u00f3i para o feriad\u00e3o. Dependendo do fluxo, pode haver reflexos at\u00e9 na Estrada do Gale\u00e3o, avenida que representa entrada e sa\u00edda da Ilha do Governador.<\/p>\n<p style=\"text-align: justify;\"><strong><a href=\"http:\/\/www.pedromigao.com.br\/ourodetolo\/wp-content\/uploads\/2017\/06\/esquema-de-transito-ilha-do-urubu.jpg\"><img loading=\"lazy\" decoding=\"async\" class=\"aligncenter wp-image-46350\" src=\"http:\/\/www.pedromigao.com.br\/ourodetolo\/wp-content\/uploads\/2017\/06\/esquema-de-transito-ilha-do-urubu-550x208.jpg\" alt=\"\" width=\"592\" height=\"224\" srcset=\"https:\/\/www.pedromigao.com.br\/ourodetolo\/wp-content\/uploads\/2017\/06\/esquema-de-transito-ilha-do-urubu-550x208.jpg 550w, https:\/\/www.pedromigao.com.br\/ourodetolo\/wp-content\/uploads\/2017\/06\/esquema-de-transito-ilha-do-urubu-300x114.jpg 300w, https:\/\/www.pedromigao.com.br\/ourodetolo\/wp-content\/uploads\/2017\/06\/esquema-de-transito-ilha-do-urubu-768x291.jpg 768w, https:\/\/www.pedromigao.com.br\/ourodetolo\/wp-content\/uploads\/2017\/06\/esquema-de-transito-ilha-do-urubu.jpg 1572w\" sizes=\"auto, (max-width: 592px) 100vw, 592px\" \/><\/a>2 \u2013 Estacionamento<\/strong><\/p>\n<p style=\"text-align: justify;\">No momento em que escrevo, a situa\u00e7\u00e3o \u00e9 a seguinte: os tr\u00eas estacionamentos que poderiam atender a parte do p\u00fablico estar\u00e3o indispon\u00edveis.<\/p>\n<p style=\"text-align: justify;\">O Extra, pela sua entrada estar dentro da \u00e1rea de bloqueio ao tr\u00e2nsito. O Casa Show \u2013 \u00e0 esquerda na imagem, clique para ampliar \u2013 e o Assai por fecharem antes do t\u00e9rmino da partida. O mesmo vale para o Ilha Plaza, que fica um pouco mais distante, mas &#8220;caminh\u00e1vel&#8221;.<\/p>\n<p style=\"text-align: justify;\">Pode ser que o Extra coloque em m\u00e3o-dupla o acesso de ve\u00edculos pela Estrada do Gale\u00e3o, normalmente utilizado apenas para sa\u00edda, mas oficialmente nada foi anunciado. Caso esteja funcionando, \u00e9 uma possibilidade, mas fecha \u00e0s 23 horas \u2013 ou seja, a princ\u00edpio, \u00e9 um hor\u00e1rio muito apertado.<\/p>\n<p style=\"text-align: justify;\">O que sobram s\u00e3o dois estacionamentos em frente ao Extra e ao McDonald\u00b4s, entre a Estrada do Gale\u00e3o e a Rua Camba\u00faba, que somados tem pouco mais que 100 vagas dispon\u00edveis. E um terceiro na Rua Colina, com algo em torno de 40. Muito pouco, convenhamos.<\/p>\n<p style=\"text-align: justify;\">Estes s\u00e3o rotativos e fica em torno de R$15 para tr\u00eas horas de perman\u00eancia \u2013 um pouco menos no situado \u00e0 Rua Colina. Isso em um dia normal.<\/p>\n<p style=\"text-align: justify;\">Parar na rua ser\u00e1 impratic\u00e1vel porque haver\u00e1 opera\u00e7\u00e3o da Guarda Municipal multando e rebocando carros \u2013 especialmente na Rua Camba\u00faba.<\/p>\n<p style=\"text-align: justify;\">Com sorte, pode-se encontrar algumas vagas em rua no Quebra Coco, sub-bairro do Jardim Guanabara (\u00e0 direita da Estrada do Gale\u00e3o). Mas estas, al\u00e9m do risco de uma \u201cincerta\u201d da Guarda Municipal, ficam a cerca de 1,5km de dist\u00e2ncia do est\u00e1dio.<\/p>\n<p style=\"text-align: justify;\">O aeroporto do Gale\u00e3o pode ser uma alternativa, mas h\u00e1 inconvenientes: o estacionamento \u00e9 caro, as linhas de \u00f4nibus s\u00e3o em quantidade muito reduzida e a m\u00e1 vontade dos taxistas em fazer corridas para dentro da Ilha do Governador j\u00e1 \u00e9 folcl\u00f3rica. A op\u00e7\u00e3o seria pegar um BRT voltando para o Terminal Fund\u00e3o e acessar o servi\u00e7o especial de \u00f4nibus para o est\u00e1dio.<\/p>\n<p style=\"text-align: justify;\">Ou seja: para a partida de amanh\u00e3, e tamb\u00e9m a ser disputada contra o S\u00e3o Paulo, ser\u00e1 virtualmente imposs\u00edvel estacionar. No jogo contra a Chapecoense, que deve terminar por volta de 21h20, Assai e Casa Show, para quem vier cedo, podem ser op\u00e7\u00f5es.<\/p>\n<p style=\"text-align: justify;\">Para o leitor ter uma ideia, eu deixarei meu carro em casa vindo do trabalho e irei caminhando \u2013 1,3km de dist\u00e2ncia.<\/p>\n<p style=\"text-align: justify;\"><strong><a href=\"http:\/\/www.pedromigao.com.br\/ourodetolo\/wp-content\/uploads\/2016\/02\/20160221_093633.jpg\"><img loading=\"lazy\" decoding=\"async\" class=\"aligncenter wp-image-40415\" src=\"http:\/\/www.pedromigao.com.br\/ourodetolo\/wp-content\/uploads\/2016\/02\/20160221_093633-550x309.jpg\" alt=\"\" width=\"593\" height=\"333\" srcset=\"https:\/\/www.pedromigao.com.br\/ourodetolo\/wp-content\/uploads\/2016\/02\/20160221_093633-550x309.jpg 550w, https:\/\/www.pedromigao.com.br\/ourodetolo\/wp-content\/uploads\/2016\/02\/20160221_093633-300x169.jpg 300w, https:\/\/www.pedromigao.com.br\/ourodetolo\/wp-content\/uploads\/2016\/02\/20160221_093633-768x432.jpg 768w\" sizes=\"auto, (max-width: 593px) 100vw, 593px\" \/><\/a>3 \u2013 Como Chegar<\/strong><\/p>\n<p style=\"text-align: justify;\">Como o leitor viu acima, ir de carro, a n\u00e3o ser que seja morador do bairro, \u00e9 uma alternativa quase imposs\u00edvel. As linhas de \u00f4nibus s\u00e3o poucas e operam em intervalos irregulares. As op\u00e7\u00f5es, ent\u00e3o, s\u00e3o poucas:<\/p>\n<p style=\"text-align: justify;\"><em>3.1. \u2013 BRT<\/em>: h\u00e1 a promessa de uma linha de \u00f4nibus extra do Terminal Fund\u00e3o para a Ilha do Urubu. Sinceramente, parece ser a melhor op\u00e7\u00e3o. N\u00e3o h\u00e1 estacionamento no terminal, contudo nas ruas do entorno h\u00e1 (alguma) condi\u00e7\u00e3o de parar o carro. Mas tenha (bastante) cuidado que a \u00e1rea \u00e9 bastante deserta, especialmente \u00e0 noite.<\/p>\n<p style=\"text-align: justify;\"><em>3.2 \u2013 \u00d4nibus:<\/em> especialmente para quem vem do Centro pode ser uma op\u00e7\u00e3o; h\u00e1 algumas linhas tanto comuns como \u201cfresc\u00f5es\u201d. Quem for para o Setor Oeste deve descer em frente ao Casa Show; para os demais, em frente ao Extra.<\/p>\n<p style=\"text-align: justify;\"><em>3.3 \u2013 T\u00e1xis\/Uber:<\/em> haver\u00e1 pontos de t\u00e1xi especiais para a sa\u00edda do est\u00e1dio, mas n\u00e3o \u00e9 uma op\u00e7\u00e3o barata: apenas chegar \u00e0 sa\u00edda da Ilha, em bandeira 2, d\u00e1 aproximadamente R$20. O Uber, na ida, pode ser uma op\u00e7\u00e3o mais em conta, apesar dos engarrafamentos previstos.<\/p>\n<p style=\"text-align: justify;\"><em>3.4 \u2013 Metr\u00f4:<\/em> n\u00e3o \u00e9 uma op\u00e7\u00e3o. A esta\u00e7\u00e3o mais pr\u00f3xima \u00e9 a do Shopping Nova Am\u00e9rica e n\u00e3o se consegue sair do est\u00e1dio e chegar \u00e0 esta\u00e7\u00e3o antes do fechamento \u00e0 meia noite. Ainda mais com o engarrafamento previsto no retorno para o jogo de hoje.<\/p>\n<p style=\"text-align: justify;\"><em>3.5 \u2013 Servi\u00e7o \u201cFlaBus\u201d:<\/em> o Flamengo disponibilizou servi\u00e7o de \u00f4nibus saindo de alguns locais da cidade para os s\u00f3cios torcedores, a R$50 ida e volta. \u00c9 uma op\u00e7\u00e3o mais em conta que os t\u00e1xis\/Uber, mas a p\u00e1gina do servi\u00e7o n\u00e3o d\u00e1 detalhes de hor\u00e1rios nem dos pontos exatos de parada. Contudo, pode ser uma boa alternativa.<\/p>\n<p style=\"text-align: justify;\">Finalizo este artigo dizendo que tanto o clube como o <span style=\"color: #ff6600;\"><a href=\"http:\/\/prefeitura.rio\/web\/guest\/exibeconteudo?id=7089832\" target=\"_blank\" rel=\"noopener\">Centro de Opera\u00e7\u00f5es da Prefeitura<\/a> <\/span>deixaram bastante a desejar no sentido de esclarecerem estas quest\u00f5es, fundamentais aos cerca de 20 mil torcedores que estar\u00e3o presentes nesta partida de abertura da arena.<\/p>\n<p style=\"text-align: justify;\">D\u00favidas, adi\u00e7\u00f5es, utilize a \u00e1rea de coment\u00e1rios.<\/p>\n<p><strong>Imagens: Celso Pupo\/Fim de Jogo, Arquivo Ouro de Tolo e Reprodu\u00e7\u00e3o Google Maps<\/strong><\/p>\n<p>[related_posts limit=&#8221;3&#8243;]<\/p>\n","protected":false},"excerpt":{"rendered":"<p>Finalmente, o Flamengo inaugura na noite desta quarta-feira a sua casa para os pr\u00f3ximos tr\u00eas anos, ao menos. Ap\u00f3s obras que sofreram alguns atrasos devidoTour Details<\/p>\n","protected":false},"author":2,"featured_media":46348,"comment_status":"open","ping_status":"open","sticky":false,"template":"","format":"standard","meta":{"footnotes":""},"categories":[289],"tags":[42,37,105],"class_list":["post-46347","post","type-post","status-publish","format-standard","has-post-thumbnail","hentry","category-pedro-migao","tag-flamengo","tag-futebol","tag-transito"],"_links":{"self":[{"href":"https:\/\/www.pedromigao.com.br\/ourodetolo\/wp-json\/wp\/v2\/posts\/46347","targetHints":{"allow":["GET"]}}],"collection":[{"href":"https:\/\/www.pedromigao.com.br\/ourodetolo\/wp-json\/wp\/v2\/posts"}],"about":[{"href":"https:\/\/www.pedromigao.com.br\/ourodetolo\/wp-json\/wp\/v2\/types\/post"}],"author":[{"embeddable":true,"href":"https:\/\/www.pedromigao.com.br\/ourodetolo\/wp-json\/wp\/v2\/users\/2"}],"replies":[{"embeddable":true,"href":"https:\/\/www.pedromigao.com.br\/ourodetolo\/wp-json\/wp\/v2\/comments?post=46347"}],"version-history":[{"count":4,"href":"https:\/\/www.pedromigao.com.br\/ourodetolo\/wp-json\/wp\/v2\/posts\/46347\/revisions"}],"predecessor-version":[{"id":46355,"href":"https:\/\/www.pedromigao.com.br\/ourodetolo\/wp-json\/wp\/v2\/posts\/46347\/revisions\/46355"}],"wp:featuredmedia":[{"embeddable":true,"href":"https:\/\/www.pedromigao.com.br\/ourodetolo\/wp-json\/wp\/v2\/media\/46348"}],"wp:attachment":[{"href":"https:\/\/www.pedromigao.com.br\/ourodetolo\/wp-json\/wp\/v2\/media?parent=46347"}],"wp:term":[{"taxonomy":"category","embeddable":true,"href":"https:\/\/www.pedromigao.com.br\/ourodetolo\/wp-json\/wp\/v2\/categories?post=46347"},{"taxonomy":"post_tag","embeddable":true,"href":"https:\/\/www.pedromigao.com.br\/ourodetolo\/wp-json\/wp\/v2\/tags?post=46347"}],"curies":[{"name":"wp","href":"https:\/\/api.w.org\/{rel}","templated":true}]}}