{"id":43648,"date":"2016-11-13T09:20:43","date_gmt":"2016-11-13T11:20:43","guid":{"rendered":"http:\/\/www.pedromigao.com.br\/ourodetolo\/?p=43648"},"modified":"2016-11-10T11:30:24","modified_gmt":"2016-11-10T13:30:24","slug":"pega-no-amere-malafaia","status":"publish","type":"post","link":"https:\/\/www.pedromigao.com.br\/ourodetolo\/2016\/11\/pega-no-amere-malafaia\/","title":{"rendered":"Pega no amer\u00ea, Malafaia!"},"content":{"rendered":"<p style=\"text-align: justify;\">Domingo passado no Enem a reda\u00e7\u00e3o foi sobre intoler\u00e2ncia religiosa.<\/p>\n<p style=\"text-align: justify;\">Um monte de gente vibrou em redes sociais dizendo &#8220;Quero ver como os evang\u00e9licos v\u00e3o se sair nessa&#8221;. Bem, com esse pensamento, ainda bem que eles estavam nas redes sociais e n\u00e3o fazendo a tal reda\u00e7\u00e3o porque tomariam bomba j\u00e1 que isso tamb\u00e9m \u00e9 intoler\u00e2ncia religiosa.<\/p>\n<p style=\"text-align: justify;\">Apesar de reconhecer que uma parcela dos evang\u00e9licos \u00e9 a respons\u00e1vel pela intoler\u00e2ncia religiosa hoje no pa\u00eds, n\u00e3o d\u00e1 para botar a culpa toda neles. Primeiro porque como eu disse \u00e9 uma parcela, muitos n\u00e3o s\u00e3o e n\u00e3o s\u00e3o poucos os evang\u00e9licos e suas igrejas que praticam o bem e ajudam o pr\u00f3ximo. O evang\u00e9lico, por exemplo, \u00e9 o que mais aceita o aquele que j\u00e1 cometeu um desvio na vida como presidi\u00e1rio ou quem cumpriu deten\u00e7\u00e3o, e acho isso bonito.<\/p>\n<p style=\"text-align: justify;\">Segundo, porque n\u00e3o foram os evang\u00e9licos que inventaram a intoler\u00e2ncia ou a guerra religiosa. S\u00f3 lembrarmos dos tempos da inquisi\u00e7\u00e3o e que as maiores guerras da hist\u00f3ria da humanidade tinham a f\u00e9 passada de forma errada como mote. S\u00f3 pensar no Estado Isl\u00e2mico e todo o perigo que ele representa.<\/p>\n<p style=\"text-align: justify;\">Isto posto digo que eu tenho s\u00e9rios problemas com as religi\u00f5es e m\u00e1ximo repeito a religiosidade. Acho que a f\u00e9 e o temor e Deus, seja qual Deus se acredite, \u00e9 o que ainda mant\u00e9m o planeta em p\u00e9. Se um dia a ci\u00eancia provar que Deus n\u00e3o existe, a f\u00e9 \u00e9 in\u00f3cua e podemos fazer o que quisermos que n\u00e3o seremos castigados por Deus isso aqui explode.<\/p>\n<p style=\"text-align: justify;\">A f\u00e9 \u00e9 bonita, na f\u00e9 n\u00f3s encontramos for\u00e7a, acreditamos no imposs\u00edvel. Crer em Deus ou em alguma energia c\u00f3smica nos tira da desesperan\u00e7a, da depress\u00e3o e nos faz acreditar que algo nos tirar\u00e1 de um momento sombrio, de dificuldades nem que seja a nossa for\u00e7a de vontade e a gente nem perceba.<\/p>\n<p style=\"text-align: justify;\">Por isso, acho que a f\u00e9 deve ser respeitada, por isso acho nojento quem se aproveita da f\u00e9, do amor a um Deus para tirar proveito financeiro ou alcan\u00e7ar poder.<\/p>\n<p style=\"text-align: justify;\">Sim, estou falando daquelas pessoas mesmo que voc\u00eas est\u00e3o imaginando. De todos os tipos de bandidos que existem os piores s\u00e3o aqueles que enriquecem pegando doa\u00e7\u00f5es de quem mal tem para comer, para sustentar suas casas, mas passam aquele pouco que tem na esperan\u00e7a de alcan\u00e7ar uma vida melhor.<\/p>\n<p style=\"text-align: justify;\">Enriquecem, compram fazendas, viram magnatas da comunica\u00e7\u00e3o atrav\u00e9s do suor alheio, da esperan\u00e7a. Debocham da f\u00e9 e de Deus. Um ateu tem mais respeito a Deus que esses falsos profetas porque pelo menos ele \u00e9 verdadeiro e admite n\u00e3o acreditar em Deus. N\u00e3o lhe usa em proveito pr\u00f3prio.<\/p>\n<p style=\"text-align: justify;\">S\u00e3o empres\u00e1rios, donos de franquia, deturpam a palavra de Deus para pregar o \u00f3dio, a intoler\u00e2ncia e debocham indo totalmente contra os ensinamentos de Deus que sempre passou a compaix\u00e3o e o amor ao pr\u00f3ximo.<\/p>\n<p style=\"text-align: justify;\">Intoler\u00e2ncia religiosa. N\u00e3o vivemos sob o perigo do Estado Isl\u00e2mico, apenas de uma igreja que faz um planejamento de tomada de poder atrav\u00e9s da f\u00e9, m\u00eddia e pol\u00edtica apoiada em fanfarr\u00f5es como Silas Malafaia. Pastor que prega tudo aquilo contr\u00e1rio que se espera de um l\u00edder de rebanhos, de um mensageiro da palavra de Cristo.<\/p>\n<p style=\"text-align: justify;\">Pra voc\u00eas verem, os estudantes perderam tanto tempo fazendo uma reda\u00e7\u00e3o, eu escrevi tanto nessa coluna quando para falar de intoler\u00e2ncia religiosa bastava colocar uma foto de Silas Malafaia. O raivoso e intolerante que ajuda a dividir ainda mais um pa\u00eds t\u00e3o dividido. Talvez ele precise entender o que \u00e9 o amor, o respeito. Ser\u00e1 que consegue? Talvez ele precise se encontrar como pessoa, talvez ca\u00e7ar o que o Boechat sugeriu ou quem sabe cair no samba. Olha, essa de repente \u00e9 uma boa ent\u00e3o fica a\u00ed o conselho. Caia no samba, abra suas asas, solte suas feras, bote pra fora seu lado mulata e seja feliz deixando os outros tamb\u00e9m serem felizes.<\/p>\n<p style=\"text-align: justify;\"><img loading=\"lazy\" decoding=\"async\" class=\"size-full wp-image-43650 alignleft\" src=\"http:\/\/www.pedromigao.com.br\/ourodetolo\/wp-content\/uploads\/2016\/11\/Silas2.jpg\" alt=\"silas2\" width=\"297\" height=\"170\" \/>Pega no amer\u00ea, Malafaia!<\/p>\n<p style=\"text-align: justify;\">Twitter &#8211; @aloisiovillar<\/p>\n<p style=\"text-align: justify;\">Fcebook &#8211; Aloisio Villar<\/p>\n","protected":false},"excerpt":{"rendered":"<p>Domingo passado no Enem a reda\u00e7\u00e3o foi sobre intoler\u00e2ncia religiosa. Um monte de gente vibrou em redes sociais dizendo &#8220;Quero ver como os evang\u00e9licos v\u00e3oTour Details<\/p>\n","protected":false},"author":8,"featured_media":43649,"comment_status":"open","ping_status":"open","sticky":false,"template":"","format":"standard","meta":{"footnotes":""},"categories":[8],"tags":[692,797,24,9],"class_list":["post-43648","post","type-post","status-publish","format-standard","has-post-thumbnail","hentry","category-orun-aye","tag-homofobia","tag-intolerancia","tag-politica","tag-religiao"],"_links":{"self":[{"href":"https:\/\/www.pedromigao.com.br\/ourodetolo\/wp-json\/wp\/v2\/posts\/43648","targetHints":{"allow":["GET"]}}],"collection":[{"href":"https:\/\/www.pedromigao.com.br\/ourodetolo\/wp-json\/wp\/v2\/posts"}],"about":[{"href":"https:\/\/www.pedromigao.com.br\/ourodetolo\/wp-json\/wp\/v2\/types\/post"}],"author":[{"embeddable":true,"href":"https:\/\/www.pedromigao.com.br\/ourodetolo\/wp-json\/wp\/v2\/users\/8"}],"replies":[{"embeddable":true,"href":"https:\/\/www.pedromigao.com.br\/ourodetolo\/wp-json\/wp\/v2\/comments?post=43648"}],"version-history":[{"count":0,"href":"https:\/\/www.pedromigao.com.br\/ourodetolo\/wp-json\/wp\/v2\/posts\/43648\/revisions"}],"wp:featuredmedia":[{"embeddable":true,"href":"https:\/\/www.pedromigao.com.br\/ourodetolo\/wp-json\/wp\/v2\/media\/43649"}],"wp:attachment":[{"href":"https:\/\/www.pedromigao.com.br\/ourodetolo\/wp-json\/wp\/v2\/media?parent=43648"}],"wp:term":[{"taxonomy":"category","embeddable":true,"href":"https:\/\/www.pedromigao.com.br\/ourodetolo\/wp-json\/wp\/v2\/categories?post=43648"},{"taxonomy":"post_tag","embeddable":true,"href":"https:\/\/www.pedromigao.com.br\/ourodetolo\/wp-json\/wp\/v2\/tags?post=43648"}],"curies":[{"name":"wp","href":"https:\/\/api.w.org\/{rel}","templated":true}]}}