{"id":43496,"date":"2016-10-31T06:46:07","date_gmt":"2016-10-31T08:46:07","guid":{"rendered":"http:\/\/www.pedromigao.com.br\/ourodetolo\/?p=43496"},"modified":"2016-10-28T16:50:49","modified_gmt":"2016-10-28T18:50:49","slug":"como-diz-luisa-mell","status":"publish","type":"post","link":"https:\/\/www.pedromigao.com.br\/ourodetolo\/2016\/10\/como-diz-luisa-mell\/","title":{"rendered":"Como diz Luisa Mell\u2026"},"content":{"rendered":"<p style=\"text-align: justify;\">J\u00e1 estamos quase em novembro, o carnaval se aproxima e um importante passo rumo \u00e0 folia j\u00e1 foi dado com as safras de samba j\u00e1 definidas. Ao fazer uma an\u00e1lise e ouvir diversas vezes as obras dos grupos Especial e de Acesso de S\u00e3o Paulo e Rio de Janeiro uma discrep\u00e2ncia me chamou aten\u00e7\u00e3o.<\/p>\n<p style=\"text-align: justify;\">Em solo carioca entre as concorridas disputas e finais de cada escola, mais uma vez a Renascer de Jacarepagu\u00e1 adotou a estrat\u00e9gia de encomendar seu hino para 2017; coube a Cl\u00e1udio Russo, Moacyr Luz e Diego Nicolau a miss\u00e3o de detalhar em versos a hist\u00f3ria de \u201cO papel e o mar\u201d, o que na minha opini\u00e3o resultou no grande samba para o ano que se aproxima.<\/p>\n<p style=\"text-align: justify;\">Pois bem, mudando o foco para S\u00e3o Paulo encontramos duas agremia\u00e7\u00f5es que tamb\u00e9m abriram m\u00e3o das disputas e utilizaram-se da mesma linha da Renascer; mas com prop\u00f3sito, execu\u00e7\u00e3o e resultados bem diferentes.<\/p>\n<p><iframe loading=\"lazy\" title=\"RENASCER DE JACAREPAGUA 2017\" width=\"525\" height=\"295\" src=\"https:\/\/www.youtube.com\/embed\/SlEWBnbkt54?feature=oembed\" frameborder=\"0\" allow=\"accelerometer; autoplay; clipboard-write; encrypted-media; gyroscope; picture-in-picture; web-share\" referrerpolicy=\"strict-origin-when-cross-origin\" allowfullscreen><\/iframe><\/p>\n<p style=\"text-align: justify;\">A primeira foi a atual campe\u00e3 da folia paulistana. A Imp\u00e9rio de Casa Verde trar\u00e1 para o Anhembi uma bonita mensagem com o enredo \u201cPaz, o imp\u00e9rio da nova era\u201d, do carnavalesco Jorge Freitas e apostou novamente em um samba descritivo, que desenha o desfile setor a setor.<\/p>\n<p style=\"text-align: justify;\">N\u00e3o estou dizendo que \u00e9 ruim; pelo contr\u00e1rio, creio que ir\u00e1 ser funcional para que os componentes cantem e que o entendimento seja pleno do tema. O que me incomoda \u00e9 que me parece comum, que eu j\u00e1 ouvi algo muito semelhante e que poderia ser muito mais.<\/p>\n<p style=\"text-align: justify;\">A outra escola em quest\u00e3o \u00e9 a \u00c1guia de Ouro e aqui falamos da minha grande decep\u00e7\u00e3o para 2017. Digo isso porque eu adorei o enredo \u201cAmor com amor se paga\u201d do carnavalesco Amarildo de Mello e acho que falar sobre a rela\u00e7\u00e3o de n\u00f3s humanos com nossos queridos pets era algo que falta na maior festa popular do planeta.<\/p>\n<p><iframe loading=\"lazy\" title=\"\u00c1guia de Ouro: samba-enredo para o Carnaval 2017\" width=\"525\" height=\"295\" src=\"https:\/\/www.youtube.com\/embed\/_6Tvo23wSOg?feature=oembed\" frameborder=\"0\" allow=\"accelerometer; autoplay; clipboard-write; encrypted-media; gyroscope; picture-in-picture; web-share\" referrerpolicy=\"strict-origin-when-cross-origin\" allowfullscreen><\/iframe><\/p>\n<p style=\"text-align: justify;\">Esta aprova\u00e7\u00e3o me fez aguardar ansiosamente pelo samba, mas ao ouvi-lo fiquei com a sensa\u00e7\u00e3o de que uma grande oportunidade foi desperdi\u00e7ada. Assim como o \u201cTigre Guerreiro\u201d, a \u00c1guia desenvolveu uma obra descritiva que nos d\u00e1 uma clara ideia sobre qual ser\u00e1 cada alegoria na ordem proposta; o refr\u00e3o principal tem uma boa melodia e a obra deveria ser mediana no meio da safra, por\u00e9m&#8230;<\/p>\n<p style=\"text-align: justify;\">Na segunda do samba, que fala sobre a preven\u00e7\u00e3o e o cuidado que devemos ter com nossos queridos amiguinhos, nos surpreendemos com o trecho <em>\u201cComo diz Luisa Mell, n\u00e3o maltrate os animais\u201d<\/em> que, no meu modo de ver, rebaixa o hino ao pior das 14 escolas de S\u00e3o Paulo para o ano que vem.<\/p>\n<p style=\"text-align: justify;\">N\u00e3o tenho nada contra a bela apresentadora e assim como ela sou apaixonado por animais, gostei tamb\u00e9m dela ter sido escolhida como embaixadora do enredo, achei que tem tudo a ver pois ela levanta h\u00e1 anos a bandeira da prote\u00e7\u00e3o aos pets em rede nacional e ajudou muito nesse sentido.<\/p>\n<p style=\"text-align: justify;\">Mas da\u00ed a cit\u00e1-la no samba-enredo como grande protetora da humanidade \u00e9 perder um pouco a dimens\u00e3o das coisas, afinal citar algu\u00e9m no enredo torna este a grande personalidade em rela\u00e7\u00e3o ao tema e se h\u00e1 algu\u00e9m com esta gradua\u00e7\u00e3o sobre a preserva\u00e7\u00e3o \u00e9 S\u00e3o Francisco de Assis, o santo protetor dos animais, n\u00e3o a l\u00edder de um simples programa de televis\u00e3o.<\/p>\n<p>https:\/\/www.youtube.com\/watch?v=rM3VjtgUCzo<\/p>\n<p style=\"text-align: justify;\">Diante dos tr\u00eas casos de sambas encomendados lan\u00e7o a pergunta aos leitores. Por que no Rio acertaram a m\u00e3o e em S\u00e3o Paulo n\u00e3o?<\/p>\n<p style=\"text-align: justify;\">O que eu penso \u00e9 que, al\u00e9m da qualidade indiscut\u00edvel do trio da Renascer eles trabalham com o objetivo de fazer hist\u00f3ria; por isso conseguiram pela segunda vez em tr\u00eas anos terem o melhor samba da S\u00e9rie A, feito alcan\u00e7ado pela poesia banhada sobre os versos e a busca por riqueza neste g\u00eanero t\u00e3o cultural do nosso pa\u00eds.<\/p>\n<p style=\"text-align: justify;\">Do outro lado vejo que objetivo das escolas paulistanas encomendarem sambas \u00e9 o de acompanharem sua execu\u00e7\u00e3o, palpitarem sobre ela para assegurar que o enredo seja contado a risca pelos compositores. Ou seja, n\u00e3o se busca a eternidade, n\u00e3o se sonha com que a obra seja lembrada por anos e anos: apenas se busca a nota dez de cada jurado dos quesitos de canto.<\/p>\n<p style=\"text-align: justify;\">N\u00e3o condeno nem culpo as escolas por isso, destaco como causador deste fen\u00f4meno o modo de julgamento de samba-enredo na \u201cTerra da garoa\u201d. Aqui, o jurado analisa a adequa\u00e7\u00e3o do samba ao enredo, e se a letra n\u00e3o tem falhas de rima, concord\u00e2ncia ou melodia para dar a nota m\u00e1xima.<\/p>\n<p style=\"text-align: justify;\">Parece simples tirar 10, n\u00e9? E de certa forma a nota est\u00e1 banalizada. Utilizando os crit\u00e9rios, tivemos em 2016 nove(!) das 14 escolas gabaritando na apura\u00e7\u00e3o. E olha que n\u00e3o passou nem perto de ser uma das melhores safras da hist\u00f3ria.<\/p>\n<p style=\"text-align: justify;\">Sim, admito que quando soube que os sambas seriam encomendados esperava o \u201cefeito Renascer\u201d e at\u00e9 aguardava obras que elevassem o n\u00edvel do CD, mas entendo a briga das escolas pelo t\u00edtulo e que dancem conforme a m\u00fasica, mas que poderia ser melhor&#8230;<\/p>\n<p style=\"text-align: justify;\">Ah, poderia!<\/p>\n<p style=\"text-align: justify;\"><strong>Imagem da Capa: Ego<\/strong><\/p>\n<p style=\"text-align: justify;\">[related_posts limit=&#8221;3&#8243;]<\/p>\n","protected":false},"excerpt":{"rendered":"<p>J\u00e1 estamos quase em novembro, o carnaval se aproxima e um importante passo rumo \u00e0 folia j\u00e1 foi dado com as safras de samba j\u00e1Tour Details<\/p>\n","protected":false},"author":47,"featured_media":43499,"comment_status":"open","ping_status":"open","sticky":false,"template":"","format":"standard","meta":{"footnotes":""},"categories":[1188],"tags":[18,1160,1167,12,19],"class_list":["post-43496","post","type-post","status-publish","format-standard","has-post-thumbnail","hentry","category-samba-na-garoa","tag-carnaval","tag-carnaval-2017","tag-carnaval-de-sao-paulo","tag-cultura","tag-escolas-de-samba"],"_links":{"self":[{"href":"https:\/\/www.pedromigao.com.br\/ourodetolo\/wp-json\/wp\/v2\/posts\/43496","targetHints":{"allow":["GET"]}}],"collection":[{"href":"https:\/\/www.pedromigao.com.br\/ourodetolo\/wp-json\/wp\/v2\/posts"}],"about":[{"href":"https:\/\/www.pedromigao.com.br\/ourodetolo\/wp-json\/wp\/v2\/types\/post"}],"author":[{"embeddable":true,"href":"https:\/\/www.pedromigao.com.br\/ourodetolo\/wp-json\/wp\/v2\/users\/47"}],"replies":[{"embeddable":true,"href":"https:\/\/www.pedromigao.com.br\/ourodetolo\/wp-json\/wp\/v2\/comments?post=43496"}],"version-history":[{"count":0,"href":"https:\/\/www.pedromigao.com.br\/ourodetolo\/wp-json\/wp\/v2\/posts\/43496\/revisions"}],"wp:featuredmedia":[{"embeddable":true,"href":"https:\/\/www.pedromigao.com.br\/ourodetolo\/wp-json\/wp\/v2\/media\/43499"}],"wp:attachment":[{"href":"https:\/\/www.pedromigao.com.br\/ourodetolo\/wp-json\/wp\/v2\/media?parent=43496"}],"wp:term":[{"taxonomy":"category","embeddable":true,"href":"https:\/\/www.pedromigao.com.br\/ourodetolo\/wp-json\/wp\/v2\/categories?post=43496"},{"taxonomy":"post_tag","embeddable":true,"href":"https:\/\/www.pedromigao.com.br\/ourodetolo\/wp-json\/wp\/v2\/tags?post=43496"}],"curies":[{"name":"wp","href":"https:\/\/api.w.org\/{rel}","templated":true}]}}