{"id":41604,"date":"2016-05-06T07:21:09","date_gmt":"2016-05-06T10:21:09","guid":{"rendered":"http:\/\/www.pedromigao.com.br\/ourodetolo\/?p=41604"},"modified":"2016-05-06T09:41:09","modified_gmt":"2016-05-06T12:41:09","slug":"a-resenha-la-em-cima-ta-cada-vez-melhor","status":"publish","type":"post","link":"https:\/\/www.pedromigao.com.br\/ourodetolo\/2016\/05\/a-resenha-la-em-cima-ta-cada-vez-melhor\/","title":{"rendered":"A resenha l\u00e1 em cima t\u00e1 cada vez melhor"},"content":{"rendered":"<p style=\"text-align: justify;\">O jornalismo esportivo perdeu nesta semana\u00a0um de seus maiores expoentes. Teixeira Heizer era acima de tudo um apaixonado, pela profiss\u00e3o, pelo futebol, e pelo seu querido Fluminense Football Club.<\/p>\n<p style=\"text-align: justify;\">Poucos como ele dominaram a arte de ser comunicador na m\u00eddia esportiva, seja no jornal, como nas revistas, ou mesmo nos livros e at\u00e9\u00a0mesmo no r\u00e1dio e na TV. Ali\u00e1s, se voc\u00ea hoje v\u00ea uma partida de futebol no sof\u00e1 de sua casa, deve o pontap\u00e9 inicial a Teixeira Heizer.<\/p>\n<p style=\"text-align: justify;\">Funcion\u00e1rio com a carteira n\u00famero 1 da TV Globo, Teixeira comandou a primeira transmiss\u00e3o de futebol do canal, um Brasil X Uni\u00e3o Sovi\u00e9tica\u00a0em 1965. Uma opera\u00e7\u00e3o complicad\u00edssima na \u00e9poca, mas levada ao ar por profissionais apaixonados como ele.<\/p>\n<p style=\"text-align: justify;\">Se voc\u00ea tamb\u00e9m hoje em dia saboreia uma mat\u00e9ria bem escrita sobre futebol numa revista, tamb\u00e9m pode reverenciar Teixeira. Na Copa de 1970, ele era um dos principais nomes do Placar no primeiro Mundial coberto pela inovadora publica\u00e7\u00e3o &#8211; havia antes, outras revistas, mas o Placar chegou com outra proposta.<\/p>\n<p style=\"text-align: justify;\">Nos \u00faltimos anos, o encontrei na reda\u00e7\u00e3o do SporTV em diversas oca<span class=\"text_exposed_show\">si\u00f5es j\u00e1 que ele continuou comentando at\u00e9 pouco tempo atr\u00e1s os jogos do Campeonato Franc\u00eas, e, n\u00e3o bastasse a gentileza, me marcou muito o carinho com os mais jovens, que sem d\u00favida levar\u00e3o seu legado adiante.<\/span><\/p>\n<p style=\"text-align: justify;\">Meu amigo Jader Rocha lembrou com muita propriedade que Teixeira se preocupava em ensinar a pron\u00fancia correta dos nomes dos jogadores franceses, sempre uma &#8220;casca de banana&#8221;, convenhamos&#8230;<\/p>\n<p style=\"text-align: justify;\"><span class=\"text_exposed_show\">\u00c0s v\u00e9speras da Copa de 2014, estive na casa dele em Laranjeiras para produzir uma grava\u00e7\u00e3o sobre a convoca\u00e7\u00e3o de Luiz Felipe Scolari &#8211; e o hist\u00f3rico de outras convoca\u00e7\u00f5es &#8211; e foi tocante a motiva\u00e7\u00e3o dele em acompanhar mais um Mundial. <\/span><\/p>\n<p style=\"text-align: justify;\"><span class=\"text_exposed_show\">E que bom que o Teixeira conseguiu ver uma t\u00e3o Copa bacana bem na casa dele! Todos na reda\u00e7\u00e3o se emocionaram ao<\/span>\u00a0v\u00ea-lo participar do come\u00e7o da transmiss\u00e3o de Alemanha x Argentina na cabine do Maraca, um palco que pode ser considerado a sua segunda casa.<\/p>\n<p style=\"text-align: justify;\"><span class=\"text_exposed_show\">Vai com Deus, mestre. A resenha a\u00ed em cima com outros craques da comunica\u00e7\u00e3o esportiva vai ser animada! Tem muita gente boa a\u00ed em cima, mas o Luiz Mendes e o Jo\u00e3o Saldanha que voc\u00ea conhece t\u00e3o bem j\u00e1 v\u00e3o te receber\u00a0com todo o carinho que voc\u00ea merece.<\/span><\/p>\n<p style=\"text-align: justify;\"><em>[N.do.E.: o jornalista Fernando Brito, que durante muitos anos foi assessor direto de Leonel Brizola, <span style=\"color: #ff6600;\"><a style=\"color: #ff6600;\" href=\"http:\/\/www.tijolaco.com.br\/blog\/teixeira-heizer-um-pedaco-do-carater-no-jornalismo-que-se-vai\/\" target=\"_blank\">contou em seu Tijola\u00e7o uma hist\u00f3ria bem bacana de Teixeira Heizer fora do jornalismo<\/a><\/span>. Recomendo. PM.]<\/em><\/p>\n","protected":false},"excerpt":{"rendered":"<p>O jornalismo esportivo perdeu nesta semana\u00a0um de seus maiores expoentes. Teixeira Heizer era acima de tudo um apaixonado, pela profiss\u00e3o, pelo futebol, e pelo seuTour Details<\/p>\n","protected":false},"author":14,"featured_media":41605,"comment_status":"open","ping_status":"open","sticky":false,"template":"","format":"standard","meta":{"footnotes":""},"categories":[20],"tags":[41,37,33,1165],"class_list":["post-41604","post","type-post","status-publish","format-standard","has-post-thumbnail","hentry","category-sabinadas","tag-esporte","tag-futebol","tag-jornalismo","tag-teixeira-heizer"],"_links":{"self":[{"href":"https:\/\/www.pedromigao.com.br\/ourodetolo\/wp-json\/wp\/v2\/posts\/41604","targetHints":{"allow":["GET"]}}],"collection":[{"href":"https:\/\/www.pedromigao.com.br\/ourodetolo\/wp-json\/wp\/v2\/posts"}],"about":[{"href":"https:\/\/www.pedromigao.com.br\/ourodetolo\/wp-json\/wp\/v2\/types\/post"}],"author":[{"embeddable":true,"href":"https:\/\/www.pedromigao.com.br\/ourodetolo\/wp-json\/wp\/v2\/users\/14"}],"replies":[{"embeddable":true,"href":"https:\/\/www.pedromigao.com.br\/ourodetolo\/wp-json\/wp\/v2\/comments?post=41604"}],"version-history":[{"count":0,"href":"https:\/\/www.pedromigao.com.br\/ourodetolo\/wp-json\/wp\/v2\/posts\/41604\/revisions"}],"wp:featuredmedia":[{"embeddable":true,"href":"https:\/\/www.pedromigao.com.br\/ourodetolo\/wp-json\/wp\/v2\/media\/41605"}],"wp:attachment":[{"href":"https:\/\/www.pedromigao.com.br\/ourodetolo\/wp-json\/wp\/v2\/media?parent=41604"}],"wp:term":[{"taxonomy":"category","embeddable":true,"href":"https:\/\/www.pedromigao.com.br\/ourodetolo\/wp-json\/wp\/v2\/categories?post=41604"},{"taxonomy":"post_tag","embeddable":true,"href":"https:\/\/www.pedromigao.com.br\/ourodetolo\/wp-json\/wp\/v2\/tags?post=41604"}],"curies":[{"name":"wp","href":"https:\/\/api.w.org\/{rel}","templated":true}]}}