{"id":40529,"date":"2016-02-26T05:30:03","date_gmt":"2016-02-26T08:30:03","guid":{"rendered":"http:\/\/www.pedromigao.com.br\/ourodetolo\/?p=40529"},"modified":"2016-04-07T12:29:03","modified_gmt":"2016-04-07T15:29:03","slug":"lugares-marcados-ou-nao","status":"publish","type":"post","link":"https:\/\/www.pedromigao.com.br\/ourodetolo\/2016\/02\/lugares-marcados-ou-nao\/","title":{"rendered":"Lugares Marcados Ou N\u00e3o?"},"content":{"rendered":"<p style=\"text-align: justify;\"><span style=\"color: #ff6600;\"><a style=\"color: #ff6600;\" href=\"http:\/\/www.pedromigao.com.br\/ourodetolo\/2016\/02\/ainda-os-ingressos-olimpicos\/\" target=\"_blank\">Antes do que imaginava, volto \u00e0 quest\u00e3o da venda de ingressos para os Jogos Ol\u00edmpicos do Rio de Janeiro<\/a><\/span>. Mas explica-se: anteontem mat\u00e9rias dos portais <span style=\"color: #ff6600;\"><a style=\"color: #ff6600;\" href=\"http:\/\/globoesporte.globo.com\/olimpiadas\/noticia\/2016\/02\/com-menos-voluntarios-rio-2016-tera-arenas-sem-lugares-marcados.html\" target=\"_blank\">Globoesporte.com<\/a><\/span> e <span style=\"color: #ff6600;\"><a style=\"color: #ff6600;\" href=\"http:\/\/www.lance.com.br\/rio2016\/corte-gastos-leva-rio-2016-abrir-mao-lugar-marcado-arenas.html\" target=\"_blank\">Lance<\/a><\/span> trouxeram a revela\u00e7\u00e3o de que 14 das 32 arenas n\u00e3o ter\u00e3o os lugares para os espectadores totalmente marcados.<\/p>\n<p style=\"text-align: justify;\">Segundo o divulgado, todas as arenas de Deodoro, todos os pavilh\u00f5es do RioCentro e o Samb\u00f3dromo ter\u00e3o a totalidade de seus lugares sem marca\u00e7\u00e3o determinada de assento. Al\u00e9m disso, setores mais baratos do Engenh\u00e3o &#8211; a mat\u00e9ria do GloboEsporte.com n\u00e3o diz, mas acredito serem os setores C e D &#8211; tamb\u00e9m n\u00e3o ter\u00e3o a localiza\u00e7\u00e3o exata do lugar no ingresso.<\/p>\n<p style=\"text-align: justify;\">Como ir\u00e1 funcionar? Segundo o que foi divulgado, os ingressos destas arenas ter\u00e3o apenas os setores determinados. Dentro de cada categoria de pre\u00e7o h\u00e1 a divis\u00e3o em blocos de lugares, denominados setores, que determinar\u00e3o a posi\u00e7\u00e3o na instala\u00e7\u00e3o ol\u00edmpica.<\/p>\n<p style=\"text-align: justify;\">Nas arenas onde houver a marca\u00e7\u00e3o de lugares, os ingressos vir\u00e3o com tr\u00eas informa\u00e7\u00f5es: o setor dentro da categoria de pre\u00e7o escolhida, a fila onde est\u00e3o alocadas as entradas e a cadeira em si. Nestas 14 instala\u00e7\u00f5es o ingresso vir\u00e1 apenas com a indica\u00e7\u00e3o de setor, sem fila e assento &#8211; que ser\u00e3o ocupados por ordem de chegada.<\/p>\n<p style=\"text-align: justify;\"><a href=\"http:\/\/www.pedromigao.com.br\/ourodetolo\/2015\/12\/rio-2016-os-criterios-de-selecao-e-os-classificados-para-as-olimpiadas-parte-i-2\/engenhao-pan-2007\/\" rel=\"attachment wp-att-38809\"><img loading=\"lazy\" decoding=\"async\" class=\"aligncenter size-large wp-image-38809\" src=\"http:\/\/www.pedromigao.com.br\/ourodetolo\/wp-content\/uploads\/2015\/12\/engenh\u00e3o-pan-2007-521x340.jpg\" alt=\"engenh\u00e3o pan 2007\" width=\"521\" height=\"340\" srcset=\"https:\/\/www.pedromigao.com.br\/ourodetolo\/wp-content\/uploads\/2015\/12\/engenh\u00e3o-pan-2007-521x340.jpg 521w, https:\/\/www.pedromigao.com.br\/ourodetolo\/wp-content\/uploads\/2015\/12\/engenh\u00e3o-pan-2007-300x196.jpg 300w, https:\/\/www.pedromigao.com.br\/ourodetolo\/wp-content\/uploads\/2015\/12\/engenh\u00e3o-pan-2007.jpg 618w\" sizes=\"auto, (max-width: 521px) 100vw, 521px\" \/><\/a>Segundo o Comit\u00ea Rio 2016, a medida foi tomada devido a dois fatores: \u00e0 redu\u00e7\u00e3o de custos e especialmente do n\u00famero de volunt\u00e1rios derivada desta redu\u00e7\u00e3o (de 70 mil para 50) e a algumas dificuldades t\u00e9cnicas enfrentadas no processo de aloca\u00e7\u00e3o de lugares para os ingressos.<\/p>\n<p style=\"text-align: justify;\">No primeiro caso, um menor n\u00famero de volunt\u00e1rios significa menos gente dispon\u00edvel para orientar as pessoas a chegarem em seus lugares marcados, o que, na avalia\u00e7\u00e3o do Comit\u00ea, poderia causar algum tipo de transtorno na chegada aos lugares. No segundo, de acordo com a pr\u00f3pria Organiza\u00e7\u00e3o os ingressos precisam ser impressos e estas indefini\u00e7\u00f5es t\u00e9cnicas estavam atrasando o processo.<\/p>\n<p style=\"text-align: justify;\">Obviamente n\u00e3o \u00e9 o ideal se fazer infer\u00eancias, mas n\u00f3s compradores de entradas recebemos um email dizendo que a partir do dia de ontem, 25 de fevereiro, compras de ingressos pagariam uma segunda taxa de entrega e seriam entregues nas resid\u00eancias em um segundo pacote. Entretanto, ontem ainda consegui comprar entradas sem o pagamento desta segunda taxa, sinal de que os ingressos ainda n\u00e3o foram impressos e\/ou separados para entrega. Ou seja, \u00e9 poss\u00edvel que estas quest\u00f5es t\u00e9cnicas realmente tenham atrasado o processo que, por si s\u00f3, j\u00e1 demanda uma log\u00edstica imensa.<\/p>\n<p style=\"text-align: justify;\">Tamb\u00e9m nas mat\u00e9rias o Diretor de Comunica\u00e7\u00f5es do comit\u00ea, o jornalista Mario Andrada e Silva (quem acompanha F\u00f3rmula 1 e est\u00e1 na minha faixa et\u00e1ria deve se lembrar dele, cobria a categoria para o Jornal do Brasil) negou que tal medida tenha sido tomada em esportes com menor apelo a fim de evitar que haja espa\u00e7os vazios nas arenas aparecendo nas transmiss\u00f5es televisivas, tal como ocorrido em Londres. O Diretor afirmou que isso ser\u00e1 feito de outra forma &#8211; o que abre a possibilidade, em meu entendimento, para a distribui\u00e7\u00e3o de ingressos gratuitos ou subsidiados mais perto dos jogos.<\/p>\n<p style=\"text-align: justify;\">Contextualizado o assunto, hora de analisar as raz\u00f5es e consequ\u00eancias.<\/p>\n<p style=\"text-align: justify;\"><a href=\"http:\/\/www.pedromigao.com.br\/ourodetolo\/2016\/02\/ainda-os-ingressos-olimpicos\/22-deodoro-arena-da-juventude-credito-renato-sette-camara-prefeitura-do-rio\/\" rel=\"attachment wp-att-40453\"><img loading=\"lazy\" decoding=\"async\" class=\"aligncenter size-large wp-image-40453\" src=\"http:\/\/www.pedromigao.com.br\/ourodetolo\/wp-content\/uploads\/2016\/02\/22-Deodoro-Arena-da-Juventude-Credito-Renato-Sette-Camara-Prefeitura-do-Rio-510x340.jpg\" alt=\"22-Deodoro-Arena-da-Juventude-Credito-Renato-Sette-Camara-Prefeitura-do-Rio\" width=\"510\" height=\"340\" srcset=\"https:\/\/www.pedromigao.com.br\/ourodetolo\/wp-content\/uploads\/2016\/02\/22-Deodoro-Arena-da-Juventude-Credito-Renato-Sette-Camara-Prefeitura-do-Rio-510x340.jpg 510w, https:\/\/www.pedromigao.com.br\/ourodetolo\/wp-content\/uploads\/2016\/02\/22-Deodoro-Arena-da-Juventude-Credito-Renato-Sette-Camara-Prefeitura-do-Rio-300x200.jpg 300w, https:\/\/www.pedromigao.com.br\/ourodetolo\/wp-content\/uploads\/2016\/02\/22-Deodoro-Arena-da-Juventude-Credito-Renato-Sette-Camara-Prefeitura-do-Rio-768x512.jpg 768w\" sizes=\"auto, (max-width: 510px) 100vw, 510px\" \/><\/a>A escolha das <strong>arenas do Complexo de Deodoro<\/strong> como instala\u00e7\u00f5es sem lugares marcados me parece razo\u00e1vel. \u00c9 o lugar mais distante do Centro do Rio e acredito que deva ter sido o mais afetado pelo corte de volunt\u00e1rios, at\u00e9 por representar uma economia maior em termos de transporte. <span style=\"color: #ff6600;\"><a style=\"color: #ff6600;\" href=\"http:\/\/www.pedromigao.com.br\/ourodetolo\/2015\/08\/semana-olimpica-situacao-das-obras-olimpicas-parte-3-rascunho\/\" target=\"_blank\">Al\u00e9m disso, \u00e0 exce\u00e7\u00e3o das instala\u00e7\u00f5es do hipismo (14,5 mil lugares) e do est\u00e1dio que ser\u00e1 utilizado pelo r\u00fagbi e pelo pentatlo moderno (14 mil)<\/a><\/span>, todas as demais arenas do complexo tem menos de 10 mil lugares, o que torna menos complexa a opera\u00e7\u00e3o.<\/p>\n<p style=\"text-align: justify;\">Mesmo a Arena da Juventude (acima), que sediar\u00e1 a primeira fase do basquete feminino e a esgrima do pentatlo, possui apenas 5 mil lugares, o que torna mais f\u00e1cil a administra\u00e7\u00e3o desta quest\u00e3o. At\u00e9 porque acredito que os setores ser\u00e3o pequenos e bem demarcados, o que facilita a quest\u00e3o.<\/p>\n<p style=\"text-align: justify;\">\u00c9 uma outra quest\u00e3o, a prop\u00f3sito: haver\u00e1 algum tipo de separa\u00e7\u00e3o f\u00edsica entre os setores nestas arenas? N\u00e3o havendo, sem lugares marcados pode tornar in\u00f3cua a marca\u00e7\u00e3o dos ingressos por setores, pois o n\u00famero de volunt\u00e1rios certamente n\u00e3o ser\u00e1 suficiente para for\u00e7ar eventuais &#8220;espertinhos&#8221; a se direcionarem aos setores corretos. A n\u00e3o ser que tomem um bloco de cadeiras inteiro como um setor, o que ali\u00e1s parece ser a solu\u00e7\u00e3o de menor custo &#8211; mas de menor conforto tamb\u00e9m aos espectadores.<\/p>\n<p style=\"text-align: justify;\"><span style=\"color: #ff6600;\"><strong><a href=\"http:\/\/www.pedromigao.com.br\/ourodetolo\/\" rel=\"attachment wp-att-40534\"><img loading=\"lazy\" decoding=\"async\" class=\"aligncenter size-large wp-image-40534\" src=\"http:\/\/www.pedromigao.com.br\/ourodetolo\/wp-content\/uploads\/2016\/02\/20160209_023351-1-550x309.jpg\" alt=\"20160209_023351\" width=\"550\" height=\"309\" srcset=\"https:\/\/www.pedromigao.com.br\/ourodetolo\/wp-content\/uploads\/2016\/02\/20160209_023351-1-550x309.jpg 550w, https:\/\/www.pedromigao.com.br\/ourodetolo\/wp-content\/uploads\/2016\/02\/20160209_023351-1-300x169.jpg 300w, https:\/\/www.pedromigao.com.br\/ourodetolo\/wp-content\/uploads\/2016\/02\/20160209_023351-1-768x432.jpg 768w\" sizes=\"auto, (max-width: 550px) 100vw, 550px\" \/><\/a>O Samb\u00f3dromo<\/strong> \u00e9 outra instala\u00e7\u00e3o onde a n\u00e3o marca\u00e7\u00e3o de lugares parece bastante razo\u00e1vel<\/span>. Ao que consta, n\u00e3o haver\u00e1 instala\u00e7\u00e3o de cadeiras nos setores de arquibancadas utilizados, apenas nas frisas dos Setores 12 e 13. Iria se pintar lugares nas arquibancadas para a marca\u00e7\u00e3o? Pouco prov\u00e1vel. Resta saber apenas como ser\u00e1 a setoriza\u00e7\u00e3o, em especial no 12 e no 13 j\u00e1 citados.<\/p>\n<p style=\"text-align: justify;\"><span style=\"color: #ff6600;\"><a style=\"color: #ff6600;\" href=\"http:\/\/www.pedromigao.com.br\/ourodetolo\/2015\/08\/semana-olimpica-situacao-das-obras-olimpicas-parte-1\/\" target=\"_blank\"><strong>O Riocentro e seus quatro pavilh\u00f5es<\/strong><\/a><\/span> tamb\u00e9m n\u00e3o ter\u00e1 lugares marcados. N\u00e3o ser\u00e3o estruturas muito grandes &#8211; o maior deles ter\u00e1 9 mil lugares &#8211; e certamente o fato de hospedar esportes sem muito apelo popular em terras brasileiras (apesar do surpreendente esgotamento de ingressos de diversas sess\u00f5es do badminton) acabou influenciando bastante nesta decis\u00e3o.<\/p>\n<p style=\"text-align: justify;\"><strong>O caso do Engenh\u00e3o<\/strong> me parece um pouco diferente. Primeiro h\u00e1 o complicador de sua capacidade: s\u00e3o 60 mil lugares \u00e0 disposi\u00e7\u00e3o. Segundo: as categorias de pre\u00e7o s\u00e3o diferentes entre o futebol e o atletismo. Este \u00faltimo tem uma categoria a mais e sua categoria B em parte \u00e9 A no futebol, bem como h\u00e1 intersec\u00e7\u00f5es entre categorias B e C &#8211; e a C do futebol vira D no atletismo. A\u00ed se precisaria saber quais categorias n\u00e3o ter\u00e3o marca\u00e7\u00e3o de assentos &#8211; eu apostaria que a C no futebol e C\/D no atletismo &#8211; para se ter uma no\u00e7\u00e3o mais precisa.<\/p>\n<p style=\"text-align: justify;\">Entretanto, para o tamanho da arena e o n\u00famero de lugares, penso que esta decis\u00e3o trar\u00e1 certos percal\u00e7os durante os dias de competi\u00e7\u00e3o.<\/p>\n<p style=\"text-align: justify;\"><a href=\"http:\/\/www.pedromigao.com.br\/ourodetolo\/2016\/02\/lugares-marcados-ou-nao\/20160221_141647\/\" rel=\"attachment wp-att-40535\"><img loading=\"lazy\" decoding=\"async\" class=\"aligncenter size-large wp-image-40535\" src=\"http:\/\/www.pedromigao.com.br\/ourodetolo\/wp-content\/uploads\/2016\/02\/20160221_141647-550x309.jpg\" alt=\"20160221_141647\" width=\"550\" height=\"309\" srcset=\"https:\/\/www.pedromigao.com.br\/ourodetolo\/wp-content\/uploads\/2016\/02\/20160221_141647-550x309.jpg 550w, https:\/\/www.pedromigao.com.br\/ourodetolo\/wp-content\/uploads\/2016\/02\/20160221_141647-300x169.jpg 300w, https:\/\/www.pedromigao.com.br\/ourodetolo\/wp-content\/uploads\/2016\/02\/20160221_141647-768x432.jpg 768w\" sizes=\"auto, (max-width: 550px) 100vw, 550px\" \/><\/a>Outra quest\u00e3o que parece ter influ\u00eddo na decis\u00e3o de quais arenas n\u00e3o teriam os lugares marcados foi o pre\u00e7o dos ingressos. No Complexo de Deodoro o ingresso mais caro \u00e9 o da final de saltos do Hipismo, que custou R$540 na categoria A &#8211; atualmente todos esgotados. Nenhuma das arenas onde os ingressos custavam mais que isso (a esmagadora maioria delas no Parque Ol\u00edmpico) foi alvo desta medida &#8211; e mesmo no Engenh\u00e3o ao menos a categoria mais cara, que chega a custar R$1,2 mil em algumas sess\u00f5es, ter\u00e1 lugares marcados.<\/p>\n<p style=\"text-align: justify;\"><span style=\"color: #ff6600;\"><a style=\"color: #ff6600;\" href=\"http:\/\/www.pedromigao.com.br\/ourodetolo\/2016\/02\/evento-teste-copa-do-mundo-de-saltos-ornamentais\/\" target=\"_blank\">Um bom exemplo \u00e9 o Maria Lenk, onde estive no \u00faltimo domingo (abaixo)<\/a><\/span>. S\u00e3o pouco menos de 6 mil lugares divididos em dois blocos de cadeiras, onde o evento sem lugares marcados funcionou a contento. Mas como cobrar R$900 em uma categoria A sem ter ao menos lugar exato assignado? No m\u00ednimo bastante complicado. O curioso \u00e9 que as preliminares do polo aqu\u00e1tico no mesmo lugar tem categoria \u00fanica e, at\u00e9 onde se sabe, ter\u00e3o cadeiras exatas. Outros bons exemplos s\u00e3o o Vel\u00f3dromo e a arena tempor\u00e1ria do v\u00f4lei de praia.<\/p>\n<p style=\"text-align: justify;\">Para o espectador \u00e9 claro que pode haver algum transtorno, especialmente se estiver sozinho e se precisar ir ao banheiro, por exemplo &#8211; o risco de voltar e encontrar a cadeira ocupada \u00e9 alto. Mas vale ressaltar que a cultura de lugares marcados no Brasil \u00e9 bastante recente, embora ao menos no Maracan\u00e3 tenha &#8220;pegado&#8221; ap\u00f3s a Copa do Mundo.<\/p>\n<p style=\"text-align: justify;\"><a href=\"http:\/\/www.pedromigao.com.br\/ourodetolo\/2016\/02\/lugares-marcados-ou-nao\/20160221_135208\/\" rel=\"attachment wp-att-40536\"><img loading=\"lazy\" decoding=\"async\" class=\"aligncenter size-large wp-image-40536\" src=\"http:\/\/www.pedromigao.com.br\/ourodetolo\/wp-content\/uploads\/2016\/02\/20160221_135208-550x309.jpg\" alt=\"20160221_135208\" width=\"550\" height=\"309\" srcset=\"https:\/\/www.pedromigao.com.br\/ourodetolo\/wp-content\/uploads\/2016\/02\/20160221_135208-550x309.jpg 550w, https:\/\/www.pedromigao.com.br\/ourodetolo\/wp-content\/uploads\/2016\/02\/20160221_135208-300x169.jpg 300w, https:\/\/www.pedromigao.com.br\/ourodetolo\/wp-content\/uploads\/2016\/02\/20160221_135208-768x432.jpg 768w\" sizes=\"auto, (max-width: 550px) 100vw, 550px\" \/><\/a>Enfim: em um evento extremamente complexo e em um contexto de retra\u00e7\u00e3o econ\u00f4mica, simplifica\u00e7\u00f5es e adequa\u00e7\u00f5es s\u00e3o perfeitamente compreens\u00edveis. S\u00f3 n\u00e3o entendi as declara\u00e7\u00f5es do Diretor de Comunica\u00e7\u00e3o no sentido de que a n\u00e3o marca\u00e7\u00e3o &#8220;facilitaria a sa\u00edda das arenas&#8221;: afinal de contas sai todo mundo junto ao final e ter lugar marcado ou n\u00e3o n\u00e3o faz diferen\u00e7a neste caso.<\/p>\n<p style=\"text-align: justify;\">Finalizando, antes que o leitor pergunte, tenho tr\u00eas sess\u00f5es nesta condi\u00e7\u00e3o: duas do basquete feminino na Arena da Juventude e uma do atletismo no Engenh\u00e3o. Para esta \u00faltima a medida at\u00e9 me facilitou a vida, pois tenho entradas adquiridas em duas contas diferentes e talvez d\u00ea para ficar todo mundo junto. Aguardemos a impress\u00e3o e entrega dos ingressos.<\/p>\n<p style=\"text-align: justify;\"><strong>Imagens: Rio Media Center e Arquivo Ouro de Tolo<\/strong><\/p>\n<p style=\"text-align: justify;\"><em><strong>Atualiza\u00e7\u00e3o 08\/03<\/strong><\/em>: <span style=\"color: #ff6600;\"><a style=\"color: #ff6600;\" href=\"http:\/\/olimpiadas.uol.com.br\/noticias\/2016\/03\/08\/rio-2016-ignora-estatuto-do-torcedor-e-tera-ingresso-sem-lugar-marcado.htm\" target=\"_blank\">mat\u00e9ria do Uol publicada nesta data<\/a><\/span> indica que apenas o Setor D do Engenh\u00e3o n\u00e3o ter\u00e1 lugares marcados &#8211; ou seja, para o futebol o est\u00e1dio ter\u00e1 sim as cadeiras indicadas nos ingressos.<\/p>\n","protected":false},"excerpt":{"rendered":"<p>Antes do que imaginava, volto \u00e0 quest\u00e3o da venda de ingressos para os Jogos Ol\u00edmpicos do Rio de Janeiro. Mas explica-se: anteontem mat\u00e9rias dos portaisTour Details<\/p>\n","protected":false},"author":2,"featured_media":0,"comment_status":"open","ping_status":"open","sticky":false,"template":"","format":"standard","meta":{"footnotes":""},"categories":[289],"tags":[41,36,1161,665,94],"class_list":["post-40529","post","type-post","status-publish","format-standard","hentry","category-pedro-migao","tag-esporte","tag-gestao-esportiva","tag-ingressos-rio-2016","tag-jogos-olimpicos-2016","tag-rio-2016"],"_links":{"self":[{"href":"https:\/\/www.pedromigao.com.br\/ourodetolo\/wp-json\/wp\/v2\/posts\/40529","targetHints":{"allow":["GET"]}}],"collection":[{"href":"https:\/\/www.pedromigao.com.br\/ourodetolo\/wp-json\/wp\/v2\/posts"}],"about":[{"href":"https:\/\/www.pedromigao.com.br\/ourodetolo\/wp-json\/wp\/v2\/types\/post"}],"author":[{"embeddable":true,"href":"https:\/\/www.pedromigao.com.br\/ourodetolo\/wp-json\/wp\/v2\/users\/2"}],"replies":[{"embeddable":true,"href":"https:\/\/www.pedromigao.com.br\/ourodetolo\/wp-json\/wp\/v2\/comments?post=40529"}],"version-history":[{"count":0,"href":"https:\/\/www.pedromigao.com.br\/ourodetolo\/wp-json\/wp\/v2\/posts\/40529\/revisions"}],"wp:attachment":[{"href":"https:\/\/www.pedromigao.com.br\/ourodetolo\/wp-json\/wp\/v2\/media?parent=40529"}],"wp:term":[{"taxonomy":"category","embeddable":true,"href":"https:\/\/www.pedromigao.com.br\/ourodetolo\/wp-json\/wp\/v2\/categories?post=40529"},{"taxonomy":"post_tag","embeddable":true,"href":"https:\/\/www.pedromigao.com.br\/ourodetolo\/wp-json\/wp\/v2\/tags?post=40529"}],"curies":[{"name":"wp","href":"https:\/\/api.w.org\/{rel}","templated":true}]}}