{"id":39721,"date":"2016-01-30T08:55:32","date_gmt":"2016-01-30T10:55:32","guid":{"rendered":"http:\/\/www.pedromigao.com.br\/ourodetolo\/?p=39721"},"modified":"2016-01-29T11:08:26","modified_gmt":"2016-01-29T13:08:26","slug":"a-primeira-liga","status":"publish","type":"post","link":"https:\/\/www.pedromigao.com.br\/ourodetolo\/2016\/01\/a-primeira-liga\/","title":{"rendered":"A Primeira Liga"},"content":{"rendered":"<p style=\"text-align: justify;\">Nessa semana come\u00e7ou a chamada &#8220;Primeira Liga&#8221;, tamb\u00e9m conhecida como &#8220;Liga Rio\/Sul\/Minas&#8221;.<\/p>\n<p style=\"text-align: justify;\">Come\u00e7ou com sucesso de p\u00fablico e aceita\u00e7\u00e3o popular. Alguns grandes jogos como Atl\u00e9tico x Flamengo no Mineir\u00e3o e um leque de possibilidades se abrindo.<\/p>\n<p style=\"text-align: justify;\">O que acho desse torneio que se iniciou? Confuso. Datas mal colocadas, regulamento que ainda n\u00e3o entendi e alguns estranhamentos. Por isso acho ruim? N\u00e3o. Acho maravilhoso. O torneio de 2016 acho confuso, esquisito, mas o que esse torneio pode fazer com o futuro do futebol brasileiro \u00e9 que me interessa.<\/p>\n<p style=\"text-align: justify;\">Tem gente que se diz &#8220;legalista&#8221; e fala isso como qualidade. Eu, evidente, acho o mais correto os meios legais, mas n\u00e3o me considero &#8220;legalista&#8221;, porque antes do &#8220;legal&#8221; vou atr\u00e1s do &#8220;justo&#8221;, do &#8220;novo&#8221;. Me defino como um &#8220;inconformado&#8221;, um cara que acha que as coisas tem que melhorar sempre. Anseio por novas descobertas e um mundo melhor e mais justo. Acho o mundo um parque de divers\u00f5es que temos que explorar ao m\u00e1ximo e tenho restri\u00e7\u00f5es a quem pensa pequeno e se conforma. Por isso adoro quem desafia o sistema, o status quo.<\/p>\n<p style=\"text-align: justify;\">Por isso vejo com aten\u00e7\u00e3o essa liga.<\/p>\n<p>https:\/\/www.youtube.com\/watch?v=L8BjB0zn270<\/p>\n<p style=\"text-align: justify;\">Foi montada de forma certa? N\u00e3o sei, provavelmente n\u00e3o.<\/p>\n<p style=\"text-align: justify;\">Pareceu de forma atabalhoada e sinto falta dos clubes de S\u00e3o Paulo e dos dois clubes m\u00e9dios do Rio, Vasco e Botafogo (calma, \u00e9 s\u00f3 uma zoa\u00e7\u00e3o, apesar da postura deles nos \u00faltimos anos levarem a isso). Teve mudan\u00e7a de CEO, teve jogo sem saber se iria ocorrer, muitos momentos parecia que iria fracassar e se mostrou confuso. Mas o &#8220;confuso&#8221; n\u00e3o \u00e9 necessariamente sin\u00f4nimo de ruim.\u00a0\u00c9 algo novo, inexplorado, nunca feito &#8211; e evidente que quando ocorre um ineditismo h\u00e1 espa\u00e7o para confus\u00e3o e incerteza.<\/p>\n<p style=\"text-align: justify;\">Metade dos doze grandes est\u00e3o nessa liga; \u00e9 algo que chama aten\u00e7\u00e3o. Uma liga que desafiasse a CBF e as Federa\u00e7\u00f5es n\u00e3o ocorria no Brasil desde 1987 quando foi criado o &#8220;Clube dos 13&#8221;. Um projeto maravilhoso, ousado e revolucion\u00e1rio que poderia ter mudado o futebol brasileiro se n\u00e3o fosse a vaidade dos clubes e a falta de peito de enfrentar.<\/p>\n<p style=\"text-align: justify;\">O momento de enfrentar \u00e9 esse. Nunca a CBF esteve t\u00e3o fr\u00e1gil, existe o apoio governamental mostrado pelo Ministro dos Esportes presente no jogo do Mineir\u00e3o (com declara\u00e7\u00f5es fortes, inclusive) e a Lei Pel\u00e9 ampara a cria\u00e7\u00e3o dessa liga. Cabe perceber se a vaidade e a falta de coragem n\u00e3o voltar\u00e3o a imperar.<\/p>\n<p>https:\/\/www.youtube.com\/watch?v=oaH71Zkv1ZU<\/p>\n<p style=\"text-align: justify;\">Espero que n\u00e3o porque esse confuso, mal colocado e controverso torneio pode ser o embri\u00e3o da Liga brasileira de futebol. Todos os grandes pa\u00edses nesse esporte tem seus campeonatos nacionais em formato de ligas, com a federa\u00e7\u00e3o local cuidando de sele\u00e7\u00f5es.<\/p>\n<p style=\"text-align: justify;\">Aqui tamb\u00e9m tem que ser assim. CBF e federa\u00e7\u00f5es estaduais est\u00e3o cada vez mais ricas gra\u00e7as aos clubes e esses cada vez mais pobres. <span style=\"color: #ff6600;\"><a style=\"color: #ff6600;\" href=\"http:\/\/www.pedromigao.com.br\/ourodetolo\/2016\/01\/corra-que-a-ferj-vem-ai\/\" target=\"_blank\">Como eu disse semana passada<\/a><\/span>, no caso de Flamengo e Fluminense os clubes n\u00e3o sabem a for\u00e7a que tem e a FERJ nunca pode ser considerada maior que os clubes grandes do Rio. Tem que ser colocada no lugar dela.<\/p>\n<p style=\"text-align: justify;\">A hora \u00e9 essa. Quem quer uma mudan\u00e7a no futebol brasileiro tem que torcer para que d\u00ea certo. N\u00e3o importa o campe\u00e3o; o campe\u00e3o tem que ser o futebol brasileiro. Que a CBF e principalmente a FERJ caiam no limbo acompanhadas de seus puxa sacos, que existem principalmente na imprensa carioca.<\/p>\n<p style=\"text-align: justify;\">Que a Primeira Liga seja o come\u00e7o.<\/p>\n<p style=\"text-align: justify;\">Twitter &#8211; @aloisiovillar<\/p>\n<p style=\"text-align: justify;\">Facebook &#8211; Aloisio Villar<\/p>\n","protected":false},"excerpt":{"rendered":"<p>Nessa semana come\u00e7ou a chamada &#8220;Primeira Liga&#8221;, tamb\u00e9m conhecida como &#8220;Liga Rio\/Sul\/Minas&#8221;. Come\u00e7ou com sucesso de p\u00fablico e aceita\u00e7\u00e3o popular. Alguns grandes jogos como Atl\u00e9ticoTour Details<\/p>\n","protected":false},"author":8,"featured_media":0,"comment_status":"open","ping_status":"open","sticky":false,"template":"","format":"standard","meta":{"footnotes":""},"categories":[806],"tags":[41,37,36],"class_list":["post-39721","post","type-post","status-publish","format-standard","hentry","category-jogando-nas-onze","tag-esporte","tag-futebol","tag-gestao-esportiva"],"_links":{"self":[{"href":"https:\/\/www.pedromigao.com.br\/ourodetolo\/wp-json\/wp\/v2\/posts\/39721","targetHints":{"allow":["GET"]}}],"collection":[{"href":"https:\/\/www.pedromigao.com.br\/ourodetolo\/wp-json\/wp\/v2\/posts"}],"about":[{"href":"https:\/\/www.pedromigao.com.br\/ourodetolo\/wp-json\/wp\/v2\/types\/post"}],"author":[{"embeddable":true,"href":"https:\/\/www.pedromigao.com.br\/ourodetolo\/wp-json\/wp\/v2\/users\/8"}],"replies":[{"embeddable":true,"href":"https:\/\/www.pedromigao.com.br\/ourodetolo\/wp-json\/wp\/v2\/comments?post=39721"}],"version-history":[{"count":0,"href":"https:\/\/www.pedromigao.com.br\/ourodetolo\/wp-json\/wp\/v2\/posts\/39721\/revisions"}],"wp:attachment":[{"href":"https:\/\/www.pedromigao.com.br\/ourodetolo\/wp-json\/wp\/v2\/media?parent=39721"}],"wp:term":[{"taxonomy":"category","embeddable":true,"href":"https:\/\/www.pedromigao.com.br\/ourodetolo\/wp-json\/wp\/v2\/categories?post=39721"},{"taxonomy":"post_tag","embeddable":true,"href":"https:\/\/www.pedromigao.com.br\/ourodetolo\/wp-json\/wp\/v2\/tags?post=39721"}],"curies":[{"name":"wp","href":"https:\/\/api.w.org\/{rel}","templated":true}]}}