{"id":39720,"date":"2016-01-29T14:51:23","date_gmt":"2016-01-29T16:51:23","guid":{"rendered":"http:\/\/www.pedromigao.com.br\/ourodetolo\/?p=39720"},"modified":"2016-01-31T13:12:24","modified_gmt":"2016-01-31T15:12:24","slug":"top-10-por-renata-santiago","status":"publish","type":"post","link":"https:\/\/www.pedromigao.com.br\/ourodetolo\/2016\/01\/top-10-por-renata-santiago\/","title":{"rendered":"TOP 10: Salgueiro (por Renata Santiago*)"},"content":{"rendered":"<p style=\"text-align: justify;\"><em>*Renata Santiago \u00e9 professora\/tradutora, salgueirense e fez monografia sobre os sambas do Salgueiro de 1959 a 1971<\/em><\/p>\n<p style=\"text-align: justify;\">Tarefa dif\u00edcil a de listar os dez\u00a0melhores sambas da minha agremia\u00e7\u00e3o do cora\u00e7\u00e3o, G.R.E.S. Acad\u00eamicos do Salgueiro. Mas, vamos l\u00e1!<\/p>\n<p style=\"text-align: justify;\">As mudan\u00e7as ocorridas nas Escolas de Samba, desde suas funda\u00e7\u00f5es, devem ser atribu\u00eddas \u00e0s transforma\u00e7\u00f5es pelas quais passou a sociedade. O Salgueiro, vivenciando essas transforma\u00e7\u00f5es e com a inten\u00e7\u00e3o de construir sua identidade, foi o respons\u00e1vel pela maior safra de enredos e sambas de enredo que referenciavam o negro.<\/p>\n<p style=\"text-align: justify;\">Ao longo de seus 63 anos de hist\u00f3ria, apresentou bel\u00edssimas composi\u00e7\u00f5es, mas, a meu ver, pelo menos metade da lista de sambas TOP 10 do Salgueiro dar\u00e1 lugar a esses sambas que apresentaram temas novos, cooperando para uma vis\u00e3o social diferenciada na \u00e9poca, fazendo jus ao lema da Escola &#8220;N\u00e3o \u00e9 melhor, nem pior. Apenas diferente&#8221;.<\/p>\n<p style=\"text-align: justify;\">Ent\u00e3o, seguem os meus TOP 10 em ordem cronol\u00f3gica.<\/p>\n<p style=\"text-align: justify;\"><strong>10 &#8211;\u00a0Quilombo dos Palmares (1960) &#8211; Noel Rosa de Oliveira e Anescarzinho<\/strong><\/p>\n<p><iframe loading=\"lazy\" title=\"Salgueiro 1960 - \u00e1udio\" width=\"525\" height=\"394\" src=\"https:\/\/www.youtube.com\/embed\/RokegzH_agI?feature=oembed\" frameborder=\"0\" allow=\"accelerometer; autoplay; clipboard-write; encrypted-media; gyroscope; picture-in-picture; web-share\" referrerpolicy=\"strict-origin-when-cross-origin\" allowfullscreen><\/iframe><\/p>\n<p style=\"text-align: justify;\">Pela primeira vez na hist\u00f3ria, ocorre a exalta\u00e7\u00e3o de um negro que fora escravo e encontrava-se refugiado em um quilombo em Pernambuco no per\u00edodo colonial. Mencionava os exclu\u00eddos da sociedade colonial e, portanto, rompia com a perspectiva nacionalista tradicional. Zumbi estava ausente dos manuais did\u00e1ticos de hist\u00f3ria oficial, j\u00e1 que era considerado um fora da lei, mas, nesse carnaval do Salgueiro, ele foi exaltado atrav\u00e9s de seu samba como um her\u00f3i, que representava os ideais de igualdade e liberdade t\u00e3o desejados pelo negros.Voc\u00eas podem imaginar o que causou esse samba na \u00e9poca? Salgueiro ganhou o seu primeiro t\u00edtulo!<\/p>\n<p style=\"text-align: justify;\"><strong>9 &#8211;\u00a0Xica da Silva (1963) &#8211; Noel Rosa de Oliveira e Anescarzinho<\/strong><\/p>\n<p><iframe loading=\"lazy\" title=\"Salgueiro - 1963 - Xica da Silva ( Grandes Sambas de Enredo do Carnaval Carioca e do Brasil )\" width=\"525\" height=\"394\" src=\"https:\/\/www.youtube.com\/embed\/qWPAQfXFfXg?feature=oembed\" frameborder=\"0\" allow=\"accelerometer; autoplay; clipboard-write; encrypted-media; gyroscope; picture-in-picture; web-share\" referrerpolicy=\"strict-origin-when-cross-origin\" allowfullscreen><\/iframe><\/p>\n<p style=\"text-align: justify;\">O Salgueiro apodera-se de sua marca identit\u00e1ria, novamente pela diferen\u00e7a. De uma personagem \u00e0 margem da sociedade, Xica da Silva passou a ser conhecida e respeitada, aproximou-se do imagin\u00e1rio coletivo por representar a s\u00edntese do sonho concretizado: amor, mobilidade social, respeitabilidade, poder e fartura.\u00a0Salgueiro, novamente, campe\u00e3o!<\/p>\n<p style=\"text-align: justify;\"><strong>8\u00a0&#8211;\u00a0Chico Rei (1964) &#8211; Djalma de Oliveira Costa: &#8220;Seu Djalma Sabi\u00e1&#8221;<\/strong><\/p>\n<p><iframe loading=\"lazy\" title=\"Chico Rei - GRES Salgueiro (1964)\" width=\"525\" height=\"394\" src=\"https:\/\/www.youtube.com\/embed\/7Ecfk5DO6d8?feature=oembed\" frameborder=\"0\" allow=\"accelerometer; autoplay; clipboard-write; encrypted-media; gyroscope; picture-in-picture; web-share\" referrerpolicy=\"strict-origin-when-cross-origin\" allowfullscreen><\/iframe><\/p>\n<p style=\"text-align: justify;\">Com toda a maestria de um sabi\u00e1 em pleno voo, Seu Djalma apresenta o negro n\u00e3o como algu\u00e9m que para participar da sociedade deveria ser &#8220;embranquecido&#8221;, e sim como um homem que n\u00e3o perdeu seu ideal, persistindo em sua luta para libertar seus vassalos. Esse era Chico Rei.\u00a0Conquistamos o vice-campeonato!<\/p>\n<p style=\"text-align: justify;\"><strong>7\u00a0&#8211;\u00a0Bahia de todos os Deuses (1969) &#8211; Bala e Manuel Rosa<\/strong><\/p>\n<p><iframe loading=\"lazy\" title=\"07 - Acad\u00eamicos do Salgueiro 1969 - Bahia de Todos os Deuses\" width=\"525\" height=\"394\" src=\"https:\/\/www.youtube.com\/embed\/pA7Tfjr4LZI?feature=oembed\" frameborder=\"0\" allow=\"accelerometer; autoplay; clipboard-write; encrypted-media; gyroscope; picture-in-picture; web-share\" referrerpolicy=\"strict-origin-when-cross-origin\" allowfullscreen><\/iframe><\/p>\n<p style=\"text-align: justify;\">Momento no qual o Salgueiro ratifica sua participa\u00e7\u00e3o em prol da evidencia\u00e7\u00e3o do negro como personagem imprescind\u00edvel na forma\u00e7\u00e3o das identidades brasileiras, e de sua pr\u00f3pria identidade, reverenciando a Bahia como ber\u00e7o da cultura negra, sua hist\u00f3ria, suas riquezas, seu povo e seus costumes.\u00a0At\u00e9 hoje, um dos sambas mais ouvidos! Conquistamos o primeiro lugar!<\/p>\n<p style=\"text-align: justify;\"><strong>6\u00a0&#8211;\u00a0Festa para um Rei Negro (1971) &#8211; Zuzuca<\/strong><\/p>\n<p><iframe loading=\"lazy\" title=\"\ud83d\udd34Radio Mania - Salgueiro - 1971 (Festa Para um Rei Negro)\" width=\"525\" height=\"295\" src=\"https:\/\/www.youtube.com\/embed\/b91bMQwTZkU?feature=oembed\" frameborder=\"0\" allow=\"accelerometer; autoplay; clipboard-write; encrypted-media; gyroscope; picture-in-picture; web-share\" referrerpolicy=\"strict-origin-when-cross-origin\" allowfullscreen><\/iframe><\/p>\n<p style=\"text-align: justify;\">Como em anos anteriores,\u00a0trazia-se uma hist\u00f3ria que pouco se conhecia: a de um menino negro, filho de um pr\u00edncipe africano, que veio estudar no Brasil.\u00a0O samba apresentava particularidades, seus versos eram mais curtos e seu andamento mais r\u00e1pido, o que tamb\u00e9m contribu\u00eda para uma apresenta\u00e7\u00e3o diferenciada. Pode-se dizer que se trata de um dos sambas de enredo mais conhecidos dos carnavais cariocas, com o refr\u00e3o mais cantado aqui e fora do Brasil: <em>&#8220;\u00d4-l\u00ea-l\u00ea, \u00f4-l\u00e1-l\u00e1, Pega no ganz\u00ea, Pega no ganz\u00e1&#8221;<\/em>!\u00a0Salgueiro novamente campe\u00e3o!<\/p>\n<p style=\"text-align: justify;\"><strong>5\u00a0&#8211;\u00a0O Rei de Fran\u00e7a na Ilha da Assombra\u00e7\u00e3o (1974) &#8211; Z\u00e9 Di<\/strong><\/p>\n<p><iframe loading=\"lazy\" title=\"Salgueiro 1974 1\/10 - O Rei de Fran\u00e7a Na Ilha da Assombra\u00e7\u00e3o\" width=\"525\" height=\"394\" src=\"https:\/\/www.youtube.com\/embed\/NSyOZAjeze4?feature=oembed\" frameborder=\"0\" allow=\"accelerometer; autoplay; clipboard-write; encrypted-media; gyroscope; picture-in-picture; web-share\" referrerpolicy=\"strict-origin-when-cross-origin\" allowfullscreen><\/iframe><\/p>\n<p style=\"text-align: justify;\">Um samba que mistura o real e o imagin\u00e1rio, a hist\u00f3ria e as lendas, enaltecendo nossas terras, nossa gente, nossa fauna e nossa flora.\u00a0Durante anos fez parte do esquenta do Salgueiro na avenida.\u00a0Mais um campeonato!<\/p>\n<p style=\"text-align: justify;\"><strong>4\u00a0&#8211;\u00a0Skind\u00f4 Skind\u00f4 (1984) &#8211; David Corr\u00eaa e Jorge Macedo<\/strong><\/p>\n<p><iframe loading=\"lazy\" title=\"Salgueiro 1984\" width=\"525\" height=\"394\" src=\"https:\/\/www.youtube.com\/embed\/fo72AgOJRls?feature=oembed\" frameborder=\"0\" allow=\"accelerometer; autoplay; clipboard-write; encrypted-media; gyroscope; picture-in-picture; web-share\" referrerpolicy=\"strict-origin-when-cross-origin\" allowfullscreen><\/iframe><\/p>\n<p style=\"text-align: justify;\">O samba estava na boca do povo no ano de inaugura\u00e7\u00e3o da nova Passarela do Samba e, at\u00e9 os dias de hoje, segue cantado e encantando multid\u00f5es.\u00a0Conquistamos o quarto lugar no desfile de domingo!<\/p>\n<p style=\"text-align: justify;\"><strong>3\u00a0&#8211;\u00a0E por que n\u00e3o? (1987) &#8211; Didi, Bala e Cezar Veneno<\/strong><\/p>\n<p><iframe loading=\"lazy\" title=\"Salgueiro 1987 -   E Por Que Nao? (REPOSTAGEM\/LINK \u00daNICO)\" width=\"525\" height=\"394\" src=\"https:\/\/www.youtube.com\/embed\/ILTNLACy85w?feature=oembed\" frameborder=\"0\" allow=\"accelerometer; autoplay; clipboard-write; encrypted-media; gyroscope; picture-in-picture; web-share\" referrerpolicy=\"strict-origin-when-cross-origin\" allowfullscreen><\/iframe><\/p>\n<p style=\"text-align: justify;\">Um dos mais belos sambas da hist\u00f3ria da Escola, interpretado pelo Pavarotti do samba, Rixxa, que estreou em grande estilo. E\u00a0um samba de 1987, com um refr\u00e3o que deveria ser lido, anunciado e espalhado aos quatro ventos, todos os anos: <em>&#8220;Se um dia o mundo acordar e vai acordar, ver\u00e1, ver\u00e1, ver\u00e1. Uma luz brilhando no horizonte e vai se transformar. Ver\u00e1 que tudo pode acontecer, sorrir sem nunca precisar chorar. Virar um passarinho e fazer do mundo, e por que n\u00e3o, por que n\u00e3o, um belo ninho. enham ter felicidade, Salgueirando a humanidade&#8221;<\/em>.\u00a0Ficamos com a quinta coloca\u00e7\u00e3o!<\/p>\n<p style=\"text-align: justify;\"><strong>2\u00a0&#8211; Peguei um Ita no Norte (1993) &#8211; Dem\u00e1 Chagas, Ariz\u00e3o, Bala, Guaracy e Celso Trindade<\/strong><\/p>\n<p><iframe loading=\"lazy\" title=\"Salgueiro 1993 - Peguei Um Ita No Norte\" width=\"525\" height=\"394\" src=\"https:\/\/www.youtube.com\/embed\/EvikfhvLEU8?feature=oembed\" frameborder=\"0\" allow=\"accelerometer; autoplay; clipboard-write; encrypted-media; gyroscope; picture-in-picture; web-share\" referrerpolicy=\"strict-origin-when-cross-origin\" allowfullscreen><\/iframe><\/p>\n<p style=\"text-align: justify;\">Tamb\u00e9m conhecido por &#8220;Explode Cora\u00e7\u00e3o&#8221;, devido ao seu refr\u00e3o, come\u00e7ou a ser cantado antes mesmo de a Escola apontar na Avenida, levantando a Sapuca\u00ed e &#8220;contagiando e sacudindo esta cidade&#8221;.\u00a0Consagrou o Salgueiro campe\u00e3o!<\/p>\n<p style=\"text-align: justify;\"><strong>1 &#8211;\u00a0Tambor (2009) &#8211; Mois\u00e9s Santiago, Paulo Shell, Leandro Costa e Tatiana Leite<\/strong><\/p>\n<p><iframe loading=\"lazy\" title=\"Salgueiro 2009  -  Tambor\" width=\"525\" height=\"394\" src=\"https:\/\/www.youtube.com\/embed\/m13_bLt7uwc?feature=oembed\" frameborder=\"0\" allow=\"accelerometer; autoplay; clipboard-write; encrypted-media; gyroscope; picture-in-picture; web-share\" referrerpolicy=\"strict-origin-when-cross-origin\" allowfullscreen><\/iframe><\/p>\n<p style=\"text-align: justify;\">Um samba que deu &#8220;vida, for\u00e7a e vibra\u00e7\u00e3o&#8221; \u00e0 comunidade salgueirense, desenvolvido a partir do enredo Tambor, do grande mago Renato Lage, que em seu \u00faltimo refr\u00e3o homenageia o meu grande e saudoso amigo Mestre Louro, e que levou o Salgueiro novamente ao t\u00edtulo depois de 16 anos.\u00a0Conquistamos, com ele, nossa nona estrela!\u00a0Ser\u00e1 que a d\u00e9cima vem com o &#8220;Malandro Batuqueiro&#8221;? Quem sabe!<\/p>\n","protected":false},"excerpt":{"rendered":"<p>*Renata Santiago \u00e9 professora\/tradutora, salgueirense e fez monografia sobre os sambas do Salgueiro de 1959 a 1971 Tarefa dif\u00edcil a de listar os dez\u00a0melhores sambasTour Details<\/p>\n","protected":false},"author":14,"featured_media":0,"comment_status":"open","ping_status":"open","sticky":false,"template":"","format":"standard","meta":{"footnotes":""},"categories":[1137],"tags":[18,19,1136],"class_list":["post-39720","post","type-post","status-publish","format-standard","hentry","category-top-10","tag-carnaval","tag-escolas-de-samba","tag-top-10"],"_links":{"self":[{"href":"https:\/\/www.pedromigao.com.br\/ourodetolo\/wp-json\/wp\/v2\/posts\/39720","targetHints":{"allow":["GET"]}}],"collection":[{"href":"https:\/\/www.pedromigao.com.br\/ourodetolo\/wp-json\/wp\/v2\/posts"}],"about":[{"href":"https:\/\/www.pedromigao.com.br\/ourodetolo\/wp-json\/wp\/v2\/types\/post"}],"author":[{"embeddable":true,"href":"https:\/\/www.pedromigao.com.br\/ourodetolo\/wp-json\/wp\/v2\/users\/14"}],"replies":[{"embeddable":true,"href":"https:\/\/www.pedromigao.com.br\/ourodetolo\/wp-json\/wp\/v2\/comments?post=39720"}],"version-history":[{"count":0,"href":"https:\/\/www.pedromigao.com.br\/ourodetolo\/wp-json\/wp\/v2\/posts\/39720\/revisions"}],"wp:attachment":[{"href":"https:\/\/www.pedromigao.com.br\/ourodetolo\/wp-json\/wp\/v2\/media?parent=39720"}],"wp:term":[{"taxonomy":"category","embeddable":true,"href":"https:\/\/www.pedromigao.com.br\/ourodetolo\/wp-json\/wp\/v2\/categories?post=39720"},{"taxonomy":"post_tag","embeddable":true,"href":"https:\/\/www.pedromigao.com.br\/ourodetolo\/wp-json\/wp\/v2\/tags?post=39720"}],"curies":[{"name":"wp","href":"https:\/\/api.w.org\/{rel}","templated":true}]}}