{"id":35238,"date":"2015-06-03T07:43:21","date_gmt":"2015-06-03T10:43:21","guid":{"rendered":"http:\/\/www.pedromigao.com.br\/ourodetolo\/?p=35238"},"modified":"2015-06-02T20:41:12","modified_gmt":"2015-06-02T23:41:12","slug":"mr-catra","status":"publish","type":"post","link":"https:\/\/www.pedromigao.com.br\/ourodetolo\/2015\/06\/mr-catra\/","title":{"rendered":"Mr. Catra"},"content":{"rendered":"<p style=\"text-align: justify;\">Estes dias de repouso for\u00e7ado em casa t\u00eam me levado a ver bastante televis\u00e3o para passar o tempo, al\u00e9m de ler. E, no \u00faltimo domingo, procurando algo que n\u00e3o fosse mesa redonda de futebol ap\u00f3s a derrota do Flamengo, me deparei com um document\u00e1rio no canal MTV abordando o cantor e compositor de funk Mr. Catra.<\/p>\n<p style=\"text-align: justify;\">Os leitores que conhecem este editor um pouco mais de perto sabem que n\u00e3o morro de amores pelo funk. O que sabia sobre o sujeito \u00e9 que cantava letras sexistas e que tinha uma fam\u00edlia, digamos, &#8220;alternativa&#8221;, com diversas mulheres e muitos, muitos filhos.<\/p>\n<p style=\"text-align: justify;\">Mas ainda assim resolvi parar para ver o document\u00e1rio e perceber um personagem bastante interessante fora dos palcos. O document\u00e1rio aborda o personagem na vida cotidiana, fora dos palcos, gerenciando seu modelo de fam\u00edlia bastante &#8220;diferente&#8221; e mostrando uma pessoa completamente diferente do que parece nos palcos.<\/p>\n<p style=\"text-align: justify;\">Um bom exemplo disso \u00e9 que a forma\u00e7\u00e3o musical dele vai desde rock (Van Halen) at\u00e9 o sertanejo de raiz (Almir Sater). Catra transita por projetos como o &#8220;funknejo&#8221; &#8211; que gerou o sucesso &#8220;Presidente por Um Dia&#8221; &#8211; e o CD\u00a0de sambas bastante interessante que gravou em 2012 &#8211; abaixo, uma faixa que lembra bastante o cancioneiro de Bezerra da Silva. Ou o concorrente para a Mocidade Independente de 2015, cujo \u00e1udio abre este post.<\/p>\n<p><iframe loading=\"lazy\" title=\"Mr. Catra - Baseado na Lei do Samba (Com Todo Respeito ao Samba - 2012) | Alta Qualidade\" width=\"525\" height=\"394\" src=\"https:\/\/www.youtube.com\/embed\/W4OPMjKArNk?feature=oembed\" frameborder=\"0\" allow=\"accelerometer; autoplay; clipboard-write; encrypted-media; gyroscope; picture-in-picture; web-share\" referrerpolicy=\"strict-origin-when-cross-origin\" allowfullscreen><\/iframe><\/p>\n<p style=\"text-align: justify;\">Fica claro que o funk, para ele, \u00e9 mais um &#8220;ganha p\u00e3o&#8221; que propriamente um estilo de vida ou o melhor g\u00eanero de m\u00fasica. Isso fica claro em determinado momento do document\u00e1rio, em que\u00a0ele \u00e9 questionado sobre isso e responde que &#8220;precisa colocar dinheiro dentro de casa&#8221;.<\/p>\n<p style=\"text-align: justify;\">Catra fala cinco idiomas &#8211; inclusive o hebraico &#8211; e \u00e9 formado em Direito. O programa mostra que a viagem a Jerusal\u00e9m empreendida pelo cantor e compositor h\u00e1 dez anos marcou profundamente suas convic\u00e7\u00f5es religiosas, um misto de cristianismo e juda\u00edsmo. A casa do cantor, mostrada, tem s\u00edmbolos judaicos compondo a decora\u00e7\u00e3o em alguns ambientes. V\u00e1rios de seus filhos tem nomes b\u00edblicos, inclusive.<\/p>\n<p style=\"text-align: justify;\">Algo tamb\u00e9m bem interessante \u00e9 a separa\u00e7\u00e3o entre o personagem que sobe ao palco e o Catra da vida real. Tanto ele como S\u00edlvia, uma de suas esposas &#8211; que d\u00e1 \u00f3tima entrevista &#8211; deixam claro que a &#8220;putaria&#8221; cantada nos funks se restringe aos palcos. Chega a ser engra\u00e7ado ver o artista dizendo em uma das passagens que n\u00e3o curte coisas como swing, m\u00e9nage e coisas correlatas.<\/p>\n<p>Seu conceito de &#8220;putaria&#8221;, como explanado, seria o de <em>&#8220;homem e mulher em um sexo bem gostoso e bem feito&#8221;<\/em>. \u00c9 um conceito bem curioso: ao mesmo tempo em que trata o sexo como algo libertador entre o homem e a mulher, traz uma vis\u00e3o extremamente conservadora.<\/p>\n<p style=\"text-align: justify;\">Como conservadora \u00e9, tamb\u00e9m, sua abordagem sobre o papel do homem e da mulher. Nenhuma de suas esposas trabalha e ele se considera respons\u00e1vel pelo sustento da casa e das m\u00faltiplas bocas. Vale ressalvar\/ressaltar que a entrevista dada por S\u00edlvia d\u00e1 a impress\u00e3o de que este arranjo pessoal e particular do artista \u00e9 aceito por todos os atores envolvidos.<\/p>\n<p style=\"text-align: justify;\">A entrevista dela, embora eu nem de longe concorde com tudo, d\u00e1 o que pensar. S\u00edlvia est\u00e1 com Catra h\u00e1 19 anos e expressa uma vis\u00e3o das coisas bastante interessante. Para come\u00e7ar, n\u00e3o faz distin\u00e7\u00e3o entre os filhos de Catra com ela e com outras mulheres, afirmando que, para ela, s\u00e3o todos filhos independentemente da m\u00e3e, e que n\u00e3o trata diferente.<\/p>\n<p><iframe loading=\"lazy\" title=\"Mr. Catra - O Papai chegou\" width=\"525\" height=\"295\" src=\"https:\/\/www.youtube.com\/embed\/CzUn5QckZQE?feature=oembed\" frameborder=\"0\" allow=\"accelerometer; autoplay; clipboard-write; encrypted-media; gyroscope; picture-in-picture; web-share\" referrerpolicy=\"strict-origin-when-cross-origin\" allowfullscreen><\/iframe><\/p>\n<p style=\"text-align: justify;\">Depois, expressa uma vis\u00e3o que, no m\u00ednimo, \u00e9 fora do que se convenciona na sociedade: que <em>&#8220;homens e mulheres s\u00e3o diferentes&#8221;<\/em> e que <em>&#8220;mulher que pede explica\u00e7\u00e3o a homem est\u00e1 pedindo para ser enganada&#8221;<\/em>. Reproduz um pensamento machista? Provavelmente sim. Mas expressa algo que eu admiro, que \u00e9 dar um bico para longe na hipocrisia. Melhor assumir isso do que expressar algo que n\u00e3o se \u00e9, como se cansa de ver na sociedade.<\/p>\n<p style=\"text-align: justify;\">Vale acrescentar que o arranjo de fam\u00edlia encontrado por Mr. Catra, embora inusual e longe das conven\u00e7\u00f5es estabelecidas pela sociedade ocidental, \u00e0 primeira vista parece bem mais est\u00e1vel que muita fam\u00edlia &#8220;padr\u00e3o convencional&#8221; de marido, esposa, filhos e papagaios. N\u00e3o adianta nada colocar no Facebook fotinho de fam\u00edlia &#8220;comercial de margarina&#8221; e na verdade fazer press\u00e3o at\u00e9 conseguir colocar a amante em cargo gerencial no local onde trabalha&#8230;<\/p>\n<p style=\"text-align: justify;\">No fundo, se h\u00e1 alguma li\u00e7\u00e3o que o document\u00e1rio deixa, \u00e9 exatamente essa: que nem tudo precisa caber em um padr\u00e3o ou modelo pr\u00e9-determinado. E isso vale tanto para as convic\u00e7\u00f5es e arranjos de vida do protagonista como para desmistificar aquela ideia muitas vezes corrente que a pessoa p\u00fablica leva uma vida pessoal exatamente igual ao que representa \u00e0 frente das cortinas. Como o pr\u00f3prio Mr. Catra deixa claro, \u00e9 apenas um trabalho.<\/p>\n<p style=\"text-align: justify;\">N\u00e3o concordo com muitas das ideias defendidas por Catra &#8211; em especial o machismo e seus derivados &#8211; mas o document\u00e1rio descortina um personagem extremamente interessante, com muito a se dizer e saindo daquele estere\u00f3tipo que a sociedade confere aos funkeiros em geral.<\/p>\n<p style=\"text-align: justify;\">N\u00e3o sei quando a MTV ir\u00e1 reapresentar o document\u00e1rio &#8211; <a href=\"http:\/\/www.mtv.com.br\/programas\/destaques\/musicadoc\/videos\/catra-3-1184394\/\" target=\"_blank\"><span style=\"color: #ff6600;\">aqui o leitor pode ver parte do depoimento de S\u00edlvia<\/span><\/a> &#8211; mas vale uma olhada atenta. Nem que seja para ouvir a vers\u00e3o de &#8220;T\u00e9dio&#8221;, do Biquini Cavad\u00e3o &#8211; que, apesar da letra para l\u00e1 de politicamente incorreta e machista (abaixo), \u00e9 bem mais criativa que a original&#8230;<\/p>\n<p><iframe loading=\"lazy\" title=\"Mr Catra - Adult\u00e9rio (4x4)\" width=\"525\" height=\"394\" src=\"https:\/\/www.youtube.com\/embed\/B0RpUY5Nmtg?feature=oembed\" frameborder=\"0\" allow=\"accelerometer; autoplay; clipboard-write; encrypted-media; gyroscope; picture-in-picture; web-share\" referrerpolicy=\"strict-origin-when-cross-origin\" allowfullscreen><\/iframe><\/p>\n","protected":false},"excerpt":{"rendered":"<p>Estes dias de repouso for\u00e7ado em casa t\u00eam me levado a ver bastante televis\u00e3o para passar o tempo, al\u00e9m de ler. E, no \u00faltimo domingo,Tour Details<\/p>\n","protected":false},"author":2,"featured_media":0,"comment_status":"open","ping_status":"open","sticky":false,"template":"","format":"standard","meta":{"footnotes":""},"categories":[289],"tags":[12,15,27,6],"class_list":["post-35238","post","type-post","status-publish","format-standard","hentry","category-pedro-migao","tag-cultura","tag-musica","tag-sociedade","tag-vida-cotidiana"],"_links":{"self":[{"href":"https:\/\/www.pedromigao.com.br\/ourodetolo\/wp-json\/wp\/v2\/posts\/35238","targetHints":{"allow":["GET"]}}],"collection":[{"href":"https:\/\/www.pedromigao.com.br\/ourodetolo\/wp-json\/wp\/v2\/posts"}],"about":[{"href":"https:\/\/www.pedromigao.com.br\/ourodetolo\/wp-json\/wp\/v2\/types\/post"}],"author":[{"embeddable":true,"href":"https:\/\/www.pedromigao.com.br\/ourodetolo\/wp-json\/wp\/v2\/users\/2"}],"replies":[{"embeddable":true,"href":"https:\/\/www.pedromigao.com.br\/ourodetolo\/wp-json\/wp\/v2\/comments?post=35238"}],"version-history":[{"count":0,"href":"https:\/\/www.pedromigao.com.br\/ourodetolo\/wp-json\/wp\/v2\/posts\/35238\/revisions"}],"wp:attachment":[{"href":"https:\/\/www.pedromigao.com.br\/ourodetolo\/wp-json\/wp\/v2\/media?parent=35238"}],"wp:term":[{"taxonomy":"category","embeddable":true,"href":"https:\/\/www.pedromigao.com.br\/ourodetolo\/wp-json\/wp\/v2\/categories?post=35238"},{"taxonomy":"post_tag","embeddable":true,"href":"https:\/\/www.pedromigao.com.br\/ourodetolo\/wp-json\/wp\/v2\/tags?post=35238"}],"curies":[{"name":"wp","href":"https:\/\/api.w.org\/{rel}","templated":true}]}}