{"id":33141,"date":"2015-02-28T09:56:27","date_gmt":"2015-02-28T12:56:27","guid":{"rendered":"http:\/\/www.pedromigao.com.br\/ourodetolo\/?p=33141"},"modified":"2015-02-27T22:56:21","modified_gmt":"2015-02-28T01:56:21","slug":"o-direito-de-sentar","status":"publish","type":"post","link":"https:\/\/www.pedromigao.com.br\/ourodetolo\/2015\/02\/o-direito-de-sentar\/","title":{"rendered":"O direito de sentar"},"content":{"rendered":"<p style=\"text-align: justify;\">Devido ao enorme sucesso da \u00faltima coluna falando do querido Eurico Miranda, vamos continuar falando sobre ele. Ali\u00e1s, pessoal que repassou a \u00faltima coluna no &#8220;Casaca&#8221;, obrigado. Audi\u00eancia bombou.<\/p>\n<p style=\"text-align: justify;\">Mas, ao contr\u00e1rio da \u00faltima coluna, o mo\u00e7o gordo de suspens\u00f3rio n\u00e3o \u00e9 o vil\u00e3o da hist\u00f3ria. Na verdade, a hist\u00f3ria \u00e9 t\u00e3o bizarra que nem d\u00e1 pra saber direito o que pensar.<\/p>\n<p style=\"text-align: justify;\"><a href=\"http:\/\/www.pedromigao.com.br\/ourodetolo\/wp-content\/uploads\/2015\/02\/vascofluminenseengenhao.jpg\"><img loading=\"lazy\" decoding=\"async\" class=\" size-medium wp-image-33153 alignleft\" src=\"http:\/\/www.pedromigao.com.br\/ourodetolo\/wp-content\/uploads\/2015\/02\/vascofluminenseengenhao-300x189.jpg\" alt=\"vascofluminenseengenhao\" width=\"300\" height=\"189\" srcset=\"https:\/\/www.pedromigao.com.br\/ourodetolo\/wp-content\/uploads\/2015\/02\/vascofluminenseengenhao-300x189.jpg 300w, https:\/\/www.pedromigao.com.br\/ourodetolo\/wp-content\/uploads\/2015\/02\/vascofluminenseengenhao-541x340.jpg 541w, https:\/\/www.pedromigao.com.br\/ourodetolo\/wp-content\/uploads\/2015\/02\/vascofluminenseengenhao.jpg 620w\" sizes=\"auto, (max-width: 300px) 100vw, 300px\" \/><\/a>Pois bem. Como todos sabem, Vasco e\u00a0Fluminense se enfrentaram no \u00faltimo domingo (O.K., talvez nem todos soubessem porque estavam pensando mais em Guin\u00e9 Equatorial). Como todos sabem, o Vasco venceu novamente o Fluminense numa freguesia que j\u00e1 est\u00e1 ficando constrangedora.<\/p>\n<p style=\"text-align: justify;\">Mas a quest\u00e3o n\u00e3o \u00e9 essa. \u00c9 onde o jogo foi realizado.<\/p>\n<p style=\"text-align: justify;\">O cl\u00e1ssico\u00a0foi disputado\u00a0no est\u00e1dio Nilton Santos, que um dia foi Jo\u00e3o Havelange, e, assim como a Mangueira, bambeou mas n\u00e3o caiu. Foi rec\u00e9m reaberto para atividades do Botafogo, e aproveitado para\u00a0o cl\u00e1ssico.<\/p>\n<p style=\"text-align: justify;\">At\u00e9 a\u00ed tudo bem, afinal, durante alguns anos o Engenh\u00e3o foi o principal est\u00e1dio do Rio. Local em que foram realizados os principais cl\u00e1ssicos cariocas e foram decididos campeonatos como o Brasileiro de 2010 ganho pelo Fluminense.<\/p>\n<p style=\"text-align: justify;\">O problema foi o motivo pelo qual\u00a0o jogo parou ali.<\/p>\n<p style=\"text-align: justify;\">Fluminense e Vasco n\u00e3o jogaram no Maracan\u00e3 simplesmente porque brigaram pra ver onde cada um iria sentar.<\/p>\n<p style=\"text-align: justify;\">Tudo bem. No meu tempo de col\u00e9gio \u00e0s vezes sa\u00eda porrada pra brigar por lugar pra sentar. Todo mundo queria sentar atr\u00e1s, principalmente em dia de prova.<\/p>\n<p style=\"text-align: justify;\">Mas n\u00e3o era prova e nem eram moleques de col\u00e9gio. Era cl\u00e1ssico entre dois times centen\u00e1rios.<\/p>\n<p style=\"text-align: justify;\">Quer dizer. Vasco e Fluminense se engalfinharam. Brigaram de um tal modo pelo direito de sentar onde quisessem que simplesmente o jogo n\u00e3o foi realizado onde deveria ser. N\u00e3o conseguiram chegar a um simples entendimento pra ver onde cada um iria sentar. Imagine agora se o dois fossem respons\u00e1veis por costurar acordo pela paz mundial? Est\u00e1vamos fod&#8230;..<\/p>\n<p style=\"text-align: justify;\"><a href=\"http:\/\/www.pedromigao.com.br\/ourodetolo\/wp-content\/uploads\/2015\/02\/fluminensemaracana.jpg\"><img loading=\"lazy\" decoding=\"async\" class=\" size-medium wp-image-33152 alignleft\" src=\"http:\/\/www.pedromigao.com.br\/ourodetolo\/wp-content\/uploads\/2015\/02\/fluminensemaracana-300x135.jpg\" alt=\"fluminensemaracana\" width=\"300\" height=\"135\" srcset=\"https:\/\/www.pedromigao.com.br\/ourodetolo\/wp-content\/uploads\/2015\/02\/fluminensemaracana-300x135.jpg 300w, https:\/\/www.pedromigao.com.br\/ourodetolo\/wp-content\/uploads\/2015\/02\/fluminensemaracana-550x248.jpg 550w, https:\/\/www.pedromigao.com.br\/ourodetolo\/wp-content\/uploads\/2015\/02\/fluminensemaracana.jpg 645w\" sizes=\"auto, (max-width: 300px) 100vw, 300px\" \/><\/a>O Fluminense alegou que em seu contrato com a concession\u00e1ria h\u00e1\u00a0uma cl\u00e1usula que diz que o lado direito do Maracan\u00e3 \u00e9 dele. O Vasco alegou que o lado \u00e9 um direito hist\u00f3rico dele conquistado por ter vencido o Estadual de 1950. O primeiro realizado no Maracan\u00e3.<\/p>\n<p style=\"text-align: justify;\">E agora? Os dois t\u00eam bons argumentos. Os dois est\u00e3o certos.<a href=\"http:\/\/www.pedromigao.com.br\/ourodetolo\/wp-content\/uploads\/2015\/02\/vascomaracana.jpg\"><img loading=\"lazy\" decoding=\"async\" class=\" size-medium wp-image-33154 alignright\" src=\"http:\/\/www.pedromigao.com.br\/ourodetolo\/wp-content\/uploads\/2015\/02\/vascomaracana-300x149.jpg\" alt=\"vascomaracana\" width=\"300\" height=\"149\" srcset=\"https:\/\/www.pedromigao.com.br\/ourodetolo\/wp-content\/uploads\/2015\/02\/vascomaracana-300x149.jpg 300w, https:\/\/www.pedromigao.com.br\/ourodetolo\/wp-content\/uploads\/2015\/02\/vascomaracana-550x274.jpg 550w, https:\/\/www.pedromigao.com.br\/ourodetolo\/wp-content\/uploads\/2015\/02\/vascomaracana.jpg 804w\" sizes=\"auto, (max-width: 300px) 100vw, 300px\" \/><\/a><\/p>\n<p style=\"text-align: justify;\">Algu\u00e9m pode argumentar, com raz\u00e3o, que essas &#8220;quizumbas&#8221; s\u00f3 acontecem quando o Eurico est\u00e1 no Vasco. Eu me\u00a0lembro logo do Carioca de 1997, que Vasco e Botafogo brigaram pra ver quem trocaria o cal\u00e7\u00e3o.<\/p>\n<p style=\"text-align: justify;\">Mas o Eurico pode ter todos o defeitos (e acreditem, tem muitos), mas um ele n\u00e3o tem que \u00e9 ser frouxo. Evidente que se ele e os vasca\u00ednos acham que esse \u00e9 um direito adquirido que o clube\u00a0n\u00e3o iria deixar barato. At\u00e9 porque um dos principais motivos de sua volta \u00e9 que ningu\u00e9m mais respeitava o Vasco com Roberto.<\/p>\n<p style=\"text-align: justify;\">Eurico se imp\u00f4s e mostrou que o\u00a0Vasco tem comando.<\/p>\n<p style=\"text-align: justify;\">Assim como o Fluminense tamb\u00e9m estava certo. Se existe contrato dizendo isso n\u00e3o podia ceder para o Vasco e ganhar fama de covarde, de abaixar a cabe\u00e7a pro Eurico.<\/p>\n<p style=\"text-align: justify;\">O motivo de tirarem Vasco e Fluminense do Maracan\u00e3 \u00e9 um dos mais idiotas que eu j\u00e1 vi no futebol e ao mesmo tempo um dos mais complicados de se resolver.<\/p>\n<p style=\"text-align: justify;\">Cada um lutando pelo seu direito de sentar.<\/p>\n<p style=\"text-align: justify;\">\u00c9.. Ficou estranha essa frase.<\/p>\n","protected":false},"excerpt":{"rendered":"<p>Devido ao enorme sucesso da \u00faltima coluna falando do querido Eurico Miranda, vamos continuar falando sobre ele. Ali\u00e1s, pessoal que repassou a \u00faltima coluna noTour Details<\/p>\n","protected":false},"author":8,"featured_media":0,"comment_status":"open","ping_status":"open","sticky":false,"template":"","format":"standard","meta":{"footnotes":""},"categories":[806],"tags":[839,107,37,296,95],"class_list":["post-33141","post","type-post","status-publish","format-standard","hentry","category-jogando-nas-onze","tag-eurico-miranda","tag-fluminense","tag-futebol","tag-maracana","tag-vasco"],"_links":{"self":[{"href":"https:\/\/www.pedromigao.com.br\/ourodetolo\/wp-json\/wp\/v2\/posts\/33141","targetHints":{"allow":["GET"]}}],"collection":[{"href":"https:\/\/www.pedromigao.com.br\/ourodetolo\/wp-json\/wp\/v2\/posts"}],"about":[{"href":"https:\/\/www.pedromigao.com.br\/ourodetolo\/wp-json\/wp\/v2\/types\/post"}],"author":[{"embeddable":true,"href":"https:\/\/www.pedromigao.com.br\/ourodetolo\/wp-json\/wp\/v2\/users\/8"}],"replies":[{"embeddable":true,"href":"https:\/\/www.pedromigao.com.br\/ourodetolo\/wp-json\/wp\/v2\/comments?post=33141"}],"version-history":[{"count":0,"href":"https:\/\/www.pedromigao.com.br\/ourodetolo\/wp-json\/wp\/v2\/posts\/33141\/revisions"}],"wp:attachment":[{"href":"https:\/\/www.pedromigao.com.br\/ourodetolo\/wp-json\/wp\/v2\/media?parent=33141"}],"wp:term":[{"taxonomy":"category","embeddable":true,"href":"https:\/\/www.pedromigao.com.br\/ourodetolo\/wp-json\/wp\/v2\/categories?post=33141"},{"taxonomy":"post_tag","embeddable":true,"href":"https:\/\/www.pedromigao.com.br\/ourodetolo\/wp-json\/wp\/v2\/tags?post=33141"}],"curies":[{"name":"wp","href":"https:\/\/api.w.org\/{rel}","templated":true}]}}