{"id":31299,"date":"2014-12-20T08:02:06","date_gmt":"2014-12-20T10:02:06","guid":{"rendered":"http:\/\/www.pedromigao.com.br\/ourodetolo\/?p=31299"},"modified":"2014-12-22T09:27:36","modified_gmt":"2014-12-22T11:27:36","slug":"trevas-pra-que-te-quero","status":"publish","type":"post","link":"https:\/\/www.pedromigao.com.br\/ourodetolo\/2014\/12\/trevas-pra-que-te-quero\/","title":{"rendered":"Trevas pra que te quero&#8230;"},"content":{"rendered":"<p style=\"text-align: justify;\"><a href=\"http:\/\/www.pedromigao.com.br\/ourodetolo\/2013\/12\/sabinadas-incompetencia-carioca-sim\/\" target=\"_blank\"><span style=\"color: #ff6600;\">No dia 20 de dezembro de 2013, escrevi neste espa\u00e7o um texto comentando a temporada dos clubes cariocas naquele ano: &#8220;At\u00e9 quando, Rio?&#8221; era o t\u00edtulo do artigo no qual critiquei a sequ\u00eancia de erros cometidos pelos dirigentes de Botafogo, Flamengo, Fluminense e Botafogo<\/span><\/a>. Mas, um ano depois, d\u00e1 pra dizer que 2014 foi ainda pior&#8230;<\/p>\n<p style=\"text-align: justify;\">Como sempre, deixo claro que sou torcedor do Flamengo, mas tenho o pensamento de que\u00a0um\u00a0futebol carioca fraco \u00e9 p\u00e9ssimo para\u00a0todos os clubes, e que times fortes engrandecem o espet\u00e1culo e fortalecem n\u00e3o s\u00f3 todos os advers\u00e1rios, mas\u00a0o clube pelo qual se torce.<\/p>\n<p style=\"text-align: justify;\"><a href=\"http:\/\/www.pedromigao.com.br\/ourodetolo\/wp-content\/uploads\/2014\/12\/botafogo2014.jpg\"><img loading=\"lazy\" decoding=\"async\" class=\"size-medium wp-image-31324 alignleft\" src=\"http:\/\/www.pedromigao.com.br\/ourodetolo\/wp-content\/uploads\/2014\/12\/botafogo2014-300x146.jpg\" alt=\"botafogo2014\" width=\"300\" height=\"146\" srcset=\"https:\/\/www.pedromigao.com.br\/ourodetolo\/wp-content\/uploads\/2014\/12\/botafogo2014-300x146.jpg 300w, https:\/\/www.pedromigao.com.br\/ourodetolo\/wp-content\/uploads\/2014\/12\/botafogo2014-550x268.jpg 550w, https:\/\/www.pedromigao.com.br\/ourodetolo\/wp-content\/uploads\/2014\/12\/botafogo2014.jpg 615w\" sizes=\"auto, (max-width: 300px) 100vw, 300px\" \/><\/a>Comecemos pelo clube que mais sofreu em 2014, o Botafogo: poucas vezes na vida testemunhei um descalabro t\u00e3o grande num clube de futebol como o que ocorreu com o Alvinegro. De carioca mais consistente em 2013 \u00e0 humilha\u00e7\u00e3o completa em um ano.<\/p>\n<p style=\"text-align: justify;\">Mas por qu\u00ea isso ocorreu? O ponto de partida, que na verdade j\u00e1 havia come\u00e7ado em 2013, foi a interdi\u00e7\u00e3o do Engenh\u00e3o. O Botafogo, que j\u00e1 teria uma perda de receita important\u00edssima pelo uso cont\u00ednuo do Maracan\u00e3 por parte de Fla e Flu,\u00a0passou a correr atr\u00e1s de outra casa, o que gera gastos. Para piorar, as d\u00edvidas n\u00e3o foram equacionadas e a debandada come\u00e7ou com o craque do time, Seedorf.<\/p>\n<p style=\"text-align: justify;\">Outro erro foi a efetiva\u00e7\u00e3o de Eduardo H\u00fangaro como t\u00e9cnico para a Libertadores. Ora bolas, numa competi\u00e7\u00e3o t\u00e3o importante \u00e9 preciso um treinador com experi\u00eancia e n\u00e3o algu\u00e9m que\u00a0jamais havia\u00a0treinado uma equipe profissional &#8211; que fique claro que n\u00e3o estou criticando o treinador, que deve\u00a0ter qualidades. \u00c9 claro que o Botafogo caiu na fase de grupos, o que impediu o clube de ganhar mais dinheiro e, claro, de chegar mais longe.<\/p>\n<p style=\"text-align: justify;\">No Brasileiro, a coisa j\u00e1 parecia feia e o clube, na tentativa de obter receitas, passou a rodar pelo o Brasil como cigano. Isso acabou gerando outro problema: a falta de uma identifica\u00e7\u00e3o com algum est\u00e1dio. Mesmo que fosse alugada, uma casa fixa seria fundamental para o Botafogo na quest\u00e3o esportiva. No come\u00e7o, at\u00e9 que o Botafogo conseguiu aproveitamento razo\u00e1vel como mandante. Mas depois&#8230;<\/p>\n<p style=\"text-align: justify;\">Com o Brasileiro j\u00e1 em andamento e a situa\u00e7\u00e3o dif\u00edcil na tabela, ocorreu mais um grande erro: a dispensa por parte do perdido presidente Maur\u00edcio Assump\u00e7\u00e3o de Bol\u00edvar, Ed\u00edlson, J\u00falio C\u00e9sar e Emerson Sheik. Para tentar impor alguma autoridade ou n\u00e3o sei o qu\u00ea, o presidente fez essa &#8220;limpa&#8221;, mas na verdade o que ele fez foi tirar de uma vez s\u00f3 quatro jogadores experientes que poderiam ter ajudado na reta final.<\/p>\n<p style=\"text-align: justify;\">Faltaram duas vit\u00f3rias para o time escapar da degola. Com jogadores mais tarimbados, talvez fosse poss\u00edvel o Botafogo evitar o pior, j\u00e1 que naquela parte de baixo da tabela o n\u00edvel era p\u00e9ssimo realmente. Agora, outros jogadores est\u00e3o saindo. \u00c9, o novo presidente ter\u00e1 muito trabalho em 2015.<\/p>\n<p style=\"text-align: justify;\"><a href=\"http:\/\/www.pedromigao.com.br\/ourodetolo\/wp-content\/uploads\/2014\/12\/flamengoleon2014.jpg\"><img loading=\"lazy\" decoding=\"async\" class=\"size-medium wp-image-31326 alignleft\" src=\"http:\/\/www.pedromigao.com.br\/ourodetolo\/wp-content\/uploads\/2014\/12\/flamengoleon2014-300x200.jpg\" alt=\"flamengoleon2014\" width=\"300\" height=\"200\" srcset=\"https:\/\/www.pedromigao.com.br\/ourodetolo\/wp-content\/uploads\/2014\/12\/flamengoleon2014-300x200.jpg 300w, https:\/\/www.pedromigao.com.br\/ourodetolo\/wp-content\/uploads\/2014\/12\/flamengoleon2014-510x340.jpg 510w, https:\/\/www.pedromigao.com.br\/ourodetolo\/wp-content\/uploads\/2014\/12\/flamengoleon2014.jpg 594w\" sizes=\"auto, (max-width: 300px) 100vw, 300px\" \/><\/a>O Flamengo teve mais um ano de altos e baixos. Foi novamente eliminado cedo na Libertadores, conquistou um t\u00edtulo, ou melhor, levou de gra\u00e7a um t\u00edtulo, o carioca, devido a um erro da arbitragem na final contra o Vasco, fez um tenebroso in\u00edcio de Campeonato Brasileiro, renasceu com Luxemburgo, escapou com tranquilidade da &#8220;zona da confus\u00e3o&#8221; e perdeu por pouco uma passagem \u00e0 final da Copa do Brasil.<\/p>\n<p style=\"text-align: justify;\">Louve-se a diretoria por seguir na cruzada para reduzir as d\u00edvidas do clube, apesar de manter uma, no m\u00ednimo, pol\u00eamica pol\u00edtica de pre\u00e7os de ingressos. Houve ainda alguns equ\u00edvocos claros na gest\u00e3o\u00a0de futebol e no planejamento, tanto que o primeiro semestre foi muito fraco, e que s\u00f3 n\u00e3o passou em branco pelo t\u00edtulo carioca.<\/p>\n<p style=\"text-align: justify;\">Jayme de Almeida foi mandado embora de uma forma extremamente deselegante e Ney Franco foi contratado no que se revelaria um desastre absoluto. Com o Flamengo na lanterna e rid\u00edculos sete pontos marcados, a diretoria chamou Vanderlei Luxemburgo, que fez um milagre.<\/p>\n<p style=\"text-align: justify;\">Luxa tornou um time desinteressado e ap\u00e1tico em competitivo e brigador, mesmo com limita\u00e7\u00f5es evidentes. \u00c9 claro que as chegadas de dois jogadores ajudaram muito: a do argentino Canteros e a do croata-brasileiro Eduardo da Silva.<\/p>\n<p style=\"text-align: justify;\">O t\u00e9cnico ainda cunhou uma engra\u00e7ada express\u00e3o para minimizar a press\u00e3o aos jogadores: &#8220;zona da confus\u00e3o&#8221; em vez de &#8220;zona de rebaixamento&#8221;. No fim das contas, o Flamengo at\u00e9 que saiu da confus\u00e3o com mais facilidade do que se pensava.<\/p>\n<p style=\"text-align: justify;\">Por isso, p\u00f4de se concentrar na Copa do Brasil, na qual despachou o Coritiba, com ajuda da arbitragem, e o Am\u00e9rica-RN. Contra o mais forte Atl\u00e9tico-MG, venceu bem o jogo de ida, mas as esperan\u00e7as do tetra se esva\u00edram com uma atua\u00e7\u00e3o sufocante e brilhante do Galo.<\/p>\n<p style=\"text-align: justify;\">Um ano de sustos e decep\u00e7\u00f5es, mas que poderia ter sido muito pior&#8230;<\/p>\n<p style=\"text-align: justify;\"><a href=\"http:\/\/www.pedromigao.com.br\/ourodetolo\/wp-content\/uploads\/2014\/12\/fluminense2014.jpg\"><img loading=\"lazy\" decoding=\"async\" class=\"size-medium wp-image-31327 alignleft\" src=\"http:\/\/www.pedromigao.com.br\/ourodetolo\/wp-content\/uploads\/2014\/12\/fluminense2014-300x180.jpg\" alt=\"fluminense2014\" width=\"300\" height=\"180\" srcset=\"https:\/\/www.pedromigao.com.br\/ourodetolo\/wp-content\/uploads\/2014\/12\/fluminense2014-300x180.jpg 300w, https:\/\/www.pedromigao.com.br\/ourodetolo\/wp-content\/uploads\/2014\/12\/fluminense2014-550x330.jpg 550w, https:\/\/www.pedromigao.com.br\/ourodetolo\/wp-content\/uploads\/2014\/12\/fluminense2014.jpg 1086w\" sizes=\"auto, (max-width: 300px) 100vw, 300px\" \/><\/a>O Fluminense por sua vez foi aquele time que sempre que parecia pronto para arrancar, decepcionava sua torcida. No Carioca, acabou com a invencibilidade do Flamengo ao atropelar o rival por 3 a 0, com direito a gol do estreante Walter, que deitou e rolou&#8230; Mas nas semifinais, o velho algoz Vasco eliminou o Tricolor.<\/p>\n<p style=\"text-align: justify;\">No Brasileir\u00e3o, o Fluminense se manteve sempre entre os primeiros colocados, mas, quando precisava emplacar uma sequ\u00eancia de vit\u00f3rias, os grandes nomes do time, como Fred, Conca, Rafael Sobis e Wagner apagavam, bem como todo o restante do time. A derrota para a Chapecoense, por exemplo, iniciou a derrocada tricolor no campeonato.<\/p>\n<p style=\"text-align: justify;\">No fim, a quinta coloca\u00e7\u00e3o que garantiu a passagem direta para as oitavas de final da Copa do Brasil acabou sendo um magro consolo para quem pretendia, e tinha totais condi\u00e7\u00f5es de pelo menos conquistar uma vaga na Libertadores de 2015.<\/p>\n<p style=\"text-align: justify;\">Pior do que isso foi a pat\u00e9tica e humilhante elimina\u00e7\u00e3o para o Am\u00e9rica-RN ainda nas fases iniciais da Copa do Brasil. Depois de vencer por 3 a 0 o jogo de ida, o Flu conseguiu a incr\u00edvel proeza de perder por 5 a 2 no Maracan\u00e3, com direito a jogador perguntando ainda durante o jogo se aquele placar eliminava o time&#8230;<\/p>\n<p style=\"text-align: justify;\">Mas o pior golpe para o Tricolor aconteceu no fim do ano: depois de 15 anos de parceria, a Unimed de Celso Barros rompeu com o clube dirigido por Peter Siemsen. Resta saber o Tricolor estar\u00e1 preparado para conviver com a falta da polpuda verba que a cooperativa de m\u00e9dicos injetava anualmente no futebol do clube.<\/p>\n<p style=\"text-align: justify;\"><a href=\"http:\/\/www.pedromigao.com.br\/ourodetolo\/wp-content\/uploads\/2014\/12\/vascoavai.jpg\"><img loading=\"lazy\" decoding=\"async\" class=\"size-medium wp-image-31328 alignleft\" src=\"http:\/\/www.pedromigao.com.br\/ourodetolo\/wp-content\/uploads\/2014\/12\/vascoavai-300x188.jpg\" alt=\"vascoavai\" width=\"300\" height=\"188\" srcset=\"https:\/\/www.pedromigao.com.br\/ourodetolo\/wp-content\/uploads\/2014\/12\/vascoavai-300x188.jpg 300w, https:\/\/www.pedromigao.com.br\/ourodetolo\/wp-content\/uploads\/2014\/12\/vascoavai-540x340.jpg 540w, https:\/\/www.pedromigao.com.br\/ourodetolo\/wp-content\/uploads\/2014\/12\/vascoavai.jpg 620w\" sizes=\"auto, (max-width: 300px) 100vw, 300px\" \/><\/a>J\u00e1 o Vasco, a despeito de ter atingido o grande objetivo do ano, que era o de voltar para a S\u00e9rie A do Brasileiro, teve um ano que deixou seus torcedores de cabelo em p\u00e9 do in\u00edcio ao fim. Foram tantos problemas, que a sensa\u00e7\u00e3o \u00e9 de al\u00edvio por 2014 ter acabado&#8230;<\/p>\n<p style=\"text-align: justify;\">No Carioca, at\u00e9 que o Vasco se comportou bem. Com um elenco formado por alguns jogadores experientes como Douglas\u00a0e\u00a0Rodrigo, o time da Cruz de Malta fez bons cl\u00e1ssicos e s\u00f3 n\u00e3o foi campe\u00e3o porque a arbitragem errou feio e o Flamengo fez um gol irregular nos acr\u00e9scimos.<\/p>\n<p style=\"text-align: justify;\">Na Copa do Brasil, o time foi avan\u00e7ando, avan\u00e7ando, mas parou diante do fraco ABC, o que aumentou ainda mais a responsabilidade do time na S\u00e9rie B, que j\u00e1 estava em andamento.<\/p>\n<p style=\"text-align: justify;\">Na verdade, a\u00a0previs\u00e3o de uma S\u00e9rie B tranquila ficou pelo caminho logo no primeiro turno. Uma derrota humilhante e inaceit\u00e1vel para o Ava\u00ed por 5 a 0 derrubou o sempre criticado Adilson Batista. Veio Joel Santana e o Vasco conquistou no campo a subida de divis\u00e3o &#8220;na conta do ch\u00e1&#8221;. O sofr\u00edvel empate contra o Icasa garantiu o acesso, mas a torcida vaiou com raz\u00e3o. O Vasco \u00e9 grande demais para aceitar uma situa\u00e7\u00e3o dessas&#8230;<\/p>\n<p style=\"text-align: justify;\">As finan\u00e7as do Cruzmaltino tamb\u00e9m n\u00e3o v\u00e3o bem, e o pleito do fim do ano levou o pol\u00eamico Eurico Miranda de volta \u00e0 presid\u00eancia do clube. Eurico j\u00e1 mandou Joel embora e contratou Doriva, campe\u00e3o paulista pelo Ituano. Vamos ver no que d\u00e1&#8230;<\/p>\n<p style=\"text-align: justify;\">Como voc\u00eas leram, poucos bons momentos e in\u00fameros dissabores. Ali\u00e1s, nos \u00faltimos anos \u00e9 o que mais acontece no combalido futebol carioca. Pergunto de novo: at\u00e9 quando?<\/p>\n<p style=\"text-align: justify;\">Trevas pra que te quero&#8230;<\/p>\n","protected":false},"excerpt":{"rendered":"<p>No dia 20 de dezembro de 2013, escrevi neste espa\u00e7o um texto comentando a temporada dos clubes cariocas naquele ano: &#8220;At\u00e9 quando, Rio?&#8221; era oTour Details<\/p>\n","protected":false},"author":14,"featured_media":0,"comment_status":"open","ping_status":"open","sticky":false,"template":"","format":"standard","meta":{"footnotes":""},"categories":[20],"tags":[127,42,107,456,36,95],"class_list":["post-31299","post","type-post","status-publish","format-standard","hentry","category-sabinadas","tag-botafogo","tag-flamengo","tag-fluminense","tag-futebol-carioca","tag-gestao-esportiva","tag-vasco"],"_links":{"self":[{"href":"https:\/\/www.pedromigao.com.br\/ourodetolo\/wp-json\/wp\/v2\/posts\/31299","targetHints":{"allow":["GET"]}}],"collection":[{"href":"https:\/\/www.pedromigao.com.br\/ourodetolo\/wp-json\/wp\/v2\/posts"}],"about":[{"href":"https:\/\/www.pedromigao.com.br\/ourodetolo\/wp-json\/wp\/v2\/types\/post"}],"author":[{"embeddable":true,"href":"https:\/\/www.pedromigao.com.br\/ourodetolo\/wp-json\/wp\/v2\/users\/14"}],"replies":[{"embeddable":true,"href":"https:\/\/www.pedromigao.com.br\/ourodetolo\/wp-json\/wp\/v2\/comments?post=31299"}],"version-history":[{"count":0,"href":"https:\/\/www.pedromigao.com.br\/ourodetolo\/wp-json\/wp\/v2\/posts\/31299\/revisions"}],"wp:attachment":[{"href":"https:\/\/www.pedromigao.com.br\/ourodetolo\/wp-json\/wp\/v2\/media?parent=31299"}],"wp:term":[{"taxonomy":"category","embeddable":true,"href":"https:\/\/www.pedromigao.com.br\/ourodetolo\/wp-json\/wp\/v2\/categories?post=31299"},{"taxonomy":"post_tag","embeddable":true,"href":"https:\/\/www.pedromigao.com.br\/ourodetolo\/wp-json\/wp\/v2\/tags?post=31299"}],"curies":[{"name":"wp","href":"https:\/\/api.w.org\/{rel}","templated":true}]}}