{"id":19077,"date":"2013-10-03T07:23:51","date_gmt":"2013-10-03T10:23:51","guid":{"rendered":"http:\/\/www.pedromigao.com.br\/ourodetolo\/?p=19077"},"modified":"2013-10-01T21:52:57","modified_gmt":"2013-10-02T00:52:57","slug":"avioes-o-filme-um-olhar-politico","status":"publish","type":"post","link":"https:\/\/www.pedromigao.com.br\/ourodetolo\/2013\/10\/avioes-o-filme-um-olhar-politico\/","title":{"rendered":"Avi\u00f5es, o Filme &#8211; Um Olhar Pol\u00edtico"},"content":{"rendered":"<p style=\"text-align: justify;\">No \u00faltimo s\u00e1bado assisti ao filme &#8220;Avi\u00f5es&#8221; (acima, o trailer oficial em portugu\u00eas), nova anima\u00e7\u00e3o dos est\u00fadios Disney. O curioso \u00e9 que vi a pel\u00edcula em uma sess\u00e3o privada dentro do shopping Ilha Plaza, dentro do anivers\u00e1rio de um coleguinha da minha filha mais nova.<\/p>\n<p style=\"text-align: justify;\">Funciona da seguinte forma: a sess\u00e3o \u00e9 realizada pela manh\u00e3 (fora do hor\u00e1rio normal do cinema), distribuem-se pipoca, refrigerantes ou \u00e1gua para os convidados, assiste-se ao filme e depois canta-se parab\u00e9ns e corta-se o bolo. Para um pai que desde 2008 vem em uma batida de 40\/50 festinhas infantis por ano, n\u00e3o deixa de ser interessante&#8230;<\/p>\n<p style=\"text-align: justify;\">O filme em si \u00e9 uma esp\u00e9cie de &#8220;irm\u00e3o mais novo&#8221; da anima\u00e7\u00e3o &#8220;Carros&#8221;. Um avi\u00e3o de pulveriza\u00e7\u00e3o de agrot\u00f3xicos resolve participar da maior competi\u00e7\u00e3o de avi\u00f5es existente no mundo. Ap\u00f3s uma s\u00e9rie de percal\u00e7os, o bem vence o mal, ele se supera e vence a competi\u00e7\u00e3o realizada ao redor do mundo &#8211; e sim, isto \u00e9 um &#8220;spoiler&#8221;.<\/p>\n<p style=\"text-align: justify;\">Sendo visto como uma anima\u00e7\u00e3o, \u00e9 um filme at\u00e9 divertido. Contudo, um olhar mais &#8220;pol\u00edtico&#8221;, por assim dizer, nos traz alguns elementos e algumas quest\u00f5es bastante inc\u00f4modas, para se dizer o menos.<\/p>\n<p style=\"text-align: justify;\">A primeira delas \u00e9 que o filme promove os defensivos agr\u00edcolas o tempo inteiro. Chamado pelo protagonista de &#8220;vitamina&#8221;, em diversas cenas o protagonista enaltece as virtudes do tal produto que ele pulverizava na cultura de milho. Por outro lado, o mau cheiro lembrado pelos vil\u00f5es do desenho animado tem o papel de transformar algo ruim (o mau cheiro dos agrot\u00f3xicos) em coisa boa: o frescor da &#8220;Vitamina&#8221; das plantas.<\/p>\n<p style=\"text-align: justify;\">Embora tal informa\u00e7\u00e3o n\u00e3o esteja dispon\u00edvel nos cr\u00e9ditos, me parece claro que a pel\u00edcula teve patroc\u00ednio ou apoio da Monsanto. A mensagem \u00e9 clara: agrot\u00f3xico \u00e9 vitamina, agrot\u00f3xico \u00e9 bom, agrot\u00f3xico promove a sa\u00fade e torna as plantas mais vi\u00e7osas. Nada mais falso, como sabemos &#8211; <a href=\"http:\/\/www.pedromigao.com.br\/ourodetolo\/2013\/04\/privatizar-a-agua-e-os-alimentos\/\" target=\"_blank\"><span style=\"color: #ff6600;\">e sugiro aos leitores dedicarem duas horas de seu tempo para assistir ao v\u00eddeo deste post<\/span><\/a>.<\/p>\n<p style=\"text-align: justify;\">O segundo ponto me incomoda menos, mas \u00e9 digno de registro. Antes da competi\u00e7\u00e3o em si o protagonista participa de uma etapa classificat\u00f3ria para a competi\u00e7\u00e3o que \u00e9 claramente inspirada na &#8220;corrida a\u00e9rea&#8221; organizada pela Red Bull &#8211; e que teve uma etapa muito tumultuada aqui no Rio de Janeiro anos atr\u00e1s. Ou seja: merchandising declarado &#8211; e sabemos que o p\u00fablico alvo do desenho animado s\u00e3o personalidades em forma\u00e7\u00e3o. Inclusive, como escrevi em post dos prim\u00f3rdios deste blog, sou a favor da proibi\u00e7\u00e3o das propagandas e comerciais em canais de televis\u00e3o dedicados ao p\u00fablico infantil.<\/p>\n<p style=\"text-align: justify;\">Outra trama paralela, envolvendo o instrutor do protagonista, glorifica o poderio militar norte americano. O instrutor \u00e9 o melhor porque serviu na esquadrilha de um porta avi\u00f5es americano sediado no Pac\u00edfico. Ou seja: tem algum problema? Recorra \u00e0 pol\u00edcia do mundo&#8230;<\/p>\n<p style=\"text-align: justify;\">Finalizando, uma das tramas secund\u00e1rias traz um personagem brasileiro, chamado de Carolina. O avi\u00e3o \u00e9 um Embraer, mas isso nem \u00e9 o mais importante: ela \u00e9 a &#8220;mo\u00e7a bonita&#8221; dos competidores, sendo cortejada por um personagem &#8220;latin lover&#8221; at\u00e9 ceder. Some-se a isso a dublagem da cantora Ivete Sangalo e temos o estere\u00f3tipo perfeito: a mulher brasileira sendo retratada como a morena sensual, f\u00e1cil e &#8220;desfrut\u00e1vel&#8221;. A mensagem \u00e9 clara: o Brasil \u00e9 terra para se arrumar mulher &#8211; e se divertir.<\/p>\n<p style=\"text-align: justify;\">Vale lembrar que o outro personagem feminino, namorada do protagonista, tem origem no Sudeste Asi\u00e1tico &#8211; outro lugar associado a turismo sexual. Coincid\u00eancia?<\/p>\n<p style=\"text-align: justify;\">Acaba se reproduzindo e se incutindo em crian\u00e7as, com personalidade em forma\u00e7\u00e3o, conceitos que sabemos inadequados. Enquanto isso, temos o canal &#8220;Cartoon Network&#8221; retirando de sua grade o desenho &#8220;Tom e Jerry&#8221; sob alega\u00e7\u00e3o de que o desenho \u00e9 &#8220;politicamente incorreto&#8221;. N\u00e3o conhe\u00e7o casos de terroristas e assassinos sob influ\u00eancia deste divertido desenho (eu mesmo seria um), mas sabemos dos danos causados pelos defensivos e pelas hordas de v\u00f4os charters com turistas em busca de mulheres no Brasil, no Sudeste Asi\u00e1tico e em outros pa\u00edses.<\/p>\n<p style=\"text-align: justify;\">Santa incoer\u00eancia, Batman! Ou seria o poder das grandes corpora\u00e7\u00f5es?<\/p>\n","protected":false},"excerpt":{"rendered":"<p>No \u00faltimo s\u00e1bado assisti ao filme &#8220;Avi\u00f5es&#8221; (acima, o trailer oficial em portugu\u00eas), nova anima\u00e7\u00e3o dos est\u00fadios Disney. O curioso \u00e9 que vi a pel\u00edculaTour Details<\/p>\n","protected":false},"author":2,"featured_media":0,"comment_status":"open","ping_status":"open","sticky":false,"template":"","format":"standard","meta":{"footnotes":""},"categories":[289],"tags":[141,13,12,24,6,17],"class_list":["post-19077","post","type-post","status-publish","format-standard","hentry","category-pedro-migao","tag-alimentos","tag-cinema","tag-cultura","tag-politica","tag-vida-cotidiana","tag-vida-empresarial"],"_links":{"self":[{"href":"https:\/\/www.pedromigao.com.br\/ourodetolo\/wp-json\/wp\/v2\/posts\/19077","targetHints":{"allow":["GET"]}}],"collection":[{"href":"https:\/\/www.pedromigao.com.br\/ourodetolo\/wp-json\/wp\/v2\/posts"}],"about":[{"href":"https:\/\/www.pedromigao.com.br\/ourodetolo\/wp-json\/wp\/v2\/types\/post"}],"author":[{"embeddable":true,"href":"https:\/\/www.pedromigao.com.br\/ourodetolo\/wp-json\/wp\/v2\/users\/2"}],"replies":[{"embeddable":true,"href":"https:\/\/www.pedromigao.com.br\/ourodetolo\/wp-json\/wp\/v2\/comments?post=19077"}],"version-history":[{"count":1,"href":"https:\/\/www.pedromigao.com.br\/ourodetolo\/wp-json\/wp\/v2\/posts\/19077\/revisions"}],"predecessor-version":[{"id":19078,"href":"https:\/\/www.pedromigao.com.br\/ourodetolo\/wp-json\/wp\/v2\/posts\/19077\/revisions\/19078"}],"wp:attachment":[{"href":"https:\/\/www.pedromigao.com.br\/ourodetolo\/wp-json\/wp\/v2\/media?parent=19077"}],"wp:term":[{"taxonomy":"category","embeddable":true,"href":"https:\/\/www.pedromigao.com.br\/ourodetolo\/wp-json\/wp\/v2\/categories?post=19077"},{"taxonomy":"post_tag","embeddable":true,"href":"https:\/\/www.pedromigao.com.br\/ourodetolo\/wp-json\/wp\/v2\/tags?post=19077"}],"curies":[{"name":"wp","href":"https:\/\/api.w.org\/{rel}","templated":true}]}}