{"id":18958,"date":"2013-09-20T12:55:03","date_gmt":"2013-09-20T15:55:03","guid":{"rendered":"http:\/\/www.pedromigao.com.br\/ourodetolo\/?p=18958"},"modified":"2013-09-20T13:01:35","modified_gmt":"2013-09-20T16:01:35","slug":"final-de-semana-samba-rubro-negro","status":"publish","type":"post","link":"https:\/\/www.pedromigao.com.br\/ourodetolo\/2013\/09\/final-de-semana-samba-rubro-negro\/","title":{"rendered":"Final de Semana: &#8220;Samba Rubro Negro&#8221;"},"content":{"rendered":"<p style=\"text-align: justify;\">Em um dia de absoluta ressaca para n\u00f3s rubro negros &#8211; e sobre o qual, apesar de ter ido ao Maracan\u00e3 (foto), irei me abster de tecer maiores coment\u00e1rios para evitar um processo judicial &#8211; coloco aqui o &#8220;Samba Rubro Negro&#8221;, de Wilson Batista, cantado por Jo\u00e3o Nogueira &#8211; em vers\u00e3o ligeiramente diferente da letra original apresentada aqui.<\/p>\n<p style=\"text-align: justify;\">Por falar em letra, diria eu que os torcedores rubro negros vem emagrecendo bastante nos \u00faltimos tempos&#8230;<\/p>\n<p style=\"text-align: justify;\"><em><strong>Samba Rubro Negro<\/strong><\/em><\/p>\n<p style=\"text-align: justify;\">&#8220;<em>Flamengo joga amanh\u00e3<\/em><br \/>\n<em> Eu vou pra l\u00e1<\/em><br \/>\n<em> Vai haver mais um baile no Maracan\u00e3<\/em><br \/>\n<em> O mais querido<\/em><br \/>\n<em> Tem Rubens, Dequinha e Pav\u00e3o<\/em><br \/>\n<em> Eu j\u00e1 rezei pra S\u00e3o Jorge<\/em><br \/>\n<em> Pro Mengo ser campe\u00e3o<\/em><br \/>\n<em> O mais querido<\/em><br \/>\n<em> Tem Rubens, Dequinha e Pav\u00e3o<\/em><br \/>\n<em> Eu j\u00e1 rezei pra S\u00e3o Jorge<\/em><br \/>\n<em> Pro mengo ser campe\u00e3o<\/em><\/p>\n<p style=\"text-align: justify;\"><em>Pode chover, pode o sol me queimar<\/em><br \/>\n<em> Que eu vou pra ver<\/em><br \/>\n<em> A charanga do Jaime tocar:<\/em><br \/>\n<em> Flamengo! Flamengo!<\/em><br \/>\n<em> Tua gl\u00f3ria \u00e9 lutar<\/em><br \/>\n<em> Quando o Mengo perde<\/em><br \/>\n<em> Eu n\u00e3o quero almo\u00e7ar<\/em><br \/>\n<em> Eu n\u00e3o quero jantar&#8221;<\/em><\/p>\n<p><iframe loading=\"lazy\" title=\"Jo\u00e3o Nogueira - Samba Rubro-Negro\" width=\"525\" height=\"394\" src=\"https:\/\/www.youtube.com\/embed\/CpPnHXEYlwM?feature=oembed\" frameborder=\"0\" allow=\"accelerometer; autoplay; clipboard-write; encrypted-media; gyroscope; picture-in-picture; web-share\" referrerpolicy=\"strict-origin-when-cross-origin\" allowfullscreen><\/iframe><\/p>\n","protected":false},"excerpt":{"rendered":"<p>Em um dia de absoluta ressaca para n\u00f3s rubro negros &#8211; e sobre o qual, apesar de ter ido ao Maracan\u00e3 (foto), irei me absterTour Details<\/p>\n","protected":false},"author":2,"featured_media":0,"comment_status":"open","ping_status":"open","sticky":false,"template":"","format":"standard","meta":{"footnotes":""},"categories":[289],"tags":[12,40,42,15],"class_list":["post-18958","post","type-post","status-publish","format-standard","hentry","category-pedro-migao","tag-cultura","tag-final-de-semana","tag-flamengo","tag-musica"],"_links":{"self":[{"href":"https:\/\/www.pedromigao.com.br\/ourodetolo\/wp-json\/wp\/v2\/posts\/18958","targetHints":{"allow":["GET"]}}],"collection":[{"href":"https:\/\/www.pedromigao.com.br\/ourodetolo\/wp-json\/wp\/v2\/posts"}],"about":[{"href":"https:\/\/www.pedromigao.com.br\/ourodetolo\/wp-json\/wp\/v2\/types\/post"}],"author":[{"embeddable":true,"href":"https:\/\/www.pedromigao.com.br\/ourodetolo\/wp-json\/wp\/v2\/users\/2"}],"replies":[{"embeddable":true,"href":"https:\/\/www.pedromigao.com.br\/ourodetolo\/wp-json\/wp\/v2\/comments?post=18958"}],"version-history":[{"count":0,"href":"https:\/\/www.pedromigao.com.br\/ourodetolo\/wp-json\/wp\/v2\/posts\/18958\/revisions"}],"wp:attachment":[{"href":"https:\/\/www.pedromigao.com.br\/ourodetolo\/wp-json\/wp\/v2\/media?parent=18958"}],"wp:term":[{"taxonomy":"category","embeddable":true,"href":"https:\/\/www.pedromigao.com.br\/ourodetolo\/wp-json\/wp\/v2\/categories?post=18958"},{"taxonomy":"post_tag","embeddable":true,"href":"https:\/\/www.pedromigao.com.br\/ourodetolo\/wp-json\/wp\/v2\/tags?post=18958"}],"curies":[{"name":"wp","href":"https:\/\/api.w.org\/{rel}","templated":true}]}}