{"id":18322,"date":"2013-07-19T17:30:18","date_gmt":"2013-07-19T20:30:18","guid":{"rendered":"http:\/\/www.pedromigao.com.br\/ourodetolo\/?p=18322"},"modified":"2013-07-18T21:21:57","modified_gmt":"2013-07-19T00:21:57","slug":"final-de-semana-canto-das-tres-racas-2","status":"publish","type":"post","link":"https:\/\/www.pedromigao.com.br\/ourodetolo\/2013\/07\/final-de-semana-canto-das-tres-racas-2\/","title":{"rendered":"Final de Semana &#8211; &#8220;Canto das Tr\u00eas Ra\u00e7as&#8221;"},"content":{"rendered":"<p style=\"text-align: justify;\">Esta m\u00fasica j\u00e1 foi tema desta coluna &#8211; de volta ap\u00f3s interregno &#8211; mas esta vers\u00e3o, cantada por Alcione e pontuada por atabaques, \u00e9 de arrepiar. O v\u00eddeo ao final do post \u00e9 uma imagem est\u00e1tica, somente, valendo pelo \u00e1udio. Salve Clara!<\/p>\n<p style=\"text-align: justify;\"><strong>Canto das Tr\u00eas Ra\u00e7as<\/strong><\/p>\n<p style=\"text-align: justify;\">(Mauro Duarte\/Paulo Cesar Pinheiro)<\/p>\n<p style=\"text-align: justify;\"><em>Ningu\u00e9m ouviu<\/em><\/p>\n<p style=\"text-align: justify;\"><em>Um solu\u00e7ar de dor<\/em><\/p>\n<p style=\"text-align: justify;\"><em>No canto do Brasil<\/em><\/p>\n<p style=\"text-align: justify;\"><em>Um lamento triste<\/em><\/p>\n<p style=\"text-align: justify;\"><em>Sempre ecoou<\/em><\/p>\n<p style=\"text-align: justify;\"><em>Desde que o \u00edndio guerreiro<\/em><\/p>\n<p style=\"text-align: justify;\"><em>Foi pro cativeiro<\/em><\/p>\n<p style=\"text-align: justify;\"><em>E de l\u00e1 cantou<\/em><\/p>\n<p style=\"text-align: justify;\"><em>Negro entoou<\/em><\/p>\n<p style=\"text-align: justify;\"><em>Um canto de revolta pelos ares<\/em><\/p>\n<p style=\"text-align: justify;\"><em>No Quilombo dos Palmares<\/em><\/p>\n<p style=\"text-align: justify;\"><em>Onde se refugiou<\/em><\/p>\n<p style=\"text-align: justify;\"><em>Fora a luta dos Inconfidentes<\/em><\/p>\n<p style=\"text-align: justify;\"><em>Pela quebra das correntes<\/em><\/p>\n<p style=\"text-align: justify;\"><em>Nada adiantou<\/em><\/p>\n<p style=\"text-align: justify;\"><em>E de guerra em paz<\/em><\/p>\n<p style=\"text-align: justify;\"><em>De paz em guerra<\/em><\/p>\n<p style=\"text-align: justify;\"><em>Todo o povo dessa terra<\/em><\/p>\n<p style=\"text-align: justify;\"><em>Quando pode cantar<\/em><\/p>\n<p style=\"text-align: justify;\"><em>Canta de dor<\/em><\/p>\n<p style=\"text-align: justify;\"><em>\u00f4, \u00f4, \u00f4, \u00f4, \u00f4, \u00f4<\/em><\/p>\n<p style=\"text-align: justify;\"><em>\u00f4, \u00f4, \u00f4, \u00f4, \u00f4, \u00f4<\/em><\/p>\n<p style=\"text-align: justify;\"><em>\u00f4, \u00f4, \u00f4, \u00f4, \u00f4, \u00f4<\/em><\/p>\n<p style=\"text-align: justify;\"><em>\u00f4, \u00f4, \u00f4, \u00f4, \u00f4, \u00f4<\/em><\/p>\n<p style=\"text-align: justify;\"><em>E ecoa noite e dia<\/em><\/p>\n<p style=\"text-align: justify;\"><em>\u00c9 ensurdecedor<\/em><\/p>\n<p style=\"text-align: justify;\"><em>Ai, mas que agonia<\/em><\/p>\n<p style=\"text-align: justify;\"><em>O canto do trabalhador<\/em><\/p>\n<p style=\"text-align: justify;\"><em>Esse canto que devia<\/em><\/p>\n<p style=\"text-align: justify;\"><em>Ser um canto de alegria<\/em><\/p>\n<p style=\"text-align: justify;\"><em>Soa apenas<\/em><\/p>\n<p style=\"text-align: justify;\"><em>Como um solu\u00e7ar de dor<\/em><\/p>\n<p>https:\/\/www.youtube.com\/watch?v=ZCaPPf-5Q1E<\/p>\n","protected":false},"excerpt":{"rendered":"<p>Esta m\u00fasica j\u00e1 foi tema desta coluna &#8211; de volta ap\u00f3s interregno &#8211; mas esta vers\u00e3o, cantada por Alcione e pontuada por atabaques, \u00e9 deTour Details<\/p>\n","protected":false},"author":2,"featured_media":0,"comment_status":"open","ping_status":"open","sticky":false,"template":"","format":"standard","meta":{"footnotes":""},"categories":[289],"tags":[40,15,85],"class_list":["post-18322","post","type-post","status-publish","format-standard","hentry","category-pedro-migao","tag-final-de-semana","tag-musica","tag-samba"],"_links":{"self":[{"href":"https:\/\/www.pedromigao.com.br\/ourodetolo\/wp-json\/wp\/v2\/posts\/18322","targetHints":{"allow":["GET"]}}],"collection":[{"href":"https:\/\/www.pedromigao.com.br\/ourodetolo\/wp-json\/wp\/v2\/posts"}],"about":[{"href":"https:\/\/www.pedromigao.com.br\/ourodetolo\/wp-json\/wp\/v2\/types\/post"}],"author":[{"embeddable":true,"href":"https:\/\/www.pedromigao.com.br\/ourodetolo\/wp-json\/wp\/v2\/users\/2"}],"replies":[{"embeddable":true,"href":"https:\/\/www.pedromigao.com.br\/ourodetolo\/wp-json\/wp\/v2\/comments?post=18322"}],"version-history":[{"count":0,"href":"https:\/\/www.pedromigao.com.br\/ourodetolo\/wp-json\/wp\/v2\/posts\/18322\/revisions"}],"wp:attachment":[{"href":"https:\/\/www.pedromigao.com.br\/ourodetolo\/wp-json\/wp\/v2\/media?parent=18322"}],"wp:term":[{"taxonomy":"category","embeddable":true,"href":"https:\/\/www.pedromigao.com.br\/ourodetolo\/wp-json\/wp\/v2\/categories?post=18322"},{"taxonomy":"post_tag","embeddable":true,"href":"https:\/\/www.pedromigao.com.br\/ourodetolo\/wp-json\/wp\/v2\/tags?post=18322"}],"curies":[{"name":"wp","href":"https:\/\/api.w.org\/{rel}","templated":true}]}}