{"id":17648,"date":"2013-05-16T06:21:22","date_gmt":"2013-05-16T09:21:22","guid":{"rendered":"http:\/\/www.pedromigao.com.br\/ourodetolo\/?p=17648"},"modified":"2013-05-15T14:00:09","modified_gmt":"2013-05-15T17:00:09","slug":"saude-e-batom-quatro-anos-de-ouro","status":"publish","type":"post","link":"https:\/\/www.pedromigao.com.br\/ourodetolo\/2013\/05\/saude-e-batom-quatro-anos-de-ouro\/","title":{"rendered":"Sa\u00fade e Batom &#8211; &#8220;Quatro anos de Ouro!&#8221;"},"content":{"rendered":"<p style=\"text-align: justify;\">Nesta quinta feira, a <strong>coluna &#8220;Sa\u00fade e Batom&#8221;, da jornalista Raphaele Ambrosio<\/strong>, ainda em ritmo de anivers\u00e1rio faz um balan\u00e7o do \u00faltimo ano do blog.<\/p>\n<p style=\"text-align: justify;\"><span style=\"text-decoration: underline;\"><em><strong>Quatro anos de Ouro!<\/strong><\/em><\/span><\/p>\n<p style=\"text-align: justify;\">Mais um ano chegou, mais um ano de vida de um blog que, aos poucos, foi mostrando a que veio, mostrando a sua cara. Quatro anos de alegria, informa\u00e7\u00e3o, debate, opini\u00f5es, profissionalismo e muita, mas muita dedica\u00e7\u00e3o a voc\u00ea, leitor e internauta.<\/p>\n<p style=\"text-align: justify;\">Com noticias e opini\u00f5es atuais, o Ouro de Tolo tem o compromisso de informar, entreter e causar disc\u00f3rdias, por que n\u00e3o?! E assunto de sobra \u00e9 o que n\u00e3o falta. Aqui \u00e9 falado absolutamente de tudo. Desde assuntos iniciados em mesa de bar, at\u00e9 preven\u00e7\u00e3o de doen\u00e7as, crimes, religi\u00e3o&#8230; \u00c9 um blog onde a democracia \u00e9 a palavra chave e o resultado \u00e9 visto com o aumento de visitantes que buscam no site informa\u00e7\u00e3o, entendimento em determinado assunto, interatividade.<\/p>\n<p style=\"text-align: justify;\">Tanto assunto bacana j\u00e1 foi abordado no Ouro! Entre tantos temas abordados, o que dizer da excelente s\u00e9rie de textos, em toda a sua riqueza do Colunista Rafael Rafic sobre o Conclave Papal? Um texto limpo, explicativo, dividido em partes, para que o leitor pudesse entender claramente todo o processo no qual, o Vaticano estava passando. E o alerta que a Jornalista Ana Barros deu sobre sinalizadores e queimaduras t\u00e9rmicas? Fora todas as noticias do mundo carnavalesco, trazidas pelo compositor Alo\u00edsio Villar, pelo Editor e por outros colunistas,\u00a0 que faz com que os amantes da folia saibam tudo o que rola em sua escola de cora\u00e7\u00e3o e na festa em geral.<\/p>\n<p style=\"text-align: justify;\">Muito assunto abordado, muito ponto de interroga\u00e7\u00e3o ficando na cabe\u00e7a de quem l\u00ea, muita coisa sendo mudada. Isso tudo porque o blog est\u00e1 antenado por inteiro, no que acontece no mundo e sua equipe de colunista n\u00e3o deixa passar uma, sem que seja dito, tamb\u00e9m, no espa\u00e7o virtual que vem se tornando, um dos queridos da internet.<\/p>\n<p style=\"text-align: justify;\">Um espa\u00e7o onde preza a liberdade de express\u00e3o. Onde religi\u00e3o, futebol, sa\u00fade, beleza, lazer, assuntos regionais tem seus espa\u00e7os de forma livre, expressados de forma limpa. Um lugar onde colunistas espalhados por esse mundo afora escrevem todo o seu pensar, conhecimento e sentem orgulho por isso.<\/p>\n<p style=\"text-align: justify;\">No ultimo ano, o Ouro de Tolo trouxe novidades. Colunistas vieram agregar, cada um a seu modo, com assuntos interessant\u00edssimos que vem divertindo e interessando a todos, de adolescentes a idosos, de mocinha a mulher. Jorge Farah, Milly Lacombe, Luiz Simas, Fred Sabino, Z\u00e9 Renato, Raphaele Ambr\u00f3sio, Nicholas Bittencourt<strong> e<\/strong> Luiz Carlos M\u00e1ximo vieram somar ao time de colunistas do Ouro de Tolo, trazendo mais informa\u00e7\u00e3o ao leitor, ajudando na visibilidade de todos e o principal, ajudando a crescer!<\/p>\n<p style=\"text-align: justify;\">Viva aos colunistas, viva os leitores, viva o Ouro de Tolo! Que venham mais quatro, mais quatro, mais quatro&#8230; Quatros anos de um blog de Ouro, mostrando que, de Tolo n\u00e3o tem nada!<\/p>\n","protected":false},"excerpt":{"rendered":"<p>Nesta quinta feira, a coluna &#8220;Sa\u00fade e Batom&#8221;, da jornalista Raphaele Ambrosio, ainda em ritmo de anivers\u00e1rio faz um balan\u00e7o do \u00faltimo ano do blog.Tour Details<\/p>\n","protected":false},"author":2,"featured_media":0,"comment_status":"open","ping_status":"open","sticky":false,"template":"","format":"standard","meta":{"footnotes":""},"categories":[343],"tags":[121],"class_list":["post-17648","post","type-post","status-publish","format-standard","hentry","category-saude-e-batom","tag-blog"],"_links":{"self":[{"href":"https:\/\/www.pedromigao.com.br\/ourodetolo\/wp-json\/wp\/v2\/posts\/17648","targetHints":{"allow":["GET"]}}],"collection":[{"href":"https:\/\/www.pedromigao.com.br\/ourodetolo\/wp-json\/wp\/v2\/posts"}],"about":[{"href":"https:\/\/www.pedromigao.com.br\/ourodetolo\/wp-json\/wp\/v2\/types\/post"}],"author":[{"embeddable":true,"href":"https:\/\/www.pedromigao.com.br\/ourodetolo\/wp-json\/wp\/v2\/users\/2"}],"replies":[{"embeddable":true,"href":"https:\/\/www.pedromigao.com.br\/ourodetolo\/wp-json\/wp\/v2\/comments?post=17648"}],"version-history":[{"count":0,"href":"https:\/\/www.pedromigao.com.br\/ourodetolo\/wp-json\/wp\/v2\/posts\/17648\/revisions"}],"wp:attachment":[{"href":"https:\/\/www.pedromigao.com.br\/ourodetolo\/wp-json\/wp\/v2\/media?parent=17648"}],"wp:term":[{"taxonomy":"category","embeddable":true,"href":"https:\/\/www.pedromigao.com.br\/ourodetolo\/wp-json\/wp\/v2\/categories?post=17648"},{"taxonomy":"post_tag","embeddable":true,"href":"https:\/\/www.pedromigao.com.br\/ourodetolo\/wp-json\/wp\/v2\/tags?post=17648"}],"curies":[{"name":"wp","href":"https:\/\/api.w.org\/{rel}","templated":true}]}}