{"id":17564,"date":"2013-05-15T14:29:09","date_gmt":"2013-05-15T17:29:09","guid":{"rendered":"http:\/\/www.pedromigao.com.br\/ourodetolo\/?p=17564"},"modified":"2013-05-15T09:50:27","modified_gmt":"2013-05-15T12:50:27","slug":"jornalismo-e-futebol-uma-relacao-hipocrita","status":"publish","type":"post","link":"https:\/\/www.pedromigao.com.br\/ourodetolo\/2013\/05\/jornalismo-e-futebol-uma-relacao-hipocrita\/","title":{"rendered":"Jornalismo e Futebol: Uma rela\u00e7\u00e3o hip\u00f3crita (por Rica Perrone)"},"content":{"rendered":"<p style=\"font-family: Verdana,Arial,Helvetica,sans-serif; text-align: justify;\"><span style=\"color: #000080;\">Uma tradi\u00e7\u00e3o dos anivers\u00e1rios deste blog \u00e9 termos um colunista convidado. Nos anos anteriores tivemos os\u00a0 jornalistas <span style=\"color: #ff6600;\"><a href=\"http:\/\/www.pedromigao.com.br\/ourodetolo\/2010\/05\/especial-de-aniversario-marco-aurelio-mello\/\" target=\"_blank\"><span style=\"color: #ff6600;\">Marco Aur\u00e9lio Mello<\/span><\/a><\/span>, <span style=\"color: #ff6600;\"><a href=\"http:\/\/www.pedromigao.com.br\/ourodetolo\/2011\/05\/era-uma-vez-um-pais-por-milly-lacombe\/\" target=\"_blank\"><span style=\"color: #ff6600;\">Milly Lacombe<\/span><\/a><\/span> (que hoje abrilhanta este espa\u00e7o com a sua coluna) e <span style=\"color: #ff6600;\"><a href=\"http:\/\/www.pedromigao.com.br\/ourodetolo\/2012\/05\/os-loucos-adoraveis-da-rede-por-aydano-andre-motta\/\" target=\"_blank\"><span style=\"color: #ff6600;\">Aydano Andr\u00e9 Motta<\/span><\/a><\/span>.<\/span><\/p>\n<p style=\"font-family: Verdana,Arial,Helvetica,sans-serif; text-align: justify;\"><span style=\"color: #000080;\">O convidado deste ano, tamb\u00e9m jornalista, \u00e9 pessoa que conhe\u00e7o h\u00e1 praticamente 15 anos: somos dos pioneiros em listas de discuss\u00e3o por email sobre carnaval e escolas de samba no Brasil. <span style=\"color: #ff6600;\"><a href=\"http:\/\/www.ricaperrone.com.br\/\" target=\"_blank\"><span style=\"color: #ff6600;\">Suas palavras em seu blog pessoal<\/span><\/a><\/span>, com milhares de acessos, n\u00e3o despertam meio termo: muitos amam, outros tantos odeiam. Tamb\u00e9m tem um programa semanal na R\u00e1dio Beat 98FM, no Rio de Janeiro, \u00e0s segundas feiras.<\/span><\/p>\n<p style=\"font-family: Verdana,Arial,Helvetica,sans-serif; text-align: justify;\"><span style=\"color: #000080;\">Falo do meu amigo (acima \u00e0 esquerda na foto, junto comigo e o colunista Aloisio Villar) <strong>Rica Perrone<\/strong>. Em artigo muito interessante ele discorre sobre os jogos de interesse no jornalismo esportivo.<\/span><\/p>\n<p style=\"font-family: Verdana,Arial,Helvetica,sans-serif; text-align: justify;\"><span style=\"text-decoration: underline;\"><em><strong><span style=\"color: #000080; text-decoration: underline;\">Jornalismo e Futebol: Uma rela\u00e7\u00e3o hip\u00f3crita<\/span><\/strong><\/em><\/span><\/p>\n<p style=\"font-family: Verdana,Arial,Helvetica,sans-serif; text-align: justify;\"><span style=\"color: #000080;\">Quando resolve ser jornalista voc\u00ea passa a ser treinado para falar a verdade, apurar a verdade, repassar a verdade. \u00c9 basicamente um senhor da raz\u00e3o, aquele que lida com fatos. Com fatos e muita verdade pode e deve-se aproximar o informado da informa\u00e7\u00e3o. Quando falamos de pol\u00edtica, economia ou viol\u00eancia, s\u00f3 a verdade interessa. <!--more--><\/span><\/p>\n<p style=\"font-family: Verdana,Arial,Helvetica,sans-serif; text-align: justify;\"><span style=\"color: #000080;\">Mas quando falamos de entretenimento\u2026 n\u00e3o \u00e9 bem assim. <\/span><\/p>\n<p style=\"font-family: Verdana,Arial,Helvetica,sans-serif; text-align: justify;\"><span style=\"color: #000080;\">O futebol \u00e9 uma paix\u00e3o, algo que sobrevive da cegueira causada por ela. A informa\u00e7\u00e3o que se passa num evento esportivo \u00e9 muito diferente e previamente restrita, o que j\u00e1 &#8220;mancha&#8221; a id\u00e9ia de &#8220;jornalismo&#8221;. Eu n\u00e3o compro e revendo os direitos de transmiss\u00e3o do Senado. Posso me manter isento e apenas apurar e informar. Compro campeonatos, eventos, preciso deles para existir. <\/span><\/p>\n<p style=\"font-family: Verdana,Arial,Helvetica,sans-serif; text-align: justify;\"><span style=\"color: #000080;\">Como posso ser isento em 100% se estou, no fundo, o tempo todo vendendo um produto? <\/span><\/p>\n<p style=\"font-family: Verdana,Arial,Helvetica,sans-serif; text-align: justify;\"><span style=\"color: #000080;\">O &#8220;jornalismo esportivo&#8221; n\u00e3o existe. Ou, na melhor das hipoteses, existe em partes. N\u00e3o h\u00e1 possibilidade alguma de se buscar na mesma linha a cobertura de um evento de entretenimento e de uma elei\u00e7\u00e3o, por exemplo. Voc\u00ea tem por dever moral informar custe a quem custar, doa a quem doer. E por dever intelectual n\u00e3o desprestigiar o evento que existe, apaixona e paga seu sal\u00e1rio. <\/span><\/p>\n<p style=\"font-family: Verdana,Arial,Helvetica,sans-serif; text-align: justify;\"><span style=\"color: #000080;\">N\u00e3o h\u00e1 emissora no mundo capaz de permitir que seu produto seja desmistificado ao consumidor. Sem o &#8220;mito&#8221;, resta a verdade. A verdade n\u00e3o nos interessa quando vamos apenas relaxar e nos divertir. <\/span><\/p>\n<p style=\"font-family: Verdana,Arial,Helvetica,sans-serif; text-align: justify;\"><span style=\"color: #000080;\">Um jogo de futebol \u00e9 um show de ilus\u00f5es do come\u00e7o da semana ao dia seguinte da partida. Dos mil motivos que te fazem sofrer aos mil motivos que tenho para te explicar que n\u00e3o \u00e9 preciso sofrer por futebol, eu posso te convencer da minha verdade. Voc\u00ea, n\u00e3o. Posso te dizer que tem dirigente bandido, insistir na tese imbecil de atrelar a sele\u00e7\u00e3o aos politicos da CBF, coisa que n\u00e3o fazem com seu clube no dia-a-dia. Porque ser\u00e1? <\/span><\/p>\n<p style=\"font-family: Verdana,Arial,Helvetica,sans-serif; text-align: justify;\"><span style=\"color: #000080;\">Ser\u00e1 que os profissionais de imprensa da Tv Globo ser\u00e3o &#8220;burros&#8221; de n\u00e3o exaltar e manter viva a chama pela sele\u00e7\u00e3o e os da ESPN idem sabendo que n\u00e3o tem direito de transmitir nada daquilo, por exemplo? Cad\u00ea o jornalismo e a verdade doa a quem doer? O jornalismo que protege por contrato \u00e9 jornalismo? <\/span><\/p>\n<p style=\"font-family: Verdana,Arial,Helvetica,sans-serif; text-align: justify;\"><span style=\"color: #000080;\">No esporte, senhores, o jornalista s\u00f3 pode ser meio jornalista. N\u00e3o a toa \u00e9 o mais f\u00e1cil de todos os segmentos da profiss\u00e3o, como tamb\u00e9m o de menor responsabilidade. Afinal, uma informa\u00e7\u00e3o errada pode at\u00e9 valorizar um refor\u00e7o. Mas n\u00e3o derruba a bolsa, nem faz milhares de v\u00edtimas no Afeganist\u00e3o. <\/span><\/p>\n<p style=\"font-family: Verdana,Arial,Helvetica,sans-serif; text-align: justify;\"><span style=\"color: #000080;\">\u00c9 s\u00f3 futebol. S\u00f3 isso. Ou tudo isso. <\/span><\/p>\n<p style=\"font-family: Verdana,Arial,Helvetica,sans-serif; text-align: justify;\"><span style=\"color: #000080;\">Relevante \u00e9 chegarmos a uma discuss\u00e3o que nos leve a algum lugar. Que talvez nos tire a vontade de fingir termos 100% de liberdade para fazer o que, em tese, fazem os jornalistas. Cobrimos entretenimento, compramos eventos, vendemos. N\u00e3o somos isentos. N\u00e3o podemos ser. <\/span><\/p>\n<p style=\"font-family: Verdana,Arial,Helvetica,sans-serif; text-align: justify;\"><span style=\"color: #000080;\">Se h\u00e1 uma rela\u00e7\u00e3o comercial n\u00e3o h\u00e1, portanto, jornalismo? <\/span><\/p>\n<p style=\"font-family: Verdana,Arial,Helvetica,sans-serif; text-align: justify;\"><span style=\"color: #000080;\">Talvez na rigidez que os antigos e mais quadrados ditem, n\u00e3o. Mas \u00e9 preciso, e talvez poss\u00edvel, encontrar um meio termo. <\/span><\/p>\n<p style=\"font-family: Verdana,Arial,Helvetica,sans-serif; text-align: justify;\"><span style=\"color: #000080;\">Essa tese jamais ser\u00e1 levantada por emissora alguma, j\u00e1 que as mais azedas, as que pregam o &#8220;jornalismo custe o que custar&#8221; s\u00e3o as que normalmente o fazem pelo n\u00e3o direito de transmiss\u00e3o e pela mesma necessidade de se vender outro produto. No caso, o campeonato ingles, ou alem\u00e3o, ou a s\u00e9rie B da Russia. Enfim. <\/span><\/p>\n<p style=\"font-family: Verdana,Arial,Helvetica,sans-serif; text-align: justify;\"><span style=\"color: #000080;\">Eu gostaria de saber de que forma posso vender um sonho, alimentar uma paix\u00e3o entregando verdades. <\/span><\/p>\n<p style=\"font-family: Verdana,Arial,Helvetica,sans-serif; text-align: justify;\"><span style=\"color: #000080;\">Gostaria de entender como se discursa hipocritamente sobre o &#8220;bom ou mau jornalismo&#8221; diante de um contrato entre seu chefe e o poss\u00edvel investigado. Com que moral se vai a um clube onde voc\u00ea \u00e9 s\u00f3cio de um jogador ou de um dirigente e se faz uma den\u00fancia? <\/span><\/p>\n<p style=\"font-family: Verdana,Arial,Helvetica,sans-serif; text-align: justify;\"><span style=\"color: #000080;\">Errado, portanto? N\u00e3o, longe disso. Apenas hipocrita, eu diria. <\/span><\/p>\n<p style=\"font-family: Verdana,Arial,Helvetica,sans-serif; text-align: justify;\"><span style=\"color: #000080;\">Jornalismo esportivo n\u00e3o existe. E se existe, \u00e9 burro e auto-destrutivo. Denunciar \u00e9 preciso, nosso dever. Apurar, informar, mas jamais sem sufocar a paix\u00e3o. E as duas obriga\u00e7\u00f5es s\u00e3o altamente conflitantes. <\/span><\/p>\n<p style=\"font-family: Verdana,Arial,Helvetica,sans-serif; text-align: justify;\"><span style=\"color: #000080;\">Talvez sejamos uma mistura de vendedor de sonhos com informante de &#8220;algumas verdades&#8221;. Talvez isso nem exista. Talvez as reda\u00e7\u00f5es n\u00e3o tenham a exata noc\u00e3o comercial do que fazem, at\u00e9 porque a faculdade tamb\u00e9m n\u00e3o vai at\u00e9 este ponto e vende, tamb\u00e9m, o sonho de que jornalismo \u00e9 apenas um ideal, n\u00e3o uma profiss\u00e3o que busca lucro e venda de jornais como todas as outras. <\/span><\/p>\n<p style=\"font-family: Verdana,Arial,Helvetica,sans-serif; text-align: justify;\"><span style=\"color: #000080;\">Idealistas n\u00e3o permitem uma virgula sobre suas teses. Morrem quase todos pobres, reclamando. <\/span><\/p>\n<p style=\"font-family: Verdana,Arial,Helvetica,sans-serif; text-align: justify;\"><span style=\"color: #000080;\">Reclamar \u00e9 um esporte. Sem direitos de arena. Porque se tivesse, fatalmente muitos de n\u00f3s, &#8220;jornalistas esportivos&#8221;, estar\u00edamos pisando em ovos para reclamar. <\/span><\/p>\n<p style=\"font-family: Verdana,Arial,Helvetica,sans-serif; text-align: justify;\"><span style=\"color: #000080;\">abs,<\/span><\/p>\n<p style=\"font-family: Verdana,Arial,Helvetica,sans-serif; text-align: justify;\"><span style=\"color: #000080;\">RicaPerrone<\/span><\/p>\n","protected":false},"excerpt":{"rendered":"<p>Uma tradi\u00e7\u00e3o dos anivers\u00e1rios deste blog \u00e9 termos um colunista convidado. Nos anos anteriores tivemos os\u00a0 jornalistas Marco Aur\u00e9lio Mello, Milly Lacombe (que hoje abrilhantaTour Details<\/p>\n","protected":false},"author":2,"featured_media":0,"comment_status":"open","ping_status":"open","sticky":false,"template":"","format":"standard","meta":{"footnotes":""},"categories":[289],"tags":[121,41,37,33],"class_list":["post-17564","post","type-post","status-publish","format-standard","hentry","category-pedro-migao","tag-blog","tag-esporte","tag-futebol","tag-jornalismo"],"_links":{"self":[{"href":"https:\/\/www.pedromigao.com.br\/ourodetolo\/wp-json\/wp\/v2\/posts\/17564","targetHints":{"allow":["GET"]}}],"collection":[{"href":"https:\/\/www.pedromigao.com.br\/ourodetolo\/wp-json\/wp\/v2\/posts"}],"about":[{"href":"https:\/\/www.pedromigao.com.br\/ourodetolo\/wp-json\/wp\/v2\/types\/post"}],"author":[{"embeddable":true,"href":"https:\/\/www.pedromigao.com.br\/ourodetolo\/wp-json\/wp\/v2\/users\/2"}],"replies":[{"embeddable":true,"href":"https:\/\/www.pedromigao.com.br\/ourodetolo\/wp-json\/wp\/v2\/comments?post=17564"}],"version-history":[{"count":1,"href":"https:\/\/www.pedromigao.com.br\/ourodetolo\/wp-json\/wp\/v2\/posts\/17564\/revisions"}],"predecessor-version":[{"id":17566,"href":"https:\/\/www.pedromigao.com.br\/ourodetolo\/wp-json\/wp\/v2\/posts\/17564\/revisions\/17566"}],"wp:attachment":[{"href":"https:\/\/www.pedromigao.com.br\/ourodetolo\/wp-json\/wp\/v2\/media?parent=17564"}],"wp:term":[{"taxonomy":"category","embeddable":true,"href":"https:\/\/www.pedromigao.com.br\/ourodetolo\/wp-json\/wp\/v2\/categories?post=17564"},{"taxonomy":"post_tag","embeddable":true,"href":"https:\/\/www.pedromigao.com.br\/ourodetolo\/wp-json\/wp\/v2\/tags?post=17564"}],"curies":[{"name":"wp","href":"https:\/\/api.w.org\/{rel}","templated":true}]}}