{"id":17539,"date":"2013-05-14T14:58:17","date_gmt":"2013-05-14T17:58:17","guid":{"rendered":"http:\/\/www.pedromigao.com.br\/ourodetolo\/?p=17539"},"modified":"2013-05-15T09:39:33","modified_gmt":"2013-05-15T12:39:33","slug":"orun-aye-carnaval-as-primeiras-movimentacoes-para-2014","status":"publish","type":"post","link":"https:\/\/www.pedromigao.com.br\/ourodetolo\/2013\/05\/orun-aye-carnaval-as-primeiras-movimentacoes-para-2014\/","title":{"rendered":"Orun Ay\u00e9 &#8211; &#8220;Carnaval &#8211; as primeiras movimenta\u00e7\u00f5es para 2014&#8221;"},"content":{"rendered":"<p style=\"font-family: Verdana,Arial,Helvetica,sans-serif; text-align: justify;\"><span style=\"color: #000080;\">Nesta ter\u00e7a feira, <strong>a coluna &#8220;Orun Ay\u00e9&#8221; especial de anivers\u00e1rio do Ouro de Tolo, do compositor Aloisio Villar<\/strong>, fala sobre a movimanta\u00e7\u00e3o visando ao carnaval 2014. Ali\u00e1s, a depender do resultado das elei\u00e7\u00f5es da Portela no pr\u00f3ximo domingo a cobertura de carnaval deste espa\u00e7o ir\u00e1 sofrer algumas modifica\u00e7\u00f5es.<\/span><\/p>\n<p style=\"font-family: Verdana,Arial,Helvetica,sans-serif; text-align: justify;\"><span style=\"text-decoration: underline;\"><em><strong><span style=\"color: #000080; text-decoration: underline;\">Carnaval &#8211; as primeiras movimenta\u00e7\u00f5es para 2014<\/span><\/strong><\/em><\/span><\/p>\n<p style=\"font-family: Verdana,Arial,Helvetica,sans-serif; text-align: justify;\"><span style=\"color: #000080;\">Ao longe j\u00e1 se ouvem os tamborins, a marca\u00e7\u00e3o do surdo, o puxador pega o microfone e anuncia que est\u00e1 chegando o carnaval 2014. <\/span><\/p>\n<p style=\"font-family: Verdana,Arial,Helvetica,sans-serif; text-align: justify;\"><span style=\"color: #000080;\">O qu\u00ea? Mas como? Estamos em maio ainda, o carnaval 2013 mal terminou. Como posso ser louco de falar algo assim? <!--more--><\/span><\/p>\n<p style=\"font-family: Verdana,Arial,Helvetica,sans-serif; text-align: justify;\"><span style=\"color: #000080;\">Sim amigos, o carnaval 2014 est\u00e1 longe ainda, mas sua movimenta\u00e7\u00e3o come\u00e7ou. Enquanto a maioria da popula\u00e7\u00e3o que curte folia nem pensa em carnaval ainda as escolas de samba j\u00e1 trabalham para que tudo saia perfeito em mar\u00e7o de 2014. <\/span><\/p>\n<p style=\"font-family: Verdana,Arial,Helvetica,sans-serif; text-align: justify;\"><span style=\"color: #000080;\">A campe\u00e3 Vila Isabel mudou praticamente sua equipe de carnaval toda. Muitos s\u00e3o os coment\u00e1rios que a escola passaria por grave crise financeira e deveria dinheiro para alguns que sa\u00edram. Pessoalmente acho que o fato de todo mundo ter sa\u00eddo prova essa vers\u00e3o. A Vila perdeu Tinga, seu cantor h\u00e1 anos, perdeu a carnavalesca Rosa Magalh\u00e3es, perdeu core\u00f3grafo de comiss\u00e3o de frente e casal de mestre sala e porta bandeira. S\u00f3 faltou perder Martinho da Vila pra Vila Kennedy. <\/span><\/p>\n<p style=\"font-family: Verdana,Arial,Helvetica,sans-serif; text-align: justify;\"><span style=\"color: #000080;\">Mas a escola teve o m\u00e9rito de se recuperar rapidamente. Contratou o excelente Gilsinho da Portela para ser sua voz, fez troca troca com a Tijuca no casal de mestre sala e porta bandeira. Se perdeu Julinho e Rute para a escola do Borel trouxe Marquinhos e Giovanna\u00a0 de l\u00e1. Contratou Cid Carvalho como carnavalesco e tudo vai caminhando.\u00a0 <\/span><\/p>\n<p style=\"font-family: Verdana,Arial,Helvetica,sans-serif; text-align: justify;\"><span style=\"color: #000080;\">N\u00e3o sabemos como ser\u00e1 o poder de fogo da atual campe\u00e3 at\u00e9 porque ela ainda n\u00e3o tem enredo, mas n\u00e3o podemos nunca duvidar da Vila. <\/span><\/p>\n<p style=\"font-family: Verdana,Arial,Helvetica,sans-serif; text-align: justify;\"><span style=\"color: #000080;\">S\u00f3 que esse carnaval 2014 promete ser o mais equilibrado dos \u00faltimos anos. A Beija-Flor vem com enredo forte falando de Jos\u00e9 Bonif\u00e1cio de Oliveira, o Boni. Boni foi o principal nome da rede Globo por mais de trinta anos e assim j\u00e1 consegue a simpatia da emissora parceira da Liesa. Deve conseguir bastante m\u00eddia, apoio de artistas, personalidades &#8211; como conseguiu em 2011 no enredo campe\u00e3o do carnaval sobre Roberto Carlos. <\/span><\/p>\n<p style=\"font-family: Verdana,Arial,Helvetica,sans-serif; text-align: justify;\"><span style=\"color: #000080;\">A Tijuca n\u00e3o fez por menos e tamb\u00e9m vir\u00e1 com enredo midi\u00e1tico. A escola de Paulo Barros lembrar\u00e1 os 20 anos da morte de Ayrton Senna lhe homenageando em enredo. O nome de Senna ainda \u00e9 muito forte n\u00e3o s\u00f3 no Brasil como no mundo. Caso ocorresse em 1995, como tentou a Tradi\u00e7\u00e3o, seria uma grande choradeira na avenida e impacto muito forte, mas 20 anos se passaram. Ser\u00e1 que o desfile vai ter toda a magia que o nome Ayrton Senna imp\u00f5e? <\/span><\/p>\n<p style=\"font-family: Verdana,Arial,Helvetica,sans-serif; text-align: justify;\"><span style=\"color: #000080;\">Acredito que sim. A escola ter\u00e1 muita m\u00eddia, apoio da funda\u00e7\u00e3o \u201cAyrton Senna\u201d e tem um dos carnavalescos mais criativos de nosso carnaval que com certeza fugir\u00e1 do enredo homenagem. J\u00e1 foi dito que provavelmente um \u201cgrande pr\u00eamio\u201d ser\u00e1 mostrado na avenida com Senna vencendo no fim. Estou muito curioso em como isso ser\u00e1 desenvolvido. Assim como disse ao escrever sobre a Vila, a Tijuca sofreu mudan\u00e7as. Trocou seu int\u00e9rprete Bruno Ribas por Tinga e trocou de casal com a Vila. <\/span><\/p>\n<p style=\"font-family: Verdana,Arial,Helvetica,sans-serif; text-align: justify;\"><span style=\"color: #000080;\">Esse lance ficou estranho, \u201ctrocou de casal\u201d. Pareceu swing, enfim&#8230; <\/span><\/p>\n<p style=\"font-family: Verdana,Arial,Helvetica,sans-serif; text-align: justify;\"><span style=\"color: #000080;\">Salgueiro n\u00e3o mexeu em quase ningu\u00e9m, trazendo apenas de volta a bela porta bandeira Marcela Alves, mas vem com enredo muito forte que lembra o do Boi da Ilha em 2008. A escola fala da teoria de Gaia, aquela em que trata o planeta como um ser vivo, um ser que sofre com a a\u00e7\u00e3o do homem e pode trat\u00e1-lo futuramente como um v\u00edrus e expurg\u00e1-lo. Ali\u00e1s, pela teoria isso j\u00e1 ocorre com os tsunamis e terremotos. <\/span><\/p>\n<p style=\"font-family: Verdana,Arial,Helvetica,sans-serif; text-align: justify;\"><span style=\"color: #000080;\">Candidat\u00edssima ao t\u00edtulo. <\/span><\/p>\n<p style=\"font-family: Verdana,Arial,Helvetica,sans-serif; text-align: justify;\"><span style=\"color: #000080;\">Grande Rio mexeu em toda sua estrutura e contratou o carnavalesco revela\u00e7\u00e3o Fabio Ricardo para falar de Maric\u00e1. A Uni\u00e3o da Ilha manteve a maior parte da equipe com algumas contrata\u00e7\u00f5es para a harmonia e falar\u00e1 sobre brinquedos e brincadeiras. Tamb\u00e9m estou curioso para ver o desenvolvimento desse enredo, que n\u00e3o sei se ainda cabe no Grupo Especial. <\/span><\/p>\n<p style=\"font-family: Verdana,Arial,Helvetica,sans-serif; text-align: justify;\"><span style=\"color: #000080;\">Mocidade mudou de carnavalesco: agora \u00e9 o ex-portelense Paulo Menezes e contratou Lucinha Nobre para sua porta bandeira. O problema da escola de Padre Miguel \u00e9 muito maior que nomes e ela tem que se cuidar. <\/span><\/p>\n<p style=\"font-family: Verdana,Arial,Helvetica,sans-serif; text-align: justify;\"><span style=\"color: #000080;\">S\u00e3o Clemente est\u00e1 sem carnavalesco e falar\u00e1 sobre favelas. Ainda n\u00e3o sabemos se ser\u00e1 questionador como marca sua hist\u00f3ria ou &#8216;chapa branca&#8217; como vem feito ultimamente. Imp\u00e9rio da Tijuca vem com o at\u00e9 agora melhor enredo do grupo pra mim. Chama-se \u201cBatuk\u201d e falar\u00e1 da influ\u00eancia da batida e dos ritmos africanos. Interessante demais, mas que infelizmente dificilmente evitar\u00e1 um rebaixamento na panela que \u00e9 hoje o grupo especial. <\/span><\/p>\n<p style=\"font-family: Verdana,Arial,Helvetica,sans-serif; text-align: justify;\"><span style=\"color: #000080;\">Imperatriz assim como Beija-Flor e Tijuca falar\u00e1 sobre uma personalidade e essa em especial mexe com meu cora\u00e7\u00e3o e com o do Mig\u00e3o. Arthur Antunes Coimbra, o Zico, maior jogador da hist\u00f3ria do Flamengo. <\/span><\/p>\n<p style=\"font-family: Verdana,Arial,Helvetica,sans-serif; text-align: justify;\"><span style=\"color: #000080;\">\u00c9 um enredo mais perigoso que os outros dois porque mexe com futebol, paix\u00e3o nacional e falar\u00e1 de um jogador vinculado a um clube. Isso atrai toda a simpatia da na\u00e7\u00e3o rubro-negra, mas pode trazer a antipatia de quem torce pelos outros e entre eles os jurados, que apesar de serem idiotas e fazer besteiras aos montes a princ\u00edpio s\u00e3o seres humanos como n\u00f3s. <\/span><\/p>\n<p style=\"font-family: Verdana,Arial,Helvetica,sans-serif; text-align: justify;\"><span style=\"color: #000080;\">No quanto a Imperatriz pode ser beneficiada ou prejudicada nessa homenagem? Bem, a Est\u00e1cio falando do Flamengo n\u00e3o voltou nas campe\u00e3s e a Tijuca com o Vasco desceu. A vida de Zico tem assunto suficiente para um desfile de escolas de samba? <\/span><\/p>\n<p style=\"font-family: Verdana,Arial,Helvetica,sans-serif; text-align: justify;\"><span style=\"color: #000080;\">Mais quest\u00f5es que s\u00f3 mar\u00e7o responder\u00e1. <\/span><\/p>\n<p style=\"font-family: Verdana,Arial,Helvetica,sans-serif; text-align: justify;\"><span style=\"color: #000080;\">Mangueira vem toda nova pra 2014. Elegeu Chiquinho da Mangueira como presidente e a escola parece passar por um choque de auto-estima. Contratou Rosa Magalh\u00e3es como carnavalesca, incluiu Preto J\u00f3ia no time dos cantores e dizem ser agora uma escola apoiada pelo governo. A verde e rosa v\u00eam muito forte para esse carnaval e esperamos que parem as invencionices. <\/span><\/p>\n<p style=\"font-family: Verdana,Arial,Helvetica,sans-serif; text-align: justify;\"><span style=\"color: #000080;\">Bem&#8230; Esse \u00e9 um primeiro apanhado do carnaval 2014. Vamos esperar essas sinopses sa\u00edrem e as disputas de samba come\u00e7arem para escrever um pouco melhor. A princ\u00edpio coloco na frente as quatro favoritas de sempre: Vila, Tijuca, Beija-Flor e Salgueiro, mas agora devem ganhar a companhia da Mangueira.<\/span><\/p>\n<p style=\"font-family: Verdana,Arial,Helvetica,sans-serif; text-align: justify;\"><span style=\"color: #000080;\">Faltou nada n\u00e3o \u00e9?<\/span><\/p>\n<p style=\"font-family: Verdana,Arial,Helvetica,sans-serif; text-align: justify;\"><span style=\"color: #000080;\">Faltou sim, faltou escrever sobre a Portela.<\/span><\/p>\n<p style=\"font-family: Verdana,Arial,Helvetica,sans-serif; text-align: justify;\"><span style=\"color: #000080;\">Mas essa \u00e9 outra hist\u00f3ria. Hist\u00f3ria para o pr\u00f3ximo domingo.<\/span><\/p>\n<p style=\"font-family: Verdana,Arial,Helvetica,sans-serif; text-align: justify;\"><em><span style=\"color: #000080;\">[N.do.E.: a Mocidade iria anunciar semana passada um enredo sobre o genial e saudoso carnavalesco Fernando Pinto, mas at\u00e9 agora n\u00e3o h\u00e1 confirma\u00e7\u00e3o oficial.]<\/span><\/em><\/p>\n","protected":false},"excerpt":{"rendered":"<p>Nesta ter\u00e7a feira, a coluna &#8220;Orun Ay\u00e9&#8221; especial de anivers\u00e1rio do Ouro de Tolo, do compositor Aloisio Villar, fala sobre a movimanta\u00e7\u00e3o visando ao carnavalTour Details<\/p>\n","protected":false},"author":2,"featured_media":0,"comment_status":"open","ping_status":"open","sticky":false,"template":"","format":"standard","meta":{"footnotes":""},"categories":[8],"tags":[18,341,19],"class_list":["post-17539","post","type-post","status-publish","format-standard","hentry","category-orun-aye","tag-carnaval","tag-carnaval-2014","tag-escolas-de-samba"],"_links":{"self":[{"href":"https:\/\/www.pedromigao.com.br\/ourodetolo\/wp-json\/wp\/v2\/posts\/17539","targetHints":{"allow":["GET"]}}],"collection":[{"href":"https:\/\/www.pedromigao.com.br\/ourodetolo\/wp-json\/wp\/v2\/posts"}],"about":[{"href":"https:\/\/www.pedromigao.com.br\/ourodetolo\/wp-json\/wp\/v2\/types\/post"}],"author":[{"embeddable":true,"href":"https:\/\/www.pedromigao.com.br\/ourodetolo\/wp-json\/wp\/v2\/users\/2"}],"replies":[{"embeddable":true,"href":"https:\/\/www.pedromigao.com.br\/ourodetolo\/wp-json\/wp\/v2\/comments?post=17539"}],"version-history":[{"count":0,"href":"https:\/\/www.pedromigao.com.br\/ourodetolo\/wp-json\/wp\/v2\/posts\/17539\/revisions"}],"wp:attachment":[{"href":"https:\/\/www.pedromigao.com.br\/ourodetolo\/wp-json\/wp\/v2\/media?parent=17539"}],"wp:term":[{"taxonomy":"category","embeddable":true,"href":"https:\/\/www.pedromigao.com.br\/ourodetolo\/wp-json\/wp\/v2\/categories?post=17539"},{"taxonomy":"post_tag","embeddable":true,"href":"https:\/\/www.pedromigao.com.br\/ourodetolo\/wp-json\/wp\/v2\/tags?post=17539"}],"curies":[{"name":"wp","href":"https:\/\/api.w.org\/{rel}","templated":true}]}}