{"id":17502,"date":"2013-05-15T05:30:27","date_gmt":"2013-05-15T08:30:27","guid":{"rendered":"http:\/\/www.pedromigao.com.br\/ourodetolo\/?p=17502"},"modified":"2013-05-15T09:38:47","modified_gmt":"2013-05-15T12:38:47","slug":"made-in-usa-mais-um-ano-se-passou","status":"publish","type":"post","link":"https:\/\/www.pedromigao.com.br\/ourodetolo\/2013\/05\/made-in-usa-mais-um-ano-se-passou\/","title":{"rendered":"Made in USA &#8211; &#8220;Mais um ano se passou&#8230;&#8221;"},"content":{"rendered":"<p style=\"font-family: Verdana,Arial,Helvetica,sans-serif; text-align: justify;\"><span style=\"color: #000080;\">No dia de seu anivers\u00e1rio, o Ouro de Tolo tem uma edi\u00e7\u00e3o especial da coluna <strong>\u201cMade in USA\u201d, do advogado Rafael Rafic.<\/strong><\/span><\/p>\n<p style=\"font-family: Verdana,Arial,Helvetica,sans-serif; text-align: justify;\"><span style=\"color: #000080;\">De minha parte, s\u00f3 tenho a agradecer a leitores, colunistas e agregados que fazem o blog estar sempre crescendo e se firmando como um dos bons espa\u00e7os de debate na internet. A hora \u00e9 de celebrar a data.<\/span><\/p>\n<p style=\"font-family: Verdana,Arial,Helvetica,sans-serif; text-align: justify;\"><span style=\"text-decoration: underline;\"><em><strong><span style=\"color: #000080; text-decoration: underline;\">Mais um ano se passou&#8230;<\/span><\/strong><\/em><\/span><\/p>\n<p style=\"font-family: Verdana,Arial,Helvetica,sans-serif; text-align: justify;\"><span style=\"color: #000080;\">Chegamos ao quarto anivers\u00e1rio do Ouro de Tolo e o e-mail recebido do editor do blog sobre esta efem\u00e9ride me fez lembrar que h\u00e1 menos de um m\u00eas atr\u00e1s passei em branco outra efem\u00e9ride: meu primeiro anivers\u00e1rio como colunista deste blog (n\u00e3o lembro a data exata, mas foi no in\u00edcio de abril de 2012). <!--more--><br \/>\n<\/span><\/p>\n<p style=\"font-family: Verdana,Arial,Helvetica,sans-serif; text-align: justify;\"><span style=\"color: #000080;\">Apesar de ser colunista h\u00e1 apenas um ano, sou leitor do blog h\u00e1 umas tr\u00eas temporadas e posso atestar que a mudan\u00e7a na forma do blog foi gigantesca.<br \/>\n<\/span><\/p>\n<p style=\"font-family: Verdana,Arial,Helvetica,sans-serif; text-align: justify;\"><span style=\"color: #000080;\">Antigamente o Mig\u00e3o escrevia prolificamente, quase como um louco; era um blog com um ponto de vista muito pessoal. Alias o Mig\u00e3o tem um ponto vista \u00fanico dos fatos, de qualquer fato. Talvez venha da\u00ed o lema do blog, vivo at\u00e9 hoje: \u201cSempre em busca do inusual\u201d.<br \/>\n<\/span><\/p>\n<p style=\"font-family: Verdana,Arial,Helvetica,sans-serif; text-align: justify;\"><span style=\"color: #000080;\">Por\u00e9m, o tempo \u00e9 inexor\u00e1vel e nossa vida muda com ele. Aos poucos foram se agregando outras pessoas que, inicialmente, faziam participa\u00e7\u00f5es especiais, depois colunas. O n\u00famero desses colaboradores, que sempre fizeram isso por puro prazer de escrever e informar &#8211; j\u00e1 que ningu\u00e9m nunca ganhou um centavo escrevendo para o Ouro de Tolo, foi aumentando gradativamente com o tempo.<br \/>\n<\/span><\/p>\n<p style=\"font-family: Verdana,Arial,Helvetica,sans-serif; text-align: justify;\"><span style=\"color: #000080;\">At\u00e9 diria que nos \u00faltimos tempos atingiu escala exponencial, j\u00e1 que o n\u00famero de novos colunistas que este blog recebeu no \u00faltimo ano foi gigantesco.<br \/>\n<\/span><\/p>\n<p style=\"font-family: Verdana,Arial,Helvetica,sans-serif; text-align: justify;\"><span style=\"color: #000080;\">Essas participa\u00e7\u00f5es transformaram completamente o Ouro de Tolo: de uma experi\u00eancia muito pessoal do seu dono para uma revista eletr\u00f4nica variad\u00edssima, da qual se fala de esportes, vida cotidiana, literatura, pol\u00edtica, literatura (com os \u00f3timos contos do Villar), hist\u00f3ria, samba, assuntos femininos, religi\u00e3o, advocacia, sa\u00fade entre outros.<br \/>\n<\/span><\/p>\n<p style=\"font-family: Verdana,Arial,Helvetica,sans-serif; text-align: justify;\"><span style=\"color: #000080;\">O Mig\u00e3o de colunista \u00fanico e di\u00e1rio se transformou em um grande editor de todos n\u00f3s, que vez ou outra escrevia coluna pr\u00f3pria, parecido com um estilo Mino Carta ou do saudoso Victor Civita (este \u00faltimo extremamente mal sucedido por seu filho).<br \/>\n<\/span><\/p>\n<p style=\"font-family: Verdana,Arial,Helvetica,sans-serif; text-align: justify;\"><span style=\"color: #000080;\">Por\u00e9m, como eu disse acima, os tempos mudam. Assim Mig\u00e3o teve problemas s\u00e9rios no ano passado (de todos os tipos, foi o seu <i>annus horribilis<\/i>) e pouco tempo lhe restou para escrever. Assim, passou a assumir de vez a figura de editor.<br \/>\n<\/span><\/p>\n<p style=\"font-family: Verdana,Arial,Helvetica,sans-serif; text-align: justify;\"><span style=\"color: #000080;\">Acredito que isso \u00e9 o grande fato pelo qual o Ouro de Tolo pode ser orgulhar esse \u00faltimo ano: ele deixou de depender exclusivamente do Mig\u00e3o atuando como \u201cgoleiro-zagueiro-atacante\u201d e provou que pode se manter com atualiza\u00e7\u00e3o di\u00e1ria, de alt\u00edssima qualidade, mesmo na indisponibilidade de tempo de seu fundador e editor.<br \/>\n<\/span><\/p>\n<p style=\"font-family: Verdana,Arial,Helvetica,sans-serif; text-align: justify;\"><span style=\"color: #000080;\">Este per\u00edodo foi muito bom at\u00e9 para lapidar o Mig\u00e3o nessa fun\u00e7\u00e3o de editor.<br \/>\n<\/span><\/p>\n<p style=\"font-family: Verdana,Arial,Helvetica,sans-serif; text-align: justify;\"><span style=\"color: #000080;\">Ser editor \u00e9 uma fun\u00e7\u00e3o ingrata porque ao mesmo tempo voc\u00ea precisa pensar no ve\u00edculo como um todo, pensar em seu conte\u00fado de forma heur\u00edstica (acreditem, isso n\u00e3o \u00e9 f\u00e1cil), e revisar os textos feitos pelos colunistas, corrigindo erros e evitando algumas palavras que possam causar riscos jur\u00eddicos ao ve\u00edculo. Mas, ao mesmo tempo, tem de manter o estilo e a for\u00e7a do argumento do autor. Afinal, a coluna pertence a este, n\u00e3o aquele.<br \/>\n<\/span><\/p>\n<p style=\"font-family: Verdana,Arial,Helvetica,sans-serif; text-align: justify;\"><span style=\"color: #000080;\">Como o leitor do Ouro de Tolo pode perceber, o n\u00famero das famosas \u201cNotas do Editor\u201d ou \u201cNEs\u201d caiu drasticamente nos \u00faltimos quatro ou seis meses. Isso ocorreu ap\u00f3s v\u00e1rias reclama\u00e7\u00f5es, inclusive de colunistas, de que ele estava se \u201cintrometendo\u201d demais nos pensamentos e nos textos dos colunistas.<br \/>\n<\/span><\/p>\n<p style=\"font-family: Verdana,Arial,Helvetica,sans-serif; text-align: justify;\"><span style=\"color: #000080;\">Particularmente, na minha coluna, nunca me importei com as NEs, j\u00e1 que muitas delas eram pertinentes ou, pelo menos, levantavam discuss\u00f5es interessantes. Por\u00e9m devo admitir que em algumas colunas (Orun-Ay\u00eas principalmente) o ponto foi passado.<br \/>\n<\/span><\/p>\n<p style=\"font-family: Verdana,Arial,Helvetica,sans-serif; text-align: justify;\"><span style=\"color: #000080;\">O Mig\u00e3o achava que toda vez que ele discordava da opini\u00e3o emitida pelo colunista, ele deveria deixar claro que o editor n\u00e3o concordava com o que vinha escrito. Isso aumenta excessivamente o n\u00famero de notas do editor, que n\u00e3o levavam a lugar algum e n\u00e3o raro chegava a deturpar o texto ou, pelo menos, cansar sua leitura.<br \/>\n<\/span><\/p>\n<p style=\"font-family: Verdana,Arial,Helvetica,sans-serif; text-align: justify;\"><span style=\"color: #000080;\">Aos poucos ele foi percebendo que todos j\u00e1 entendiam que o estava escrito n\u00e3o era a opini\u00e3o dele, mas sim a de quem escreveu.<br \/>\n<\/span><\/p>\n<p style=\"font-family: Verdana,Arial,Helvetica,sans-serif; text-align: justify;\"><span style=\"color: #000080;\">Hoje temos que catar com lupas as notas do editor: houve uma semana inteira sem uma delas sequer. Quando as temos \u00e9 para apor uma informa\u00e7\u00e3o importante: seja por algum esquecimento ou desconhecimento do colunista, seja porque o editor tem uma informa\u00e7\u00e3o de bastidor importante que muda a situa\u00e7\u00e3o. Isso tamb\u00e9m foi um ganho enorme de qualidade do blog.<br \/>\n<\/span><\/p>\n<p style=\"font-family: Verdana,Arial,Helvetica,sans-serif; text-align: justify;\"><span style=\"color: #000080;\">A prop\u00f3sito, devo admitir que ainda estou para conhecer algu\u00e9m que, apesar de n\u00e3o ter nenhum grande poder, seja t\u00e3o bem relacionado como o Mig\u00e3o.<br \/>\n<\/span><\/p>\n<p style=\"font-family: Verdana,Arial,Helvetica,sans-serif; text-align: justify;\"><span style=\"color: #000080;\">Felizmente, parece que os tempos tenebrosos da vida pessoal do Mig\u00e3o acabaram (afinal, o tempo sempre passa, para o bem e para o mal) e ele voltou \u00e0 vida como colunista ultimamente. Mesmo assim, \u00e9 muito raro ele ficar com mais que um texto por semana. Alias, ele sequer \u00e9 mais o colunista mais prol\u00edfico do blog, j\u00e1 que as duas colunas de final de semana pertencem ao mesmo g\u00eanio das letras, Alo\u00edsio Villar.<br \/>\n<\/span><\/p>\n<p style=\"font-family: Verdana,Arial,Helvetica,sans-serif; text-align: justify;\"><span style=\"color: #000080;\">Ainda tivemos no \u00faltimo ano um marco para o blog: a mudan\u00e7a de plataforma. O fato de ter uma plataforma pr\u00f3pria propicia uma maior liberdade no layout do blog, que ficou muito mais agrad\u00e1vel e com as v\u00e1rias colunas dispostas em uma fileira \u00e0 direita. <em>[1]<\/em><br \/>\n<\/span><\/p>\n<p style=\"font-family: Verdana,Arial,Helvetica,sans-serif; text-align: justify;\"><span style=\"color: #000080;\">Isso facilitou na vis\u00e3o de transformar o blog em uma Revista Eletr\u00f4nica, o que ele j\u00e1 era de fato h\u00e1 tempos. Al\u00e9m do mais, o leitor ganhou um canal de comunica\u00e7\u00e3o direta com os colunistas, j\u00e1 que v\u00e1rios deles, inclusive eu, ganharam e-mails pr\u00f3prios a fim de se comunicar com o leitor e melhorar a experi\u00eancia de ser um \u201ccliente\u201d Ouro de Tolo. Tenho certeza que daqui a tr\u00eas ou quatro anos, nos pr\u00f3ximos textos comemorativos do anivers\u00e1rio do blog, esta mudan\u00e7a ser\u00e1 bastante mencionada.<br \/>\n<\/span><\/p>\n<p style=\"font-family: Verdana,Arial,Helvetica,sans-serif; text-align: justify;\"><span style=\"color: #000080;\">Para corroborar minha vis\u00e3o do aumento da robustez do blog, devo ressaltar o fato de que, se antigamente era dific\u00edlimo para o blog manter apenas uma atualiza\u00e7\u00e3o di\u00e1ria, j\u00e1 tivemos v\u00e1rios dias onde o blog recebeu duas atualiza\u00e7\u00f5es no mesmo dia, ambas com a qualidade exigida, e n\u00e3o houve comprometimento da continuidade da atualiza\u00e7\u00e3o di\u00e1ria. Alias, em toda a semana na qual comemoramos a mudan\u00e7a de plataforma, houve duas atualiza\u00e7\u00f5es di\u00e1rias.<br \/>\n<\/span><\/p>\n<p style=\"font-family: Verdana,Arial,Helvetica,sans-serif; text-align: justify;\"><span style=\"color: #000080;\">Feliz anivers\u00e1rio, Ouro de Tolo! Que mais e mais quatro anos se juntem a j\u00e1 sua \u201cinusual\u201d hist\u00f3ria.<br \/>\n<\/span><\/p>\n<p style=\"font-family: Verdana,Arial,Helvetica,sans-serif; text-align: justify;\"><em><span style=\"color: #000080;\">[N.do.E. 1: o blog ganhar\u00e1 novo layout muito em breve]<\/span><\/em><\/p>\n","protected":false},"excerpt":{"rendered":"<p>No dia de seu anivers\u00e1rio, o Ouro de Tolo tem uma edi\u00e7\u00e3o especial da coluna \u201cMade in USA\u201d, do advogado Rafael Rafic. De minha parte,Tour Details<\/p>\n","protected":false},"author":2,"featured_media":0,"comment_status":"open","ping_status":"open","sticky":false,"template":"","format":"standard","meta":{"footnotes":""},"categories":[47],"tags":[121],"class_list":["post-17502","post","type-post","status-publish","format-standard","hentry","category-made-in-usa","tag-blog"],"_links":{"self":[{"href":"https:\/\/www.pedromigao.com.br\/ourodetolo\/wp-json\/wp\/v2\/posts\/17502","targetHints":{"allow":["GET"]}}],"collection":[{"href":"https:\/\/www.pedromigao.com.br\/ourodetolo\/wp-json\/wp\/v2\/posts"}],"about":[{"href":"https:\/\/www.pedromigao.com.br\/ourodetolo\/wp-json\/wp\/v2\/types\/post"}],"author":[{"embeddable":true,"href":"https:\/\/www.pedromigao.com.br\/ourodetolo\/wp-json\/wp\/v2\/users\/2"}],"replies":[{"embeddable":true,"href":"https:\/\/www.pedromigao.com.br\/ourodetolo\/wp-json\/wp\/v2\/comments?post=17502"}],"version-history":[{"count":0,"href":"https:\/\/www.pedromigao.com.br\/ourodetolo\/wp-json\/wp\/v2\/posts\/17502\/revisions"}],"wp:attachment":[{"href":"https:\/\/www.pedromigao.com.br\/ourodetolo\/wp-json\/wp\/v2\/media?parent=17502"}],"wp:term":[{"taxonomy":"category","embeddable":true,"href":"https:\/\/www.pedromigao.com.br\/ourodetolo\/wp-json\/wp\/v2\/categories?post=17502"},{"taxonomy":"post_tag","embeddable":true,"href":"https:\/\/www.pedromigao.com.br\/ourodetolo\/wp-json\/wp\/v2\/tags?post=17502"}],"curies":[{"name":"wp","href":"https:\/\/api.w.org\/{rel}","templated":true}]}}