{"id":17082,"date":"2013-03-31T08:32:15","date_gmt":"2013-03-31T11:32:15","guid":{"rendered":"http:\/\/www.pedromigao.com.br\/ourodetolo\/?p=17082"},"modified":"2013-03-31T19:19:24","modified_gmt":"2013-03-31T22:19:24","slug":"orun-aye-anos-de-chumbo","status":"publish","type":"post","link":"https:\/\/www.pedromigao.com.br\/ourodetolo\/2013\/03\/orun-aye-anos-de-chumbo\/","title":{"rendered":"Orun Ay\u00e9 &#8211; &#8220;Anos de Chumbo&#8221;"},"content":{"rendered":"<p>http:\/\/www.youtube.com\/watch?v=u1_YluE-ePA<\/p>\n<p style=\"font-family: Verdana,Arial,Helvetica,sans-serif; text-align: justify;\"><span style=\"color: #000080;\">Neste domingo de P\u00e1scoa, <strong>a coluna \u201cOrun Ay\u00e9&#8221;, do compositor Aloisio Villar<\/strong>, relembra algo para que n\u00e3o se repita: o anivers\u00e1rio do Golpe Militar de 1964.\u00a0<\/span><span style=\"color: #000080;\">No decorrer do post o leitor pode ver os programas citados no artigo.<\/span><\/p>\n<p style=\"font-family: Verdana,Arial,Helvetica,sans-serif; text-align: justify;\"><span style=\"text-decoration: underline;\"><em><strong><span style=\"color: #000080; text-decoration: underline;\">Anos de Chumbo<\/span><\/strong><\/em><\/span><\/p>\n<p style=\"font-family: Verdana,Arial,Helvetica,sans-serif; text-align: justify;\"><span style=\"color: #000080;\">No final do ano passado a ESPN Brasil, atrav\u00e9s do jornalista L\u00facio de Castro, fez uma s\u00e9rie chamada \u201cAnos de Chumbo\u201d mostrando os bastidores das ditaduras militares de Brasil, Argentina, Chile e Uruguai \u2013 e sua rela\u00e7\u00e3o com o futebol. Vi e revi os document\u00e1rios e fiquei muito impressionado.<!--more--><\/span><\/p>\n<p style=\"font-family: Verdana,Arial,Helvetica,sans-serif; text-align: justify;\"><span style=\"color: #000080;\">Na hora pensei que valia uma coluna. O problema \u00e9 que o ano come\u00e7ou e muitos assuntos foram surgindo, o carnaval a pleno vapor&#8230; e fui adiando. Quis o destino que o dia 31 de mar\u00e7o esse ano ca\u00edsse em um domingo. A data perfeita.<\/span><\/p>\n<p style=\"font-family: Verdana,Arial,Helvetica,sans-serif; text-align: justify;\"><span style=\"color: #000080;\">Hoje \u00e9 um dia pra lembrarmos. \u00c9 domingo de P\u00e1scoa, o da ressurrei\u00e7\u00e3o de Cristo onde com a fam\u00edlia celebramos o amor Dele por n\u00f3s, o sacrif\u00edcio que fez pela humanidade e dia de estarmos em comunh\u00e3o com a fam\u00edlia.<\/span><\/p>\n<p style=\"font-family: Verdana,Arial,Helvetica,sans-serif; text-align: justify;\"><span style=\"color: #000080;\">Mas tamb\u00e9m \u00e9 dia de lembrar outra data. Os quarenta e oito anos do golpe militar que p\u00f4s o Brasil na escurid\u00e3o por vinte e um anos.<\/span><\/p>\n<p style=\"font-family: Verdana,Arial,Helvetica,sans-serif; text-align: justify;\"><span style=\"color: #000080;\">Uma grande vantagem dos tempos de democracia est\u00e1vel em que vivemos. Podemos falar a palavra \u201cgolpe\u201d. Quando eu era crian\u00e7a os livros falavam em \u201crevolu\u00e7\u00e3o\u201d.<\/span><\/p>\n<p><iframe loading=\"lazy\" title=\"Mem\u00f3rias do Chumbo- O Futebol nos Tempos do Condor - Chile\" width=\"525\" height=\"295\" src=\"https:\/\/www.youtube.com\/embed\/jsoL-tQQuX4?feature=oembed\" frameborder=\"0\" allow=\"accelerometer; autoplay; clipboard-write; encrypted-media; gyroscope; picture-in-picture; web-share\" referrerpolicy=\"strict-origin-when-cross-origin\" allowfullscreen><\/iframe><\/p>\n<p style=\"font-family: Verdana,Arial,Helvetica,sans-serif; text-align: justify;\"><span style=\"color: #000080;\">E a\u00ed vai o primeiro erro que este aqui que \u00e9 especialista em nada e d\u00e1 pitaco em tudo acha que existe. Na minha humilde opini\u00e3o uma revolu\u00e7\u00e3o \u00e9 feita quando querem mudar o sistema, o status quo, a realidade em que vivemos e essa de 1964 foi justamente para manter tudo como estava.<\/span><\/p>\n<p style=\"font-family: Verdana,Arial,Helvetica,sans-serif; text-align: justify;\"><span style=\"color: #000080;\">Inventaram um inimigo, o presidente Jo\u00e3o Goulart, inventaram um motivo, o risco do pa\u00eds virar comunista. Um par\u00eantese: documentos indicam que esse golpe teve apoio e patroc\u00ednio dos Estados Unidos, mestres em inventar motivos e vil\u00f5es. Como no ataque ao Iraque onde falavam em armas qu\u00edmicas e n\u00e3o acharam nem um trinta e oito, mas esse assunto de repente vem em outro texto.<\/span><\/p>\n<p style=\"font-family: Verdana,Arial,Helvetica,sans-serif; text-align: justify;\"><span style=\"color: #000080;\">Golpe feito pelas classes dominantes do pa\u00eds. Apoiado pela classe m\u00e9dia, pela TFP, pela imprensa e por muitos pol\u00edticos que se amedrontavam com a \u201camea\u00e7a comunista\u201d. Golpe dado com a promessa que duraria pouco e durou muito. Golpe que aos poucos fez boa parte desses que apoiaram ver que foram tra\u00eddos e se tornarem alvos daqueles que apoiavam.<\/span><\/p>\n<p style=\"font-family: Verdana,Arial,Helvetica,sans-serif; text-align: justify;\"><span style=\"color: #000080;\">Golpe dos ais, do AI 5 e do ai de dor que provocou em quem lhe opunha e em suas fam\u00edlias.<\/span><\/p>\n<p style=\"font-family: Verdana,Arial,Helvetica,sans-serif; text-align: justify;\"><span style=\"color: #000080;\">As ditaduras sul americanas calaram vozes. Seja com a censura, seja com os desaparecidos pol\u00edticos como Rubens Paiva, cuja fam\u00edlia n\u00e3o conseguiu lhe dar um enterro. Sejam os argentinos que eram torturados enquanto os compatriotas vibravam com os gols na Copa, aquelas pobres m\u00e3es em vig\u00edlia na Plaza de Mayo por seus filhos que nunca retornaram pra casa. Os chilenos assassinados no Est\u00e1dio Nacional.<\/span><\/p>\n<p style=\"font-family: Verdana,Arial,Helvetica,sans-serif; text-align: justify;\"><span style=\"color: #000080;\">A ditadura provoca feridas nunca cicatrizadas. Provocam sentimentos contradit\u00f3rios como ver o governo admitir que Wladimir Herzog foi assassinado em suas depend\u00eancias. Ao mesmo tempo o al\u00edvio da admiss\u00e3o de culpa e o fim dessa via crucis traz o sentimento ruim de saber que passamos por tudo isso e pessoas que deviam nos proteger foram capazes de tais atrocidades.<\/span><\/p>\n<p style=\"font-family: Verdana,Arial,Helvetica,sans-serif; text-align: justify;\"><span style=\"color: #000080;\">Provocou arte de grande valor, o biscoito fino de nossa hist\u00f3ria nas vozes e nos talentos que poucas vezes esse pa\u00eds viu. Provocou ex\u00edlio dessas mesmas cabe\u00e7as pensantes. N\u00e3o era proibido proibir, era proibido pensar. Gente foi presa, torturada e obrigada a sair do pa\u00eds apenas porque pensava diferente. Apenas porque queria liberdade. Liberdade de pensar, de agir, de ir e vir, coisas t\u00e3o comuns em qualquer ambiente democr\u00e1tico. Mas n\u00e3o \u00e9ramos uma democracia.<\/span><\/p>\n<p><iframe loading=\"lazy\" title=\"Mem\u00f3rias do Chumbo- O Futebol nos Tempos do Condor - Uruguai\" width=\"525\" height=\"295\" src=\"https:\/\/www.youtube.com\/embed\/PBB6YQEbSwg?feature=oembed\" frameborder=\"0\" allow=\"accelerometer; autoplay; clipboard-write; encrypted-media; gyroscope; picture-in-picture; web-share\" referrerpolicy=\"strict-origin-when-cross-origin\" allowfullscreen><\/iframe><\/p>\n<p style=\"font-family: Verdana,Arial,Helvetica,sans-serif; text-align: justify;\"><span style=\"color: #000080;\">Alguns morreram nos por\u00f5es do DOPS, alguns na guerrilha do Araguaia, outros nunca saberemos como. Enquanto o Brasil estava em guerra a imagem passada para o pa\u00eds era diferente. Do Brasil que crescia.<\/span><\/p>\n<p style=\"font-family: Verdana,Arial,Helvetica,sans-serif; text-align: justify;\"><span style=\"color: #000080;\">\u201cNingu\u00e9m segura esse pa\u00eds\u201d, \u201ceu te amo meu Brasil, eu te amo\u201d, \u201cBrasil ame-o ou deixe-o\u201d. O Brasil dos noventa milh\u00f5es em a\u00e7\u00e3o que vibrava com os gols de Pel\u00e9 em cia e crescia com o progresso atravessando a transamaz\u00f4nica.<\/span><\/p>\n<p style=\"font-family: Verdana,Arial,Helvetica,sans-serif; text-align: justify;\"><span style=\"color: #000080;\">Reclamamos muito do Brasil de hoje, com raz\u00e3o j\u00e1 que existem muitos motivos de reclama\u00e7\u00e3o. Mas n\u00f3s que n\u00e3o vivemos a ditadura militar em sua plenitude temos no\u00e7\u00e3o do que \u00e9 viver sob um regime de exce\u00e7\u00e3o?<\/span><\/p>\n<p style=\"font-family: Verdana,Arial,Helvetica,sans-serif; text-align: justify;\"><span style=\"color: #000080;\">A no\u00e7\u00e3o de ter sua casa invadida a qualquer hora e levarem uma pessoa da fam\u00edlia? O desespero de n\u00e3o saber como ela est\u00e1? Saber que pode n\u00e3o voltar? N\u00e3o saber em quem pode confiar?<\/span><\/p>\n<p style=\"font-family: Verdana,Arial,Helvetica,sans-serif; text-align: justify;\"><span style=\"color: #000080;\">N\u00e3o ter direito a pensar, a falar, a votar. Hoje reclamamos quando temos que assistir hor\u00e1rio pol\u00edtico ou ent\u00e3o votar. Temos no\u00e7\u00e3o de quantos sofreram afogamento em um barril, foram colocados em um pau de arara, tomaram eletrochoques, foram seviciados, tiveram as bocas colocadas em canos de descarga de carro, jogados de helic\u00f3pteros, humilhados, assassinados apenas para que perd\u00eassemos alguns minutos de um domingo qualquer pra ir votar?<\/span><\/p>\n<p style=\"font-family: Verdana,Arial,Helvetica,sans-serif; text-align: justify;\"><span style=\"color: #000080;\">Quantas peti\u00e7\u00f5es on line valem o gesto de enfrentar uma ditadura? Sejam os cem mil da passeata pela morte do estudante Edson Luis ou um simples gesto como parar um tanque na Pra\u00e7a da Paz Celestial &#8211; que n\u00e3o foi uma ditadura sul americana, mas \u00e9 uma ditadura que existe at\u00e9 hoje.<\/span><\/p>\n<p style=\"font-family: Verdana,Arial,Helvetica,sans-serif; text-align: justify;\"><span style=\"color: #000080;\">Ali\u00e1s, n\u00e3o vejo diferen\u00e7a entre ditaduras. Seja militar, civil, de direita, esquerda, no Brasil ou em Cuba a melhor das ditaduras nunca ser\u00e1 superior \u00e0 pior das democracias. Ditaduras s\u00e3o como estupro: n\u00e3o h\u00e1 atenuante no estupro porque a mulher era prostituta ou trajava vestido curto, n\u00e3o h\u00e1 atenuante em ditadura se ela investe em educa\u00e7\u00e3o, cultura, esportes ou obras.<\/span><\/p>\n<p style=\"font-family: Verdana,Arial,Helvetica,sans-serif; text-align: justify;\"><span style=\"color: #000080;\">Porque tudo isso tem seu pre\u00e7o. Educa\u00e7\u00e3o de verdade ensina o certo, n\u00e3o apenas o seu lado, o mesmo pode se dizer de cultura, esporte que o esportista tem que fugir do pa\u00eds n\u00e3o pode ser considerado. Obras fara\u00f4nicas como grandes estradas que ligam o nada a lugar nenhum ou usinas nucleares que exp\u00f5em a popula\u00e7\u00e3o a riscos e geram d\u00edvidas ser\u00e3o pagas nas gera\u00e7\u00f5es futuras.<\/span><\/p>\n<p style=\"font-family: Verdana,Arial,Helvetica,sans-serif; text-align: justify;\"><span style=\"color: #000080;\">Calar uma oposi\u00e7\u00e3o, filtrar informa\u00e7\u00f5es, ensinar apenas o que quer cria gera\u00e7\u00f5es de ac\u00e9falos e demora em passar esse problema. Vinte e um anos em que vivemos numa democracia e o brasileiro ainda n\u00e3o aprendeu a pensar, ainda n\u00e3o aprendeu a ser cidad\u00e3o com seus direitos e deveres. O brasileiro \u00e9 o japon\u00eas que n\u00e3o sofre as conseq\u00fc\u00eancias de uma bomba at\u00f4mica, mas de uma bomba moral que ainda deixa vest\u00edgios. Ainda deixa radioatividade.<\/span><\/p>\n<p>http:\/\/www.youtube.com\/watch?v=NbzdzCMiQSQ<\/p>\n<p style=\"font-family: Verdana,Arial,Helvetica,sans-serif; text-align: justify;\"><span style=\"color: #000080;\">Deixa penumbra, deixa mist\u00e9rios. Uma caixa preta que ningu\u00e9m tem coragem de abrir, uma lei de anistia em que muitos comemoram, mas que serviu principalmente pra encobrir crimes, ao contr\u00e1rio da Argentina que pune os assassinos de seu regime totalit\u00e1rio. O Brasil mesmo sendo uma democracia estabilizada \u00e9 uma democracia com medo. Medo dos fantasmas que lhe percorrem a alma arrastando as correntes.<\/span><\/p>\n<p style=\"font-family: Verdana,Arial,Helvetica,sans-serif; text-align: justify;\"><span style=\"color: #000080;\">A impress\u00e3o que d\u00e1 enquanto n\u00e3o \u00e9 aberto tudo o que ocorreu no regime militar \u00e9 que o Brasil ainda vive dentro do DOPS.<\/span><\/p>\n<p style=\"font-family: Verdana,Arial,Helvetica,sans-serif; text-align: justify;\"><span style=\"color: #000080;\">Mas ta\u00ed a comiss\u00e3o da verdade, est\u00e3o a\u00ed os fatos que pipocam no dia a dia, como do presidente da CBF Jos\u00e9 Maria Marin ent\u00e3o deputado estadual pedindo a pris\u00e3o do Herzog.<\/span><\/p>\n<p style=\"font-family: Verdana,Arial,Helvetica,sans-serif; text-align: justify;\"><span style=\"color: #000080;\">Os criminosos do regime est\u00e3o envelhecendo, morrendo; n\u00e3o podemos deixar tudo nas m\u00e3os divinas para resolu\u00e7\u00e3o. Temos que n\u00f3s punir os culpados que ainda n\u00e3o perecem no inferno para nunca mais n\u00f3s voltarmos ao inferno.<\/span><\/p>\n<p style=\"font-family: Verdana,Arial,Helvetica,sans-serif; text-align: justify;\"><span style=\"color: #000080;\">Hoje \u00e9 31 de mar\u00e7o de 2013. Dia de lembrar, lembrar muito. Lembrar o quanto a liberdade \u00e9 importante, o quanto a discord\u00e2ncia \u00e9 v\u00e1lida. Lembrar aqueles que lutaram, aqueles que perderam a vida, os torturados, os exilados, os brasileiros que queriam um pa\u00eds melhor e pagaram por isso de alguma forma.<\/span><\/p>\n<p style=\"font-family: Verdana,Arial,Helvetica,sans-serif; text-align: justify;\"><span style=\"color: #000080;\">E tamb\u00e9m aqueles que tanto combateram o governo e quando viraram um se venderam. Viraram corruptos, condenados da justi\u00e7a e hoje mancham todo um passado.<\/span><\/p>\n<p style=\"font-family: Verdana,Arial,Helvetica,sans-serif; text-align: justify;\"><span style=\"color: #000080;\">Temos datas pra tantas coisas nesse pa\u00eds, 31 de mar\u00e7o devia ser o dia da liberdade. Devia ser um feriado t\u00e3o importante quanto 7 de setembro e ensinado em sala de aula como o dia que nos tiraram algo t\u00e3o importante, mas o pessoal que partiu num rabo de foguete trouxe de volta.<\/span><\/p>\n<p style=\"font-family: Verdana,Arial,Helvetica,sans-serif; text-align: justify;\"><span style=\"color: #000080;\">Que os anos de chumbo sejam apenas um cap\u00edtulo triste de nossa hist\u00f3ria e essa atrocidade toda apenas fa\u00e7a parte de um document\u00e1rio.<\/span><\/p>\n<p style=\"font-family: Verdana,Arial,Helvetica,sans-serif; text-align: justify;\"><span style=\"color: #000080;\">Apesar de voc\u00ea. Hoje j\u00e1 \u00e9 novo dia.<\/span><\/p>\n<p style=\"font-family: Verdana,Arial,Helvetica,sans-serif; text-align: justify;\"><em><span style=\"color: #000080;\">[N.do.E.: embora a historiografia consagre 31 de mar\u00e7o como o anivers\u00e1rio do Golpe Militar, os historiadores n\u00e3o militares, hoje, consideram 1\u00ba de abril como data real do golpe. Mas, sendo um ou outro, n\u00e3o importa. Importa \u00e9 a lembran\u00e7a para que jamais se repita]<\/span><\/em><\/p>\n","protected":false},"excerpt":{"rendered":"<p>http:\/\/www.youtube.com\/watch?v=u1_YluE-ePA Neste domingo de P\u00e1scoa, a coluna \u201cOrun Ay\u00e9&#8221;, do compositor Aloisio Villar, relembra algo para que n\u00e3o se repita: o anivers\u00e1rio do Golpe MilitarTour Details<\/p>\n","protected":false},"author":2,"featured_media":0,"comment_status":"open","ping_status":"open","sticky":false,"template":"","format":"standard","meta":{"footnotes":""},"categories":[8],"tags":[37,35,24],"class_list":["post-17082","post","type-post","status-publish","format-standard","hentry","category-orun-aye","tag-futebol","tag-historia","tag-politica"],"_links":{"self":[{"href":"https:\/\/www.pedromigao.com.br\/ourodetolo\/wp-json\/wp\/v2\/posts\/17082","targetHints":{"allow":["GET"]}}],"collection":[{"href":"https:\/\/www.pedromigao.com.br\/ourodetolo\/wp-json\/wp\/v2\/posts"}],"about":[{"href":"https:\/\/www.pedromigao.com.br\/ourodetolo\/wp-json\/wp\/v2\/types\/post"}],"author":[{"embeddable":true,"href":"https:\/\/www.pedromigao.com.br\/ourodetolo\/wp-json\/wp\/v2\/users\/2"}],"replies":[{"embeddable":true,"href":"https:\/\/www.pedromigao.com.br\/ourodetolo\/wp-json\/wp\/v2\/comments?post=17082"}],"version-history":[{"count":0,"href":"https:\/\/www.pedromigao.com.br\/ourodetolo\/wp-json\/wp\/v2\/posts\/17082\/revisions"}],"wp:attachment":[{"href":"https:\/\/www.pedromigao.com.br\/ourodetolo\/wp-json\/wp\/v2\/media?parent=17082"}],"wp:term":[{"taxonomy":"category","embeddable":true,"href":"https:\/\/www.pedromigao.com.br\/ourodetolo\/wp-json\/wp\/v2\/categories?post=17082"},{"taxonomy":"post_tag","embeddable":true,"href":"https:\/\/www.pedromigao.com.br\/ourodetolo\/wp-json\/wp\/v2\/tags?post=17082"}],"curies":[{"name":"wp","href":"https:\/\/api.w.org\/{rel}","templated":true}]}}