{"id":17029,"date":"2013-03-26T06:55:10","date_gmt":"2013-03-26T09:55:10","guid":{"rendered":"http:\/\/www.pedromigao.com.br\/ourodetolo\/?p=17029"},"modified":"2013-03-26T08:17:08","modified_gmt":"2013-03-26T11:17:08","slug":"zico-a-imperatriz-leopoldinense-e-alguns-enredos-para-o-carnaval-2014","status":"publish","type":"post","link":"https:\/\/www.pedromigao.com.br\/ourodetolo\/2013\/03\/zico-a-imperatriz-leopoldinense-e-alguns-enredos-para-o-carnaval-2014\/","title":{"rendered":"Zico, a Imperatriz Leopoldinense e alguns enredos para o Carnaval 2014"},"content":{"rendered":"<p><a href=\"http:\/\/www.pedromigao.com.br\/ourodetolo\/wp-content\/uploads\/2013\/03\/07_14_ghg_carnaval_zico.jpg\"><img loading=\"lazy\" decoding=\"async\" class=\"aligncenter size-large wp-image-17030\" alt=\"07_14_ghg_carnaval_zico\" src=\"http:\/\/www.pedromigao.com.br\/ourodetolo\/wp-content\/uploads\/2013\/03\/07_14_ghg_carnaval_zico-550x309.jpg\" width=\"550\" height=\"309\" srcset=\"https:\/\/www.pedromigao.com.br\/ourodetolo\/wp-content\/uploads\/2013\/03\/07_14_ghg_carnaval_zico-550x309.jpg 550w, https:\/\/www.pedromigao.com.br\/ourodetolo\/wp-content\/uploads\/2013\/03\/07_14_ghg_carnaval_zico-300x169.jpg 300w, https:\/\/www.pedromigao.com.br\/ourodetolo\/wp-content\/uploads\/2013\/03\/07_14_ghg_carnaval_zico.jpg 976w\" sizes=\"auto, (max-width: 550px) 100vw, 550px\" \/><\/a><\/p>\n<p style=\"font-family: Verdana,Arial,Helvetica,sans-serif; text-align: justify;\"><span style=\"font-size: x-small;\"><em><span style=\"color: #000080;\">(Foto: Extra, 2010, na Uni\u00e3o da Ilha)<\/span><\/em><\/span><\/p>\n<p style=\"font-family: Verdana,Arial,Helvetica,sans-serif; text-align: justify;\"><span style=\"color: #000080;\">O leitor mais desatento deve estar estranhando o fato de estarmos em mar\u00e7o e eu j\u00e1 estar falando em carnaval 2014, n\u00e3o \u00e9 mesmo?<\/span><\/p>\n<p style=\"font-family: Verdana,Arial,Helvetica,sans-serif; text-align: justify;\"><span style=\"color: #000080;\">Pois saiba que o visto na Marqu\u00eas de Sapuca\u00ed na verdade \u00e9 o fruto de um trabalho que dura praticamente 365 dias de um ano. Ali \u00e9 o \u00e1pice, o &#8220;grande finale&#8221;, mas resultado de um esfor\u00e7o de um ano inteiro. Ou seja, o que vimos ali come\u00e7ou em mar\u00e7o do ano anterior.<\/span><\/p>\n<p style=\"font-family: Verdana,Arial,Helvetica,sans-serif; text-align: justify;\"><span style=\"color: #000080;\">Fa\u00e7o este pre\u00e2mbulo para dizer que, embora ainda falte praticamente um ano para a festa, as escolas j\u00e1 est\u00e3o a pleno vapor em seus preparativos. Ap\u00f3s curt\u00edssimas f\u00e9rias, \u00e9 hora de definir as equipes de profissionais que estar\u00e3o nas escolas &#8211; principalmente no Grupo Especial &#8211; e iniciar a defini\u00e7\u00e3o dos enredos.<!--more--><\/span><\/p>\n<p style=\"font-family: Verdana,Arial,Helvetica,sans-serif; text-align: justify;\"><span style=\"color: #000080;\">Neste momento, duas not\u00edcias se imp\u00f5em: primeiro o fren\u00e9tico &#8220;troca troca&#8221; de profissionais entre as escolas, em magnitude n\u00e3o vista nos \u00faltimos anos. Segundo, o an\u00fancio da Imperatriz Leopoldinense de que o ex-jogador Zico, o Deus da G\u00e1vea, ser\u00e1 o enredo da escola para 2014.<\/span><\/p>\n<p style=\"font-family: Verdana,Arial,Helvetica,sans-serif; text-align: justify;\"><span style=\"color: #000080;\">Sobre o &#8220;troca troca&#8221;, falo mais abaixo. Mas queria chamar a aten\u00e7\u00e3o para alguns aspectos.<\/span><\/p>\n<p style=\"font-family: Verdana,Arial,Helvetica,sans-serif; text-align: justify;\"><span style=\"color: #000080;\"><span style=\"color: #ff6600;\"><a href=\"http:\/\/www.pedromigao.com.br\/ourodetolo\/2013\/01\/as-escolas-de-samba-e-o-futebol-algumas-correlacoes-ou-nao\/\" target=\"_blank\"><span style=\"color: #ff6600;\">Recentemente escrevi artigo analisando a torcida pelas escolas de samba<\/span><\/a><\/span> e as comparando com a que se encontra pelos clubes de futebol. Ainda falei um pouco dos enredos abordando clubes naquela ocasi\u00e3o, ressaltando as dificuldades de desenvolvimento e os modestos resultados &#8211; com boa vontade, a homenagem ao centen\u00e1rio do Flamengo feita pela Est\u00e1cio de S\u00e1 pode ser considerada medianamente bem sucedida. E este enredo anunciado tem uma s\u00e9rie de quest\u00f5es a serem analisadas.<\/span><\/p>\n<p style=\"font-family: Verdana,Arial,Helvetica,sans-serif; text-align: justify;\"><span style=\"color: #000080;\">A primeira delas \u00e9 a pr\u00f3pria caracter\u00edstica da escola. A Imperatriz ultimamente tem adotado uma marca de desfiles sisudos, onde desfila mais para o jurado que para o p\u00fablico ou para o carnaval. Apesar de alguns espasmos (como 2005), a caracter\u00edstica vem sendo essa. Al\u00e9m disso a agremia\u00e7\u00e3o n\u00e3o conta com uma grande torcida nem \u00e9 considerada &#8220;simp\u00e1tica&#8221; pelo grande p\u00fablico, em especial ap\u00f3s o (muito) contestado tricampeonato entre 1999-2001.<\/span><\/p>\n<p style=\"font-family: Verdana,Arial,Helvetica,sans-serif; text-align: justify;\"><span style=\"color: #000080;\">O objetivo me parece claro: apostar em um tema popular que permita um ganho de &#8220;simpatia&#8221; \u00e0 escola, ainda que a custa de alguns &#8220;narizes torcidos&#8221; de torcedores de outras equipes. A tentativa \u00e9 a de estabelecer identidade entre a torcida do &#8220;Mais Querido&#8221; e assim carrear ganhos \u00e0 Imperatriz. No c\u00e1lculo de sua diretoria, a antipatia dos n\u00e3o rubro negros ser\u00e1 menor que o apoio na na\u00e7\u00e3o rubro negra.<\/span><\/p>\n<p style=\"font-family: Verdana,Arial,Helvetica,sans-serif; text-align: justify;\"><span style=\"color: #000080;\">Vale dizer que Luiz Pacheco Drummond, presidente da escola, \u00e9 botafoguense, tendo inclusive participado da diretoria do clube no bi\u00eanio 1984\/85. Seu c\u00e1lculo foi de que homenageando Zico e n\u00e3o diretamente o Flamengo carrearia as aten\u00e7\u00f5es n\u00e3o somente dos rubro negros como dos torcedores de outros clubes que admiram o &#8220;Galinho&#8221;. Isto pode ser comprovado nas declara\u00e7\u00f5es do Diretor de Carnaval da Imperatriz Wagner Ara\u00fajo <span style=\"color: #ff6600;\"><a href=\"http:\/\/esporte.band.uol.com.br\/futebol\/noticia\/?id=100000583245\" target=\"_blank\"><span style=\"color: #ff6600;\">\u00e0 Bandeirantes no \u00faltimo dia 19<\/span><\/a><\/span>:<\/span><\/p>\n<p style=\"font-family: Verdana,Arial,Helvetica,sans-serif; text-align: justify;\"><em><span style=\"color: #000080;\">&#8220;O enredo n\u00e3o \u00e9 o Flamengo, \u00e9 o Zico. (&#8230;) Mas o Zico \u00e9 quase uma unanimidade, inclusive nas outras torcidas. Sua postura, comprometimento profissional, o fato de ele n\u00e3o criar pol\u00eamicas. Claro que vai ter um setor sobre o Flamengo, mas a escola tem muito mais para mostrar. Pode haver uma rea\u00e7\u00e3o club\u00edstica, mas n\u00e3o contra a figura do Zico.&#8221;<\/span><\/em><\/p>\n<p style=\"font-family: Verdana,Arial,Helvetica,sans-serif; text-align: justify;\"><span style=\"color: #000080;\">Ou seja, fica claro que a escolha foi no sentido de &#8220;tomar uma carona&#8221; na popularidade do homenageado e aumentar a sua pr\u00f3pria. Curioso \u00e9 que Zico j\u00e1 havia recusado ser enredo em outra ocasi\u00e3o, pela Uni\u00e3o de Jacarepagu\u00e1, al\u00e9m de ser not\u00f3rio torcedor da Beija Flor.<\/span><\/p>\n<p style=\"font-family: Verdana,Arial,Helvetica,sans-serif; text-align: justify;\"><span style=\"color: #000080;\">Assim que o enredo foi divulgado, alguns especialistas ponderaram que o enredo poderia ter o mesmo problema de outros abordando futebol: de que n\u00e3o haveria hist\u00f3ria suficiente para oito setores, oito carros aleg\u00f3ricos e 30 alas. A meu ju\u00edzo, o carnavalesco (Cah\u00ea Rodrigues) ter\u00e1 de buscar formas para sair do trin\u00f4mio &#8220;Quintino-Flamengo-Jap\u00e3o&#8221; a fim de n\u00e3o tornar repetitivo o desenvolvimento. Ainda assim, penso que h\u00e1 solu\u00e7\u00f5es poss\u00edveis para se contar uma hist\u00f3ria &#8211; e apostar na como\u00e7\u00e3o causada pelo \u00eddolo.<\/span><\/p>\n<p style=\"font-family: Verdana,Arial,Helvetica,sans-serif; text-align: justify;\"><span style=\"color: #000080;\">Zico ser\u00e1 o terceiro jogador de futebol a ser homenageado na Marqu\u00eas de Sapuca\u00ed. Nilton Santos foi tema da Vila Isabel em 2002, no Grupo de Acesso, com a escola obtendo um pol\u00eamico vice campeonato &#8211; houve suspeitas fortes de que a nota que lhe tirou o t\u00edtulo foi adulterada. No ano seguinte a Tradi\u00e7\u00e3o trouxe Ronaldo Fen\u00f4meno como enredo, em desfile que se revelou desastroso &#8211; com direito a carro de som coberto com um len\u00e7ol \u00e0 guisa de &#8220;carro aleg\u00f3rico&#8221;&#8230; Ainda assim n\u00e3o foi rebaixada.<\/span><\/p>\n<p style=\"font-family: Verdana,Arial,Helvetica,sans-serif; text-align: justify;\"><span style=\"color: #000080;\">Por outro lado, ser\u00e1 a primeira vez em sua hist\u00f3ria em que a Imperatriz Leopoldinense far\u00e1 uma homenagem em vida &#8211; todas as vezes anteriores em que a escola de Ramos prestou homenagens foi a pessoas falecidas, como Silas de Oliveira, Lamartine Babo, Dalva de Oliveira e Chiquinha Gonzaga.<\/span><\/p>\n<p style=\"font-family: Verdana,Arial,Helvetica,sans-serif; text-align: justify;\"><span style=\"color: #000080;\">Pessoalmente acho que ser\u00e1 muito legal ver um de meus grandes \u00eddolos tendo sua vida retratada na avenida.<br \/>\n<\/span><\/p>\n<p style=\"font-family: Verdana,Arial,Helvetica,sans-serif; text-align: justify;\"><span style=\"text-decoration: underline;\"><em><strong><span style=\"color: #000080; text-decoration: underline;\">Outros Enredos<\/span><\/strong><\/em><\/span><\/p>\n<p style=\"font-family: Verdana,Arial,Helvetica,sans-serif; text-align: justify;\"><span style=\"color: #000080;\">Outras escolas tamb\u00e9m iniciam o processo de divulga\u00e7\u00e3o de seus enredos. A Acad\u00eamicos do Grande Rio assinou contrato e ir\u00e1 cantar a cidade de Maric\u00e1, na Regi\u00e3o dos Lagos do Rio de Janeiro. A Beija Flor ir\u00e1 contar as hist\u00f3rias da publicidade e da televis\u00e3o a partir da vida de Jos\u00e9 Oliveira de Bonf\u00e1cio Sobrinho, o Boni. E por seu turno a Uni\u00e3o da Ilha ter\u00e1 enredo tendo como alvo os brinquedos. Na S\u00e9rie A a Uni\u00e3o do Parque Curicica j\u00e1 anunciou um desfile tendo a cacha\u00e7a como tema para 2014, bem como a Viradouro sobre os 40 anos da Ponte Rio Niter\u00f3i. Ali\u00e1s, este blogueiro tamb\u00e9m completa 40 anos em 2014&#8230;<\/span><\/p>\n<p style=\"font-family: Verdana,Arial,Helvetica,sans-serif; text-align: justify;\"><span style=\"color: #000080;\">A S\u00e3o Clemente anunciou ontem enredo cujo t\u00edtulo fala em favelas, mas que na pr\u00e1tica ser\u00e1 uma louva\u00e7\u00e3o \u00e0s UPPs (Unidades de Pol\u00edcia Pacificadora) do Governo do Estado do Rio e seus benef\u00edcios. Lembro que h\u00e1 elei\u00e7\u00f5es para o governo do Estado em 2014 e a escola mant\u00e9m a linha recente de agradar aos que det\u00e9m o poder em seus enredos &#8211; o que \u00e9 uma pena, ainda mais com o passado de que a amarela e preta det\u00e9m. Este enredo dever\u00e1 ser desenvolvido por Cid Carvalho ou Roberto Szaniecki.<\/span><\/p>\n<p style=\"font-family: Verdana,Arial,Helvetica,sans-serif; text-align: justify;\"><span style=\"color: #000080;\">No campo das especula\u00e7\u00f5es, fala-se na Mocidade homenageando Ayrton Senna e em mais um tema afro para o Imp\u00e9rio da Tijuca. Mangueira e Portela, como ter\u00e3o elei\u00e7\u00f5es, devem retardar suas escolhas &#8211; embora rumores indiquem que o Presidente da Portela j\u00e1 teria assinado contrato de patroc\u00ednio, o que seria uma temeridade a meu ver tanto para ele quanto especialmente para o patrocinador. Paulo Barros colocou mensagens enigm\u00e1ticas indicando um enredo sobre o &#8220;fim do mundo&#8221; na Tijuca, mas at\u00e9 o momento nada foi confirmado.<\/span><\/p>\n<p style=\"font-family: Verdana,Arial,Helvetica,sans-serif; text-align: justify;\"><span style=\"color: #000080;\">A Vila Isabel negocia enredo (que acho detest\u00e1vel) sobre transg\u00eanicos, apesar da negativa de seu presidente em entrevista no Desfile das Campe\u00e3s. Mas s\u00e3o apenas especula\u00e7\u00f5es.<br \/>\n<\/span><\/p>\n<p style=\"font-family: Verdana,Arial,Helvetica,sans-serif; text-align: justify;\"><span style=\"text-decoration: underline;\"><strong><span style=\"color: #000080; text-decoration: underline;\">&#8220;Troca Troca&#8221;<\/span><\/strong><\/span><\/p>\n<p style=\"font-family: Verdana,Arial,Helvetica,sans-serif; text-align: justify;\"><span style=\"color: #000080;\">Muito mais que outros anos, para 2014 estamos assistindo a uma movimenta\u00e7\u00e3o fren\u00e9tica no mercado, tanto no Grupo Especial como no Grupo de Acesso.<\/span><\/p>\n<p style=\"font-family: Verdana,Arial,Helvetica,sans-serif; text-align: justify;\"><span style=\"color: #000080;\">As escolas que mais buscaram se refor\u00e7ar foram a Mocidade &#8211; que, segundo rumores, tem a volta do patrono a comandar de fato a escola &#8211; e a Un\u00e3o da Ilha. A primeira trouxe o casal de mestre sala e porta bandeira Rogerinho e Lucinha, o carnavalesco Paulo Menezes, o diretor de Harmonia Anderson Abreu e o core\u00f3grafo de comiss\u00e3o de frente Sergio Lobato. A Uni\u00e3o da Ilha contratou o Mestre de Bateria Thiago Diogo, o core\u00f3grafo Jaime Aroxa e o diretor de harmonia V\u00e1lber Frutuoso, al\u00e9m de refor\u00e7ar o time de apoio do carro de som.<\/span><\/p>\n<p style=\"font-family: Verdana,Arial,Helvetica,sans-serif; text-align: justify;\"><span style=\"color: #000080;\">A Grande Rio tirou da Tijuca o diretor de carnaval Ricardo Fernandes (que tamb\u00e9m perdeu o puxador Bruno Ribas, que foi demitido ontem) e da S\u00e3o Clemente o carnavalesco F\u00e1bio Ricardo. A porta bandeira Marcella Alves est\u00e1 de volta ao Salgueiro ap\u00f3s passagem pela Mangueira e o (ainda) presidente Nilo Figueiredo contratou Alexandre Louzada como novo carnavalesco da Portela, apesar de elei\u00e7\u00f5es estarem marcadas. Por outro lado, contrariando pr\u00e1tica adotada pelas escolas rec\u00e9m promovidas a Imp\u00e9rio da Tijuca manteve toda a equipe que conquistou o t\u00edtulo da S\u00e9rie A.<\/span><\/p>\n<p style=\"font-family: Verdana,Arial,Helvetica,sans-serif; text-align: justify;\"><span style=\"color: #000080;\">O que se sabe \u00e9 que a escola de Noel come\u00e7a a sofrer um &#8220;desmanche&#8221; de seus profissionais: sa\u00edram o core\u00f3grafo da comis\u00e3o de frente, o casal de mestre sala e porta bandeira, a carnavalesca Rosa Magalh\u00e3es e o puxador Tinga. Segundo not\u00edcia do site &#8220;Tudo de Samba&#8221; tal debandada poderia estar ligada a atrasos salariais. A Tijuca dever\u00e1 ser o destino do casal e do puxador.<br \/>\n<\/span><\/p>\n<p style=\"font-family: Verdana,Arial,Helvetica,sans-serif; text-align: justify;\"><span style=\"color: #000080;\">Este blog ir\u00e1 mantendo os leirtores informados sobre o carnaval 2014, \u00e0 medida em que os fatos forem ocorrendo.<\/span><\/p>\n","protected":false},"excerpt":{"rendered":"<p>(Foto: Extra, 2010, na Uni\u00e3o da Ilha) O leitor mais desatento deve estar estranhando o fato de estarmos em mar\u00e7o e eu j\u00e1 estar falandoTour Details<\/p>\n","protected":false},"author":2,"featured_media":0,"comment_status":"open","ping_status":"open","sticky":false,"template":"","format":"standard","meta":{"footnotes":""},"categories":[289],"tags":[18,341,12,19],"class_list":["post-17029","post","type-post","status-publish","format-standard","hentry","category-pedro-migao","tag-carnaval","tag-carnaval-2014","tag-cultura","tag-escolas-de-samba"],"_links":{"self":[{"href":"https:\/\/www.pedromigao.com.br\/ourodetolo\/wp-json\/wp\/v2\/posts\/17029","targetHints":{"allow":["GET"]}}],"collection":[{"href":"https:\/\/www.pedromigao.com.br\/ourodetolo\/wp-json\/wp\/v2\/posts"}],"about":[{"href":"https:\/\/www.pedromigao.com.br\/ourodetolo\/wp-json\/wp\/v2\/types\/post"}],"author":[{"embeddable":true,"href":"https:\/\/www.pedromigao.com.br\/ourodetolo\/wp-json\/wp\/v2\/users\/2"}],"replies":[{"embeddable":true,"href":"https:\/\/www.pedromigao.com.br\/ourodetolo\/wp-json\/wp\/v2\/comments?post=17029"}],"version-history":[{"count":0,"href":"https:\/\/www.pedromigao.com.br\/ourodetolo\/wp-json\/wp\/v2\/posts\/17029\/revisions"}],"wp:attachment":[{"href":"https:\/\/www.pedromigao.com.br\/ourodetolo\/wp-json\/wp\/v2\/media?parent=17029"}],"wp:term":[{"taxonomy":"category","embeddable":true,"href":"https:\/\/www.pedromigao.com.br\/ourodetolo\/wp-json\/wp\/v2\/categories?post=17029"},{"taxonomy":"post_tag","embeddable":true,"href":"https:\/\/www.pedromigao.com.br\/ourodetolo\/wp-json\/wp\/v2\/tags?post=17029"}],"curies":[{"name":"wp","href":"https:\/\/api.w.org\/{rel}","templated":true}]}}