{"id":13021,"date":"2009-10-28T08:27:00","date_gmt":"2009-10-28T10:27:00","guid":{"rendered":"http:\/\/www.pedromigao.com.br\/ourodetolo\/2009\/10\/campanha-carioca-o-criterio-para-a-reforma-da-zona-portuaria\/"},"modified":"2009-10-28T08:27:00","modified_gmt":"2009-10-28T10:27:00","slug":"campanha-carioca-o-criterio-para-a-reforma-da-zona-portuaria","status":"publish","type":"post","link":"https:\/\/www.pedromigao.com.br\/ourodetolo\/2009\/10\/campanha-carioca-o-criterio-para-a-reforma-da-zona-portuaria\/","title":{"rendered":"CAMPANHA CARIOCA: O CRIT\u00c9RIO PARA A REFORMA DA ZONA PORTU\u00c1RIA"},"content":{"rendered":"<div align=\"justify\"><a href=\"http:\/\/2.bp.blogspot.com\/_OmnJuwB8hy0\/SughLBPf1KI\/AAAAAAAAAv4\/qsbG80hBTRA\/s1600-h\/InauguraodoPorto.jpg\"><img decoding=\"async\" border=\"0\" alt=\"\" src=\"http:\/\/www.pedromigao.com.br\/ourodetolo\/wp-content\/uploads\/2009\/10\/InauguraodoPorto.jpg\"><\/a><br \/>Vivi grandes momentos em sala no dia de ontem. Numa aula sobre a participa\u00e7\u00e3o dos militares na proclama\u00e7\u00e3o da Rep\u00fablica, por exemplo, o debate acalorado &#8211; e digno dos melhores momentos dos Irmaos Marx &#8211; foi sobre o destino do patinho feio : Se o anat\u00eddeo da f\u00e1bula infantil era cisne ou ganso.<\/p>\n<p>Em outro momento, respondendo a uma quest\u00e3o sobre a Reforma Passos, falei sobre os projetos de urbaniza\u00e7\u00e3o do Rio de Janeiro ao longo da Rep\u00fablica.<\/p>\n<p>A coisa acabou resvalando nas Olimp\u00edadas de 2016 e quejandos. Um aluno me perguntou:<\/p>\n<p>&#8211; Simas, qual \u00e9 o projeto ideal para revitalizar a Pra\u00e7a Mau\u00e1 e o porto?<\/p>\n<p>A resposta que me ocorreu, marcada pela seriedade que a quest\u00e3o demanda, foi a seguinte:<\/p>\n<p>&#8211; N\u00e3o sei. Mas sei qual \u00e9 o crit\u00e9rio decente para estabelecer quem ser\u00e1 o urbanista da reforma do porto. \u00c9 s\u00f3 perguntar o seguinte: O senhor sabe cantar o samba de 2001 do Imp\u00e9rio Serrano? N\u00e3o? Ent\u00e3o v\u00e1 reformar a casa da senhora sua m\u00e3e.<\/p>\n<p>Lan\u00e7o aqui, portanto, a seguinte campanha c\u00edvica e carioca : S\u00f3 os que sabem o samba\u00e7o-a\u00e7o-a\u00e7o do Imp\u00e9rio em 2001 t\u00eam condi\u00e7\u00f5es art\u00edsticas, urban\u00edsticas e, sobretudo, morais, de pensar e tocar o projeto de reforma da Zona Portu\u00e1ria de S\u00e3o Sebasti\u00e3o do Rio de Janeiro. O meu crit\u00e9rio \u00e9 esse, e ponto. Para fechar a quest\u00e3o, \u00e9 s\u00f3 ouvir a Serrinha na avenida:<\/p>\n<\/div>\n<div align=\"justify\">A letra, com o meu abra\u00e7o, est\u00e1 <strong><a href=\"http:\/\/rio.percuterreux.com\/samba-de-enredo-78-imperio-serrano-2001.htm\" target=\"_blank\"><span>aqui<\/span><\/a> .<\/strong><\/div>\n<div align=\"justify\"><strong><\/strong><\/div>\n","protected":false},"excerpt":{"rendered":"<p>Vivi grandes momentos em sala no dia de ontem. Numa aula sobre a participa\u00e7\u00e3o dos militares na proclama\u00e7\u00e3o da Rep\u00fablica, por exemplo, o debate acaloradoTour Details<\/p>\n","protected":false},"author":2,"featured_media":0,"comment_status":"open","ping_status":"open","sticky":false,"template":"","format":"standard","meta":{"footnotes":""},"categories":[],"tags":[301],"class_list":["post-13021","post","type-post","status-publish","format-standard","hentry","tag-sambas"],"_links":{"self":[{"href":"https:\/\/www.pedromigao.com.br\/ourodetolo\/wp-json\/wp\/v2\/posts\/13021","targetHints":{"allow":["GET"]}}],"collection":[{"href":"https:\/\/www.pedromigao.com.br\/ourodetolo\/wp-json\/wp\/v2\/posts"}],"about":[{"href":"https:\/\/www.pedromigao.com.br\/ourodetolo\/wp-json\/wp\/v2\/types\/post"}],"author":[{"embeddable":true,"href":"https:\/\/www.pedromigao.com.br\/ourodetolo\/wp-json\/wp\/v2\/users\/2"}],"replies":[{"embeddable":true,"href":"https:\/\/www.pedromigao.com.br\/ourodetolo\/wp-json\/wp\/v2\/comments?post=13021"}],"version-history":[{"count":0,"href":"https:\/\/www.pedromigao.com.br\/ourodetolo\/wp-json\/wp\/v2\/posts\/13021\/revisions"}],"wp:attachment":[{"href":"https:\/\/www.pedromigao.com.br\/ourodetolo\/wp-json\/wp\/v2\/media?parent=13021"}],"wp:term":[{"taxonomy":"category","embeddable":true,"href":"https:\/\/www.pedromigao.com.br\/ourodetolo\/wp-json\/wp\/v2\/categories?post=13021"},{"taxonomy":"post_tag","embeddable":true,"href":"https:\/\/www.pedromigao.com.br\/ourodetolo\/wp-json\/wp\/v2\/tags?post=13021"}],"curies":[{"name":"wp","href":"https:\/\/api.w.org\/{rel}","templated":true}]}}