{"id":13007,"date":"2009-11-30T13:44:00","date_gmt":"2009-11-30T15:44:00","guid":{"rendered":"http:\/\/www.pedromigao.com.br\/ourodetolo\/2009\/11\/foi-na-republica-martinho\/"},"modified":"2009-11-30T13:44:00","modified_gmt":"2009-11-30T15:44:00","slug":"foi-na-republica-martinho","status":"publish","type":"post","link":"https:\/\/www.pedromigao.com.br\/ourodetolo\/2009\/11\/foi-na-republica-martinho\/","title":{"rendered":"FOI NA REP\u00daBLICA, MARTINHO."},"content":{"rendered":"<div align=\"justify\">Nosso bom Martinho da Vila pirou de leve. O bardo publicou hoje, n\u00b4O Globo, um artigo [Al\u00f4, Noel !] sobre o nonag\u00e9simo nono anivers\u00e1rio de Noel Rosa, no pr\u00f3ximo dia 11. Martinho aproveitou para falar do enredo de 2010 da Unidos de Vila Isabel e do seu samba em homenagem ao poeta.<\/div>\n<p align=\"justify\">Em certo trecho, diz o da Vila:<\/p>\n<p align=\"justify\"><em>A Revolta da Chibata foi em 1910, ano em que Jo\u00e3o Candido tomou de assalto a esquadra da Armada Brasileira. Lembra-se? O povo j\u00e1 apavorado com as superti\u00e7\u00f5es prognosticadas para a chegada do Cometa Halley &#8211; que previam terremotos na cidade do Rio de Janeiro &#8211; entrou em p\u00e2nico. <strong>Pensava-se que o &#8220;Almirante Negro&#8221; iria bombardear a Capital do Imp\u00e9rio para proclamar a Rep\u00fablica<\/strong>. Foi um acontecimento tragic\u00f4mico: a nobreza desvairada enquanto os marinheiros subalternos felizes porque o Negro Jo\u00e3o queria acabar com os castigos aplicados na marujada.<\/em> <\/p>\n<p align=\"justify\">\u00d4 da Vila, posso te garantir, com todo o respeito de quem te acha grande, que ningu\u00e9m no Rio de Janeiro pensou que o Jo\u00e3o Candido fosse proclamar a Rep\u00fablica &#8211; isso j\u00e1 tinha acontecido em 1889, sob comando de um certo Deodoro da Fonseca; vinte e um anos antes da rebeli\u00e3o dos subalternos da marinha. O Rio n\u00e3o era, portanto, capital do Imp\u00e9rio nem aqui nem na China. Em 1910 at\u00e9 o Botafogo foi campe\u00e3o do Distrito Federal.<\/p>\n<p align=\"justify\">Ser\u00e1 que O Globo n\u00e3o tem um cabra que leia o que vai ser publicado para evitar meter o grande compositor numa dessas? <\/p>\n<p align=\"justify\">Um outro detalhe: O hino da Vila 2010 &#8211; samba\u00e7o-a\u00e7o-a\u00e7o ! &#8211; vai assinado s\u00f3 pelo Martinho. Acho, modestamente, que deveria &#8211; at\u00e9 como homenagem a outro bamba &#8211; tamb\u00e9m levar a assinatura do Gracia do Salgueiro, parceiro do da Vila em um samba das antigas chamado Presen\u00e7a de Noel. Que tal:<\/p>\n<div align=\"justify\"><\/div>\n<div align=\"justify\"><\/div>\n<p><\/p>\n<div align=\"justify\"><\/div>\n<\/p>\n<p>O samba de 2010 pode ser escutado <strong><a href=\"http:\/\/www.4shared.com\/file\/142063266\/f1032713\/Samba_Enredo_2010_-_Vila_Isabe.html?s=1\" target=\"_blank\">aqui<\/a> .<\/strong><\/p>\n<p>Abra\u00e7o<\/p>\n","protected":false},"excerpt":{"rendered":"<p>Nosso bom Martinho da Vila pirou de leve. O bardo publicou hoje, n\u00b4O Globo, um artigo [Al\u00f4, Noel !] sobre o nonag\u00e9simo nono anivers\u00e1rio deTour Details<\/p>\n","protected":false},"author":2,"featured_media":0,"comment_status":"open","ping_status":"open","sticky":false,"template":"","format":"standard","meta":{"footnotes":""},"categories":[],"tags":[301],"class_list":["post-13007","post","type-post","status-publish","format-standard","hentry","tag-sambas"],"_links":{"self":[{"href":"https:\/\/www.pedromigao.com.br\/ourodetolo\/wp-json\/wp\/v2\/posts\/13007","targetHints":{"allow":["GET"]}}],"collection":[{"href":"https:\/\/www.pedromigao.com.br\/ourodetolo\/wp-json\/wp\/v2\/posts"}],"about":[{"href":"https:\/\/www.pedromigao.com.br\/ourodetolo\/wp-json\/wp\/v2\/types\/post"}],"author":[{"embeddable":true,"href":"https:\/\/www.pedromigao.com.br\/ourodetolo\/wp-json\/wp\/v2\/users\/2"}],"replies":[{"embeddable":true,"href":"https:\/\/www.pedromigao.com.br\/ourodetolo\/wp-json\/wp\/v2\/comments?post=13007"}],"version-history":[{"count":0,"href":"https:\/\/www.pedromigao.com.br\/ourodetolo\/wp-json\/wp\/v2\/posts\/13007\/revisions"}],"wp:attachment":[{"href":"https:\/\/www.pedromigao.com.br\/ourodetolo\/wp-json\/wp\/v2\/media?parent=13007"}],"wp:term":[{"taxonomy":"category","embeddable":true,"href":"https:\/\/www.pedromigao.com.br\/ourodetolo\/wp-json\/wp\/v2\/categories?post=13007"},{"taxonomy":"post_tag","embeddable":true,"href":"https:\/\/www.pedromigao.com.br\/ourodetolo\/wp-json\/wp\/v2\/tags?post=13007"}],"curies":[{"name":"wp","href":"https:\/\/api.w.org\/{rel}","templated":true}]}}