{"id":12363,"date":"2009-10-09T22:11:00","date_gmt":"2009-10-10T00:11:00","guid":{"rendered":"http:\/\/www.pedromigao.com.br\/ourodetolo\/2009\/10\/o-outro-lado-da-moeda\/"},"modified":"2009-10-09T22:11:00","modified_gmt":"2009-10-10T00:11:00","slug":"o-outro-lado-da-moeda","status":"publish","type":"post","link":"https:\/\/www.pedromigao.com.br\/ourodetolo\/2009\/10\/o-outro-lado-da-moeda\/","title":{"rendered":"O outro lado da moeda"},"content":{"rendered":"<div><a href=\"http:\/\/3.bp.blogspot.com\/_KYflagr2MuI\/Ss-LBkbXADI\/AAAAAAAAA-E\/a09nsXS_DnI\/s1600-h\/chuvaII.jpg\" imageanchor=\"1\"><img decoding=\"async\" border=\"0\" src=\"http:\/\/www.pedromigao.com.br\/ourodetolo\/wp-content\/uploads\/2009\/10\/chuvaII.jpg\"><\/a><\/div>\n<div>Mais um dia de chuva na cidade. Depois do caos de ontem, transtornos para se chegar ao trabalho.<\/div>\n<div><\/div>\n<div>Tenho o h\u00e1bito de comprar o jornal no sinal que fica na descida da Leopoldina, acesso da Linha Vermelha para a avenida Francisco Bicalho. Para quem n\u00e3o \u00e9 aqui do Rio, fica perto da Rodovi\u00e1ria carioca.<\/div>\n<div><\/div>\n<div>Na verdade, compro mais o jornal para a Daniele, porque sou assinante do <a href=\"http:\/\/www.lancenet.com.br\/\">Lance<\/a> e durante a semana praticamente s\u00f3 leio este. Mas ela gosta de ler <a href=\"http:\/\/www.odia.com.br\/\">O Dia<\/a>.<\/div>\n<div><\/div>\n<div>Compro sempre com o mesmo vendedor, um jovem rapaz que sempre me atende com um sorriso. Como ele j\u00e1 conhece o meu carro, fica at\u00e9 mais f\u00e1cil. Eu procuro facilitar o troco tendo sempre dinheiro trocado em m\u00e3os.<\/div>\n<div><\/div>\n<div>Hoje eu desci a al\u00e7a de acesso \u00e0 Francisco Bicalho debaixo de uma chuva torrencial. Imaginei muito justamente que n\u00e3o teria como comprar o exemplar tendo em vista o tor\u00f3 que ca\u00eda.<\/div>\n<div><\/div>\n<div>Enganei-me redondamente. L\u00e1 estava ele, guarda chuva em uma m\u00e3o e jornais &#8211; inacreditavelmente secos &#8211; na outra. Perguntei-lhe sobre a chuva e a resposta foi definitiva: &#8220;tenho de defender o meu&#8221;. Sempre com um sorriso nos l\u00e1bios. Vendeu-me o jornal e ainda desejou um bom feriad\u00e3o. Como de h\u00e1bito, desejei-lhe um bom trabalho &#8211; sempre \u00e9 bom sermos corteses e bondosos com aqueles que nos atendem.<\/div>\n<div><\/div>\n<div>Sinceramente, n\u00e3o gostaria de estar na pele dele. Ando em uma fase muito complicada no trabalho, com problemas dos mais variados, mas sem d\u00favida alguma tenho de agradecer pelo que tenho. Sei que muita gente gostaria de estar no meu lugar, assim como eu gostaria de, por exemplo, de estar no lugar do Emerson (ex-Flamengo) que ganhou dois Audis novos em folha do sheik dono do time dele&#8230; (foto abaixo)<\/div>\n<div><\/div>\n<div>Isso \u00e9 inerente ao ser humano: a capacidade de sempre querer evoluir, progredir, melhorar. Contudo, n\u00e3o podemos reclamar do que temos, nem zombar daqueles que exercem tarefas bra\u00e7ais. N\u00e3o existem trabalhos mais ou menos nobres. Todos s\u00e3o importantes e necess\u00e1rios para a nossa vida.<\/div>\n<div><\/div>\n<div>Por outro lado, n\u00e3o podemos reclamar em demasia. Sempre poderia ser pior, por um lado, e a vida \u00e9 muito curta para a desperdi\u00e7armos em condutas que, decididamente, n\u00e3o valem a pena. Minha vida \u00e9 muito boa, nossa vida \u00e9 muito boa. Est\u00e1 certo que h\u00e1 fases absolutamente chatas, mas faz parte do show.<\/div>\n<div><\/div>\n<div>O jovem vendedor de jornal, embaixo de chuva, me deu uma grande li\u00e7\u00e3o hoje.<\/div>\n<div><\/div>\n<div><a href=\"http:\/\/1.bp.blogspot.com\/_KYflagr2MuI\/Ss-TwAuX3qI\/AAAAAAAAA-M\/tGXkG0_qea4\/s1600-h\/audis.jpg\" imageanchor=\"1\"><img decoding=\"async\" border=\"0\" src=\"http:\/\/www.pedromigao.com.br\/ourodetolo\/wp-content\/uploads\/2009\/10\/audis.jpg\"><\/a><\/div>\n<div><span><i>Foto: <a href=\"http:\/\/www.globoesporte.com\/\">Globoesporte.com<\/a><\/i><\/span><\/div>\n","protected":false},"excerpt":{"rendered":"<p>Mais um dia de chuva na cidade. Depois do caos de ontem, transtornos para se chegar ao trabalho. Tenho o h\u00e1bito de comprar o jornalTour Details<\/p>\n","protected":false},"author":2,"featured_media":0,"comment_status":"open","ping_status":"open","sticky":false,"template":"","format":"standard","meta":{"footnotes":""},"categories":[289],"tags":[33,7,6],"class_list":["post-12363","post","type-post","status-publish","format-standard","hentry","category-pedro-migao","tag-jornalismo","tag-reflexoes","tag-vida-cotidiana"],"_links":{"self":[{"href":"https:\/\/www.pedromigao.com.br\/ourodetolo\/wp-json\/wp\/v2\/posts\/12363","targetHints":{"allow":["GET"]}}],"collection":[{"href":"https:\/\/www.pedromigao.com.br\/ourodetolo\/wp-json\/wp\/v2\/posts"}],"about":[{"href":"https:\/\/www.pedromigao.com.br\/ourodetolo\/wp-json\/wp\/v2\/types\/post"}],"author":[{"embeddable":true,"href":"https:\/\/www.pedromigao.com.br\/ourodetolo\/wp-json\/wp\/v2\/users\/2"}],"replies":[{"embeddable":true,"href":"https:\/\/www.pedromigao.com.br\/ourodetolo\/wp-json\/wp\/v2\/comments?post=12363"}],"version-history":[{"count":0,"href":"https:\/\/www.pedromigao.com.br\/ourodetolo\/wp-json\/wp\/v2\/posts\/12363\/revisions"}],"wp:attachment":[{"href":"https:\/\/www.pedromigao.com.br\/ourodetolo\/wp-json\/wp\/v2\/media?parent=12363"}],"wp:term":[{"taxonomy":"category","embeddable":true,"href":"https:\/\/www.pedromigao.com.br\/ourodetolo\/wp-json\/wp\/v2\/categories?post=12363"},{"taxonomy":"post_tag","embeddable":true,"href":"https:\/\/www.pedromigao.com.br\/ourodetolo\/wp-json\/wp\/v2\/tags?post=12363"}],"curies":[{"name":"wp","href":"https:\/\/api.w.org\/{rel}","templated":true}]}}