{"id":12268,"date":"2009-11-27T21:12:00","date_gmt":"2009-11-27T23:12:00","guid":{"rendered":"http:\/\/www.pedromigao.com.br\/ourodetolo\/2009\/11\/final-de-semana-corsario\/"},"modified":"2009-11-27T21:12:00","modified_gmt":"2009-11-27T23:12:00","slug":"final-de-semana-corsario","status":"publish","type":"post","link":"https:\/\/www.pedromigao.com.br\/ourodetolo\/2009\/11\/final-de-semana-corsario\/","title":{"rendered":"Final de Semana &#8211; &quot;Cors\u00e1rio&quot;"},"content":{"rendered":"<div>Semana corrida, o blog ficou meio abandonado esta semana &#8211; no que pe\u00e7o desculpas a meus 35 leitores &#8211; mas como de h\u00e1bito trago a indica\u00e7\u00e3o musical a abrir mais um final de semana.<\/div>\n<div><\/div>\n<div>Retornando \u00e0 boa e velha M\u00fasica Popular Brasileira, uma parceria hist\u00f3rica na m\u00fasica brasileira: Jo\u00e3o Bosco e Aldir Blanc. A m\u00fasica, Cors\u00e1rio.<\/div>\n<div><\/div>\n<div>Uma letra extremamente trabalhada, embora concisa, e com uma for\u00e7a absolutamente arrebatadora.<\/div>\n<p><\/p>\n<div>Transcrevo abaixo a letra, e acima o v\u00eddeo em vers\u00e3o do pr\u00f3prio Jo\u00e3o Bosco.<\/div>\n<div><\/div>\n<p><b><i>Cors\u00e1rio<\/i><\/b><\/p>\n<p><i><span>Composi\u00e7\u00e3o: Jo\u00e3o Bosco e Aldir Blanc<\/span><\/p>\n<p>&#8220;Meu cora\u00e7\u00e3o tropical est\u00e1 coberto de neve mas<br \/>Ferve em seu cofre gelado<br \/>E \u00e0 voz vibra e a m\u00e3o escreve mar<br \/>Bendita l\u00e2mina grave que fere a parede e traz<br \/>As febres loucas e breves<br \/>Que mancham o sil\u00eancio e o cais<\/p>\n<p>Roserais nova Granada de espanha<br \/>Por voc\u00ea eu teu cors\u00e1rio preso<br \/>Vou partir na geleira azul da solid\u00e3o<br \/>E buscar a m\u00e3o do mar<br \/>Me arrastar at\u00e9 o mar procurar o mar<\/p>\n<p>Mesmo que eu mande em garrafas<br \/>Mensagens por todo o mar<br \/>Meu cora\u00e7\u00e3o tropical partir\u00e1 esse gelo e ir\u00e1<br \/>Com as garrafas de n\u00e1ufragos<br \/>E as rosas partindo o ar<br \/>Nova granada de espanha<br \/>E as rosas partindo o ar<br \/>Iela, iela, iela, iela la la la&#8221;<\/i><\/p>\n","protected":false},"excerpt":{"rendered":"<p>Semana corrida, o blog ficou meio abandonado esta semana &#8211; no que pe\u00e7o desculpas a meus 35 leitores &#8211; mas como de h\u00e1bito trago aTour Details<\/p>\n","protected":false},"author":2,"featured_media":0,"comment_status":"open","ping_status":"open","sticky":false,"template":"","format":"standard","meta":{"footnotes":""},"categories":[289],"tags":[12,40,216,99],"class_list":["post-12268","post","type-post","status-publish","format-standard","hentry","category-pedro-migao","tag-cultura","tag-final-de-semana","tag-joao-bosco","tag-mpb"],"_links":{"self":[{"href":"https:\/\/www.pedromigao.com.br\/ourodetolo\/wp-json\/wp\/v2\/posts\/12268","targetHints":{"allow":["GET"]}}],"collection":[{"href":"https:\/\/www.pedromigao.com.br\/ourodetolo\/wp-json\/wp\/v2\/posts"}],"about":[{"href":"https:\/\/www.pedromigao.com.br\/ourodetolo\/wp-json\/wp\/v2\/types\/post"}],"author":[{"embeddable":true,"href":"https:\/\/www.pedromigao.com.br\/ourodetolo\/wp-json\/wp\/v2\/users\/2"}],"replies":[{"embeddable":true,"href":"https:\/\/www.pedromigao.com.br\/ourodetolo\/wp-json\/wp\/v2\/comments?post=12268"}],"version-history":[{"count":0,"href":"https:\/\/www.pedromigao.com.br\/ourodetolo\/wp-json\/wp\/v2\/posts\/12268\/revisions"}],"wp:attachment":[{"href":"https:\/\/www.pedromigao.com.br\/ourodetolo\/wp-json\/wp\/v2\/media?parent=12268"}],"wp:term":[{"taxonomy":"category","embeddable":true,"href":"https:\/\/www.pedromigao.com.br\/ourodetolo\/wp-json\/wp\/v2\/categories?post=12268"},{"taxonomy":"post_tag","embeddable":true,"href":"https:\/\/www.pedromigao.com.br\/ourodetolo\/wp-json\/wp\/v2\/tags?post=12268"}],"curies":[{"name":"wp","href":"https:\/\/api.w.org\/{rel}","templated":true}]}}