{"id":11706,"date":"2010-11-27T09:25:00","date_gmt":"2010-11-27T11:25:00","guid":{"rendered":"http:\/\/www.pedromigao.com.br\/ourodetolo\/2010\/11\/sobretudo-tropa-de-elite-3-a-realidade\/"},"modified":"2010-11-27T09:25:00","modified_gmt":"2010-11-27T11:25:00","slug":"sobretudo-tropa-de-elite-3-a-realidade","status":"publish","type":"post","link":"https:\/\/www.pedromigao.com.br\/ourodetolo\/2010\/11\/sobretudo-tropa-de-elite-3-a-realidade\/","title":{"rendered":"Sobretudo: &quot;Tropa de Elite 3 \u2013 A Realidade&quot;"},"content":{"rendered":"<div><a href=\"http:\/\/2.bp.blogspot.com\/_KYflagr2MuI\/TPAeCBKgloI\/AAAAAAAADEY\/3EhOkOekIQM\/s1600\/tanque+1.jpeg\" imageanchor=\"1\"><img loading=\"lazy\" decoding=\"async\" border=\"0\" height=\"298\" src=\"http:\/\/www.pedromigao.com.br\/ourodetolo\/wp-content\/uploads\/2010\/11\/tanque+1.jpeg\" width=\"400\"><\/a><\/div>\n<p><\/p>\n<div>Mais um s\u00e1bado e mais uma coluna &#8220;Sobretudo&#8221;, de autoria do publicit\u00e1rio Affonso Romero. O tema de hoje, como n\u00e3o poderia deixar de ser, \u00e9 a confl\u00e7agra\u00e7\u00e3o ocorrida no Rio de Janeiro na \u00faltima semana.<\/div>\n<div><\/div>\n<div><span><i>(Fotos: <a href=\"http:\/\/www.terra.com.br\/\">Terra<\/a>)<\/i><\/span><\/div>\n<div><\/div>\n<div>&#8220;<i><b>Tropa de Elite 3 \u2013 A Realidade<\/b><\/i><\/div>\n<div><\/div>\n<div>Se voc\u00ea n\u00e3o assistiu ainda ao filme Tropa de Elite (1 e 2) n\u00e3o leia esta coluna. Provavelmente, voc\u00ea n\u00e3o tem interesse pelo tema \u201cseguran\u00e7a p\u00fablica\u201d. Se tem, e n\u00e3o viu o filme por falta de oportunidade, n\u00e3o vai ficar feliz comigo quando eu comentar detalhes que voc\u00ea preferiria ver no cinema, com a surpresa do expectador desprevenido.<\/p>\n<p>N\u00e3o fiz aqui no Ouro de Tolo uma resenha do filme. <a href=\"http:\/\/pedromigao.blogspot.com\/2010\/10\/resenha-tropa-de-elite-2.html\">Outros colunistas a fizeram<\/a>, sorte minha. Portanto, posso largar na frente e resenhar a terceira parte da trilogia.<\/p>\n<p>Blockbuster, companheiro, \u00e9 isso a\u00ed: mal voc\u00ea viu a segunda parte da saga e j\u00e1 est\u00e3o lan\u00e7ando a terceira. Mais que isso, e fato in\u00e9dito, colocaram o filme na tev\u00ea antes mesmo de lan\u00e7arem no cinema. E ao vivo, ainda por cima. Para que gastar dinheiro com pel\u00edculas e edi\u00e7\u00f5es?<\/p>\n<p>Esta opera\u00e7\u00e3o da pol\u00edcia carioca, nos \u00faltimos dias &#8211; melhor dizendo, esta rea\u00e7\u00e3o \u00e0s recentes atividades de terror criminoso \u2013 \u00e9, na verdade, uma continua\u00e7\u00e3o do filme de Jos\u00e9 Padilha. <\/p>\n<p>O primeiro filme era cru, o segundo aprofundou esta caracter\u00edstica, o terceiro n\u00e3o tem filtro nenhum. O primeiro filme tinha mocinhos e bandidos, o segundo dizia que o mocinho era s\u00f3 um e, ainda assim, foi enganado pelo sistema; o terceiro, meu chapa, s\u00f3 tem bandid\u00e3o.<\/p>\n<p>Eu gostaria de pensar que o Rio de Janeiro est\u00e1 aproveitando um momento de destempero total dos traficantes; e dando a volta por cima, usando da for\u00e7a que o momento requer para fazer uma megaopera\u00e7\u00e3o de retomada de \u00e1reas dominadas pelo banditismo e coloc\u00e1-las definitivamente sob a guarda da Lei e da Ordem. Realmente, eu gostaria de pensar isso.<\/p>\n<p>Mas n\u00e3o \u00e9 verdade. O que estamos vendo ao vivo na televis\u00e3o \u00e9 a transfer\u00eancia de poder de uma fac\u00e7\u00e3o desorganizada e enfraquecida para um novo modelo de criminalidade, este sim organizado e estruturado dentro do pr\u00f3prio Estado.<\/p>\n<p>Quantas s\u00e3o as comunidades ocupadas por UPPs? At\u00e9 o in\u00edcio desta ofensiva atual, eram doze. Uma d\u00fazia, isso mesmo. Quantas comunidades foram ocupadas pela PM, ou sofreram opera\u00e7\u00f5es consistentes, nos \u00faltimos meses? S\u00f3 estas doze? N\u00e3o, dezenas e mais dezenas? Dentre o quase milhar de favelas cariocas, s\u00f3 doze tem UPPs &#8211; mas os traficantes foram expulsos de muitas mais.<\/p>\n<p>E, sistematicamente, o que vem depois dos traficantes, e na falta de poder de ocupa\u00e7\u00e3o por parte do Estado? As mil\u00edcias!!! Estas s\u00e3o as reais benefici\u00e1rias da a\u00e7\u00e3o da pol\u00edcia. E isso n\u00e3o \u00e9 acaso, quem quiser mais detalhes que veja o Tropa de Elite 2\u00a0 &#8211; <a href=\"http:\/\/pedromigao.blogspot.com\/2010\/10\/resenha-literaria-elite-da-tropa-2.html\">e leia o &#8220;Elite da Tropa 2&#8221;<\/a> &#8211; para poder entender esta terceira parte do filme.<\/p>\n<p>Uma verdadeira m\u00e1quina de guerra acaba de invadir a Vila Cruzeiro e mais uma boa dezena de morros do Rio. Pois eu aposto que a Vila Cruzeiro, por ser emblem\u00e1tica, pode at\u00e9 virar uma UPP, mas o resto todo acabar\u00e1 nas m\u00e3os de milicianos.<\/p>\n<p>A classe m\u00e9dia ficar\u00e1 mais tranquila no asfalto, seus carros poder\u00e3o circular mais livremente pelas linhas Amarela e Vermelha, e da\u00ed? Qualquer que seja o desenrolar dos acontecimentos, o crime sair\u00e1 vencedor.<\/p>\n<p>Em minha opini\u00e3o, a mil\u00edcia \u00e9 um tipo de a\u00e7\u00e3o criminosa milh\u00f5es de vezes mais perigosa do que o tr\u00e1fico armado como hoje conhecemos. \u00c9 a institucionaliza\u00e7\u00e3o do crime, \u00e9 a sinaliza\u00e7\u00e3o clara de que n\u00e3o h\u00e1 mais linha divis\u00f3ria entre crime e Estado de Direito. \u00c9 a vit\u00f3ria inconteste da selvageria.<\/p>\n<p>O que estamos vendo, sob o al\u00edvio de ter um simulacro de ordem artificial colocado em frente aos nossos olhos at\u00f4nitos, \u00e9 uma invas\u00e3o em que um bando pior destrona um bando ruim. Nada menos, nada mais que isso.<\/p>\n<p>N\u00e3o acredito que For\u00e7as Armadas e equipes especiais como o BOPE estejam articuladas com mil\u00edcias. Nem estou acusando diretamente o Governador do Estado, ou o Presidente Lula (que autorizou o uso de for\u00e7a federal). As tropas s\u00e3o usadas a partir do clamor da popula\u00e7\u00e3o. E se, realmente, os inc\u00eandios e arrua\u00e7as s\u00e3o origin\u00e1rios dos traficantes acuados, eles deram um tiro de AR15 no ded\u00e3o do p\u00e9.<\/p><\/div>\n<div><\/div>\n<div><a href=\"http:\/\/1.bp.blogspot.com\/_KYflagr2MuI\/TPAeifXnVUI\/AAAAAAAADEc\/vWLX1HixRg4\/s1600\/tanque+2.jpeg\" imageanchor=\"1\"><img loading=\"lazy\" decoding=\"async\" border=\"0\" height=\"298\" src=\"http:\/\/www.pedromigao.com.br\/ourodetolo\/wp-content\/uploads\/2010\/11\/tanque+2.jpeg\" width=\"400\"><\/a><\/div>\n<div><\/div>\n<div>O clamor, a m\u00eddia, a classe m\u00e9dia aterrorizada (meu Deus, como \u00e9 f\u00e1cil aterrorizar a classe m\u00e9dia!!!), tudo isso conspira a favor dos milicianos. O Estado n\u00e3o tem como sustentar a ocupa\u00e7\u00e3o das \u00e1reas que est\u00e1 invadindo, e sabe disso. Ou os traficantes retornar\u00e3o \u00e0s comunidades, ou &#8211; o mais prov\u00e1vel, &#8211; elas ser\u00e3o entregues \u00e0s mil\u00edcias. Os custos da opera\u00e7\u00e3o de guerra ser\u00e3o pagos pelo meu, pelo seu imposto.<\/p>\n<p>Claro que h\u00e1 gente gra\u00fada manipulando este clamor e esta invas\u00e3o financiada pelo er\u00e1rio. A come\u00e7ar por gente da pr\u00f3pria pol\u00edcia, da seguran\u00e7a p\u00fablica, do Estado, da m\u00eddia. \u00c9 \u00f3bvio demais.<\/p>\n<p>Eu li cr\u00edticas aos filmes anteriores sobre a Tropa em que se dizia que a locu\u00e7\u00e3o onipresente do Capit\u00e3o Nascimento explicava demais, linearizava demais, e tornava o filme comercial, sim, mas menor em termos art\u00edsticos. Pois esta continua\u00e7\u00e3o for\u00e7ada da tev\u00ea nos prova que n\u00e3o, que a narra\u00e7\u00e3o em off era necess\u00e1ria. Eu quero o Nascimento, vers\u00e3o cinem\u00e3o, explicando didaticamente que n\u00e3o h\u00e1 mocinhos no filme. E n\u00e3o h\u00e1 mesmo.<\/p>\n<p>At\u00e9 h\u00e1 hero\u00edsmo, h\u00e1 disposi\u00e7\u00e3o pol\u00edtica sincera, vontade de resposta institucional do estado \u00e0 barb\u00e1rie, isso eu acho que h\u00e1. Mas h\u00e1, principalmente, uma a\u00e7\u00e3o articulada de bandidos vestidos de fardamento azul, loucos pela conquista territorial de uma vasta \u00e1rea do Rio de Janeiro, prontos para estabelecer o poder das mil\u00edcias em novos redutos.<\/p>\n<p>Desculpem pela desesperan\u00e7a mas, para mim, \u00e9 s\u00f3 isso.&#8221;<\/p><\/div>\n<div><\/div>\n","protected":false},"excerpt":{"rendered":"<p>Mais um s\u00e1bado e mais uma coluna &#8220;Sobretudo&#8221;, de autoria do publicit\u00e1rio Affonso Romero. O tema de hoje, como n\u00e3o poderia deixar de ser, \u00e9Tour Details<\/p>\n","protected":false},"author":2,"featured_media":0,"comment_status":"open","ping_status":"open","sticky":false,"template":"","format":"standard","meta":{"footnotes":""},"categories":[289,100],"tags":[26,24,6],"class_list":["post-11706","post","type-post","status-publish","format-standard","hentry","category-pedro-migao","category-sobretudo","tag-policia","tag-politica","tag-vida-cotidiana"],"_links":{"self":[{"href":"https:\/\/www.pedromigao.com.br\/ourodetolo\/wp-json\/wp\/v2\/posts\/11706","targetHints":{"allow":["GET"]}}],"collection":[{"href":"https:\/\/www.pedromigao.com.br\/ourodetolo\/wp-json\/wp\/v2\/posts"}],"about":[{"href":"https:\/\/www.pedromigao.com.br\/ourodetolo\/wp-json\/wp\/v2\/types\/post"}],"author":[{"embeddable":true,"href":"https:\/\/www.pedromigao.com.br\/ourodetolo\/wp-json\/wp\/v2\/users\/2"}],"replies":[{"embeddable":true,"href":"https:\/\/www.pedromigao.com.br\/ourodetolo\/wp-json\/wp\/v2\/comments?post=11706"}],"version-history":[{"count":0,"href":"https:\/\/www.pedromigao.com.br\/ourodetolo\/wp-json\/wp\/v2\/posts\/11706\/revisions"}],"wp:attachment":[{"href":"https:\/\/www.pedromigao.com.br\/ourodetolo\/wp-json\/wp\/v2\/media?parent=11706"}],"wp:term":[{"taxonomy":"category","embeddable":true,"href":"https:\/\/www.pedromigao.com.br\/ourodetolo\/wp-json\/wp\/v2\/categories?post=11706"},{"taxonomy":"post_tag","embeddable":true,"href":"https:\/\/www.pedromigao.com.br\/ourodetolo\/wp-json\/wp\/v2\/tags?post=11706"}],"curies":[{"name":"wp","href":"https:\/\/api.w.org\/{rel}","templated":true}]}}