{"id":11628,"date":"2011-01-26T07:05:00","date_gmt":"2011-01-26T09:05:00","guid":{"rendered":"http:\/\/www.pedromigao.com.br\/ourodetolo\/2011\/01\/direto-da-cidade-do-samba\/"},"modified":"2011-01-26T07:05:00","modified_gmt":"2011-01-26T09:05:00","slug":"direto-da-cidade-do-samba","status":"publish","type":"post","link":"https:\/\/www.pedromigao.com.br\/ourodetolo\/2011\/01\/direto-da-cidade-do-samba\/","title":{"rendered":"Direto da Cidade do Samba"},"content":{"rendered":"<div>Ontem, ter\u00e7a, aproveitei o per\u00edodo de f\u00e9rias para fazer minha visita \u00e0 Cidade do Samba, local onde ficam os barrac\u00f5es das escolas de samba do Grupo Especial. Paga-se R$ 5 &#8211; ou R$ 2, com um comprovante de resid\u00eancia do Rio de Janeiro &#8211; e pode-se passear por uma passarela que d\u00e1 acesso a todos os barrac\u00f5es e a seus carros aleg\u00f3ricos.<\/div>\n<div><\/div>\n<div>Nesta \u00e9poca, a um m\u00eas e meio do carnaval, muitos barrac\u00f5es ainda est\u00e3o com seus port\u00f5es abertos e pode-se ver mais coisas ainda.<\/div>\n<div><\/div>\n<div>O lado chato \u00e9 que cada vez mais h\u00e1\u00a0restri\u00e7\u00f5es\u00a0para a obten\u00e7\u00e3o de fotografias. A ponto de termos seguran\u00e7as nas varandas de Mocidade e Mangueira &#8211; nesta \u00faltima, aparentemente armado. Foram as duas escolas que n\u00e3o\u00a0consegui\u00a0fotografar para os leitores.<\/div>\n<div><\/div>\n<div>Em termos gerais, diria que ser\u00e1 um carnaval fraco em termos de alegorias, mesmo se ressalvando que ainda h\u00e1 muito o que ser feito em termos de decora\u00e7\u00e3o. Ainda assim, me arriscaria a dizer que n\u00e3o teremos nada arrasador como foram o Salgueiro em 2009 ou ainda carros da Tijuca do ano passado. Temos boas coisas, mas \u00e0 exce\u00e7\u00e3o do trem fantasma da Unidos da Tijuca nada que eu diria ao leitor que possa ser lembrado ap\u00f3s o S\u00e1bado das Campe\u00e3s.<\/div>\n<div><\/div>\n<div>Por outro lado, n\u00e3o h\u00e1 atrasos preocupantes que comprometam a execu\u00e7\u00e3o dos projetos originais das agremia\u00e7\u00f5es.<\/div>\n<div><\/div>\n<div>Vamos ao coment\u00e1rio por escola, seguindo a ordem de desfile.<\/div>\n<div><\/div>\n<div><b><i>1 &#8211; S\u00e3o Clemente<\/i><\/b><\/div>\n<div><\/div>\n<div><a href=\"http:\/\/4.bp.blogspot.com\/_KYflagr2MuI\/TT9AMirr-4I\/AAAAAAAADOI\/5j5qleXhO6A\/s1600\/IMG00363-20110125-1307.jpg\" imageanchor=\"1\"><img loading=\"lazy\" decoding=\"async\" border=\"0\" height=\"300\" src=\"http:\/\/www.pedromigao.com.br\/ourodetolo\/wp-content\/uploads\/2011\/01\/IMG00363-20110125-1307.jpg\" width=\"400\"><\/a><\/div>\n<div><\/div>\n<div>Infelizmente s\u00f3 temos esta foto, que n\u00e3o est\u00e1 boa, mas foi outro onde tive dificuldades. Os carros parecem mais de Grupo de Acesso A que de Grupo Especial, pequenos e bastante cartesianos. Tem bastante coisa na madeira, mas nenhum no ferro.<\/div>\n<div><\/div>\n<div>\u00c9 um dos \u00fanicos barrac\u00f5es onde consegue se ver o ch\u00e3o entre os carros. Mas, sem d\u00favida, se depender das alegorias a escola ter\u00e1 s\u00e9rios problemas para se manter no grupo, ainda mais abrindo os desfiles &#8211; onde a m\u00e3o do jurado \u00e9 sempre mais pesada.<\/div>\n<div><\/div>\n<div><b><i>2 &#8211; Imperatriz Leopoldinense<\/i><\/b><\/div>\n<div><\/div>\n<div><a href=\"http:\/\/1.bp.blogspot.com\/_KYflagr2MuI\/TT9Bd2jm3rI\/AAAAAAAADOM\/qsPsYHBIseg\/s1600\/IMG00359-20110125-1246.jpg\" imageanchor=\"1\"><img loading=\"lazy\" decoding=\"async\" border=\"0\" height=\"300\" src=\"http:\/\/www.pedromigao.com.br\/ourodetolo\/wp-content\/uploads\/2011\/01\/IMG00359-20110125-1246.jpg\" width=\"400\"><\/a><\/div>\n<div><\/div>\n<div>Confesso que n\u00e3o gostei nem um pouco. Tem dois carros ainda no chassis, sem sequer trabalho de ferragens, e dois carros prontos, mas sem grande brilho. Como se v\u00ea nas fotos, o que toma forma s\u00e3o &#8220;caixotes&#8221; sem muita criatividade<\/div>\n<div><\/div>\n<div><a href=\"http:\/\/1.bp.blogspot.com\/_KYflagr2MuI\/TT9CGkpaQqI\/AAAAAAAADOQ\/OAocno0mOE8\/s1600\/IMG00358-20110125-1246.jpg\" imageanchor=\"1\"><img loading=\"lazy\" decoding=\"async\" border=\"0\" height=\"300\" src=\"http:\/\/www.pedromigao.com.br\/ourodetolo\/wp-content\/uploads\/2011\/01\/IMG00358-20110125-1246.jpg\" width=\"400\"><\/a><\/div>\n<div><\/div>\n<div>Com fantasias muito criticadas e alegorias onde o que toma forma \u00e9 bem fraco, fica claro como o trabalho do carnavalesco Max Lopes decaiu ap\u00f3s o t\u00e9rmino da parceria com F\u00e1bio Ricardo, hoje na S\u00e3o Clemente. Confesso que achei preocupante o que vi.<\/div>\n<div><\/div>\n<div><b><i>3 &#8211; Mocidade<\/i><\/b><\/div>\n<div><\/div>\n<div>Como disse antes, n\u00e3o tirei fotos, mas tem v\u00e1rios carros j\u00e1 embalados. Pelo que se consegue ver, tem muita coisa entulhada nos carros, al\u00e9m de muitos &#8220;porta queijos&#8221; em dois dos carros.<\/div>\n<div><\/div>\n<div>N\u00e3o achei nada que me chamasse a aten\u00e7\u00e3o, \u00e9 o estilo de sempre do carnavalesco Cid Carvalho, muita informa\u00e7\u00e3o em pouco espa\u00e7o.<\/div>\n<div><\/div>\n<div><b><i>4 &#8211; Unidos da Tijuca<\/i><\/b><\/div>\n<div><\/div>\n<div><a href=\"http:\/\/4.bp.blogspot.com\/_KYflagr2MuI\/TT9HkUAXqxI\/AAAAAAAADOU\/UJuYC0FeW08\/s1600\/IMG00360-20110125-1253.jpg\" imageanchor=\"1\"><img loading=\"lazy\" decoding=\"async\" border=\"0\" height=\"300\" src=\"http:\/\/www.pedromigao.com.br\/ourodetolo\/wp-content\/uploads\/2011\/01\/IMG00360-20110125-1253.jpg\" width=\"400\"><\/a><\/div>\n<div><\/div>\n<div>Um dos barrac\u00f5es que mais gostei. Ao contr\u00e1rio de outros anos, o barrac\u00e3o do carnavalesco Paulo Barros n\u00e3o se resume a chassis com apoios para pessoas. Pode-se ver carros muito bem trabalhados como o do trem fantasma &#8211; acima &#8211; e um outro com plantas &#8211; infelizmente a foto n\u00e3o ficou boa.<\/div>\n<div><\/div>\n<div><a href=\"http:\/\/4.bp.blogspot.com\/_KYflagr2MuI\/TT9H_fRMrtI\/AAAAAAAADOY\/uaUv_jQA4qY\/s1600\/IMG00361-20110125-1253.jpg\" imageanchor=\"1\"><img loading=\"lazy\" decoding=\"async\" border=\"0\" height=\"300\" src=\"http:\/\/www.pedromigao.com.br\/ourodetolo\/wp-content\/uploads\/2011\/01\/IMG00361-20110125-1253.jpg\" width=\"400\"><\/a><\/div>\n<div><\/div>\n<div>Tamb\u00e9m tem coisa no chassis, sem ferragens, mas em se tratando de Paulo Barros, nunca se sabe se ainda trabalhar\u00e3o nos carros ou se ser\u00e1 assim mesmo. Uma coisa \u00e9 certa: a escola do Borel vem forte de novo.<\/div>\n<div><\/div>\n<div><b><i>5 &#8211; Vila Isabel<\/i><\/b><\/div>\n<div><\/div>\n<div><a href=\"http:\/\/3.bp.blogspot.com\/_KYflagr2MuI\/TT9IZmqgLBI\/AAAAAAAADOc\/jRuYZPtfXL0\/s1600\/IMG00372-20110125-1327.jpg\" imageanchor=\"1\"><img loading=\"lazy\" decoding=\"async\" border=\"0\" height=\"300\" src=\"http:\/\/www.pedromigao.com.br\/ourodetolo\/wp-content\/uploads\/2011\/01\/IMG00372-20110125-1327.jpg\" width=\"400\"><\/a><\/div>\n<div><\/div>\n<div>Mais uma onde a foto n\u00e3o ajuda, mas \u00e9 um dos mais desiguais. Tem coisa legal como os elefantes e um carro \u00a0com castelinhos &#8211; t\u00edpico da carnavalesca Rosa Magalh\u00e3es &#8211; mas outros n\u00e3o est\u00e3o t\u00e3o bons. A coroa, s\u00edmbolo da escola, est\u00e1 bem t\u00edmida, para se dizer o menos.<\/div>\n<div><\/div>\n<div>A impress\u00e3o que d\u00e1 \u00e9 que falta grana \u00e0 escola, talvez reflexo do fato de seu presidente estar preso h\u00e1 nove meses.<\/div>\n<div><\/div>\n<div><b><i>6 &#8211; Mangueira<\/i><\/b><\/div>\n<div><\/div>\n<div>Acho que a proibi\u00e7\u00e3o das fotos tem a ver com o que se encontra dentro de sua f\u00e1brica de desfiles. Um carro ainda no chassis, um praticamente pronto, os demais entre ferragens e madeira.<\/div>\n<div><\/div>\n<div>O carro que est\u00e1 pronto abusa das cores fortes, talvez devido \u00e0 previs\u00e3o de desfile durante o dia &#8211; a escola encerra o domingo j\u00e1 com o dia claro. Aquele verde e rosa dos tempos de J\u00falio Matos estar\u00e1 de volta.<\/div>\n<div><\/div>\n<div>Tem um carro que \u00e9 uma esp\u00e9cie de escadaria em formato de &#8220;bolo de noiva&#8221;, bem semelhante a um trazido pela Viradouro em 2010 em seu formato. Infelizmente terei de usar uma palavra forte para descrever minhas impess\u00f5es das alegorias: tosco.<\/div>\n<div><\/div>\n<div><b><i>7 &#8211; Uni\u00e3o da Ilha<\/i><\/b><\/div>\n<div><\/div>\n<div><a href=\"http:\/\/3.bp.blogspot.com\/_KYflagr2MuI\/TT9LFF3jPaI\/AAAAAAAADOg\/vSXFPCrixfY\/s1600\/IMG00355-20110125-1242.jpg\" imageanchor=\"1\"><img loading=\"lazy\" decoding=\"async\" border=\"0\" height=\"300\" src=\"http:\/\/www.pedromigao.com.br\/ourodetolo\/wp-content\/uploads\/2011\/01\/IMG00355-20110125-1242.jpg\" width=\"400\"><\/a><\/div>\n<div><\/div>\n<div>J\u00e1 estivera no barrac\u00e3o da escola insulana semana passada para tirar as medidas de minha roupa, e pode-se se dizer que ao lado da Mocidade \u00e9 o barrac\u00e3o mais adiantado. Na foto acima pode-se ver uma aranha &#8211; rubro-negra &#8211; que certamente vir\u00e1 &#8220;andando&#8221; na avenida, tendo tudo para causar muito impacto.<\/div>\n<div><\/div>\n<div><a href=\"http:\/\/1.bp.blogspot.com\/_KYflagr2MuI\/TT9MdIRdeYI\/AAAAAAAADOk\/JNGdXARjiiE\/s1600\/IMG00356-20110125-1242.jpg\" imageanchor=\"1\"><img loading=\"lazy\" decoding=\"async\" border=\"0\" height=\"300\" src=\"http:\/\/www.pedromigao.com.br\/ourodetolo\/wp-content\/uploads\/2011\/01\/IMG00356-20110125-1242.jpg\" width=\"400\"><\/a><\/div>\n<div><\/div>\n<div>O enredo sobre Darwin ganhou foco nos setores de animais e sua evolu\u00e7\u00e3o, pelo que se l\u00ea nos carros. O trabalho do carnavalesco Alex de Souza est\u00e1 muito caprichado, com carros bem maiores que os de 2010. H\u00e1 apenas um carro na madeira e nenhum no ferro.<\/div>\n<div><\/div>\n<div><a href=\"http:\/\/1.bp.blogspot.com\/_KYflagr2MuI\/TT9MzyVCSBI\/AAAAAAAADOo\/LtX-piIISVA\/s1600\/IMG00357-20110125-1242.jpg\" imageanchor=\"1\"><img loading=\"lazy\" decoding=\"async\" border=\"0\" height=\"300\" src=\"http:\/\/www.pedromigao.com.br\/ourodetolo\/wp-content\/uploads\/2011\/01\/IMG00357-20110125-1242.jpg\" width=\"400\"><\/a><\/div>\n<div><\/div>\n<div>Foi um dos conjuntos aleg\u00f3ricos de que mais gostei. A preocupa\u00e7\u00e3o, apenas, \u00e9 como a Harmonia da escola lidar\u00e1 com o tamanho dos carros.<\/div>\n<div><\/div>\n<div><b><i>8 &#8211; Salgueiro<\/i><\/b><\/div>\n<div><\/div>\n<div><a href=\"http:\/\/1.bp.blogspot.com\/_KYflagr2MuI\/TT9Nif1YNYI\/AAAAAAAADOs\/lZ4HmZCBR0U\/s1600\/IMG00367-20110125-1312.jpg\" imageanchor=\"1\"><img loading=\"lazy\" decoding=\"async\" border=\"0\" height=\"300\" src=\"http:\/\/www.pedromigao.com.br\/ourodetolo\/wp-content\/uploads\/2011\/01\/IMG00367-20110125-1312.jpg\" width=\"400\"><\/a><\/div>\n<div><\/div>\n<div>Se me perguntarem qual escola mais me decepcionou, diria sem medo de errar que \u00e9 o Salgueiro. As alegorias n\u00e3o est\u00e3o feias, longe disso, mas est\u00e3o abaixo do que estamos acostumados a ver no trabalho do carnavalesco Renato Lage. At\u00e9 caixotes temos, algo abolido na vermelho e branco h\u00e1 tempos.<\/div>\n<div><\/div>\n<div><a href=\"http:\/\/1.bp.blogspot.com\/_KYflagr2MuI\/TT9O7orJtwI\/AAAAAAAADOw\/tzrQgiesB7k\/s1600\/IMG00366-20110125-1311.jpg\" imageanchor=\"1\"><img loading=\"lazy\" decoding=\"async\" border=\"0\" height=\"300\" src=\"http:\/\/www.pedromigao.com.br\/ourodetolo\/wp-content\/uploads\/2011\/01\/IMG00366-20110125-1311.jpg\" width=\"400\"><\/a><\/div>\n<div><\/div>\n<div>Os cavalos marinhos que podemos ver \u00e0 esquerda e \u00e0 direita nas fotos j\u00e1 passaram na avenida anteriormente. \u00a0A escola ainda tem carros no chassis, mas nada que preocupe. A impress\u00e3o que d\u00e1 \u00e9 que o carnavalesco n\u00e3o est\u00e1 muito \u00e0 vontade no enredo da escola.<\/div>\n<div><\/div>\n<div><b><i>9 &#8211; Portela<\/i><\/b><\/div>\n<div><\/div>\n<div><a href=\"http:\/\/4.bp.blogspot.com\/_KYflagr2MuI\/TT9QF-rii7I\/AAAAAAAADO0\/DqcV48DGUhM\/s1600\/IMG00351-20110125-1220.jpg\" imageanchor=\"1\"><img loading=\"lazy\" decoding=\"async\" border=\"0\" height=\"300\" src=\"http:\/\/www.pedromigao.com.br\/ourodetolo\/wp-content\/uploads\/2011\/01\/IMG00351-20110125-1220.jpg\" width=\"400\"><\/a><\/div>\n<div><\/div>\n<div>\u00c9 o \u00fanico barrac\u00e3o onde a &#8220;varanda&#8221; est\u00e1 trancada, mas como todo ano fiz valer minha condi\u00e7\u00e3o de s\u00f3cio para dar uma &#8220;carteirada&#8221; e ver o barrac\u00e3o por dentro. Foi a visita mais detalhada.<\/div>\n<div><\/div>\n<div>De todos os anos da &#8220;Era Nilo&#8221;, \u00e9 disparado o mais adiantado. Ano passado a quarenta dias do carnaval nem os carros de 2009 haviam sido desmontados ainda; hoje, temos tr\u00eas carros j\u00e1 em decora\u00e7\u00e3o, dois com o madeiramento praticamente pronto e tr\u00eas na ferragem &#8211; sendo que o carro onde provavelmente estar\u00e1 a \u00c1guia estava sendo retirado para ser confeccionado em outro lugar.<\/div>\n<div><\/div>\n<div><a href=\"http:\/\/2.bp.blogspot.com\/_KYflagr2MuI\/TT9RHfHdUhI\/AAAAAAAADO4\/OFK_e2HESX4\/s1600\/IMG00353-20110125-1231.jpg\" imageanchor=\"1\"><img loading=\"lazy\" decoding=\"async\" border=\"0\" height=\"300\" src=\"http:\/\/www.pedromigao.com.br\/ourodetolo\/wp-content\/uploads\/2011\/01\/IMG00353-20110125-1231.jpg\" width=\"400\"><\/a><\/div>\n<div><\/div>\n<div>Al\u00e9m disso, o trabalho de escultura em isopor est\u00e1 a todo vapor. Se o leitor observar o v\u00eddeo que abre este post ver\u00e1 grandes blocos \u00e0 esquerda, prontos para se transformarem em esculturas. Foi o barrac\u00e3o onde vi mais gente trabalhando.<\/div>\n<div><\/div>\n<div><a href=\"http:\/\/1.bp.blogspot.com\/_KYflagr2MuI\/TT9SfsoN_7I\/AAAAAAAADO8\/lVhq3SJpZWc\/s1600\/IMG00352-20110125-1226.jpg\" imageanchor=\"1\"><img loading=\"lazy\" decoding=\"async\" border=\"0\" height=\"300\" src=\"http:\/\/www.pedromigao.com.br\/ourodetolo\/wp-content\/uploads\/2011\/01\/IMG00352-20110125-1226.jpg\" width=\"400\"><\/a><\/div>\n<div><\/div>\n<div>O carro que ser\u00e1 uma esp\u00e9cie de navio &#8211; a segunda foto &#8211; promete ficar bem interessante. O barrac\u00e3o da Portela n\u00e3o dever\u00e1 ser o melhor deste ano, mas tem tudo para ser o melhor dos \u00faltimos anos, e pode credenci\u00e1-la a um bom papel no resultado final do carnaval.<\/div>\n<div><\/div>\n<div><b><i>10 &#8211; Grande Rio<\/i><\/b><\/div>\n<div><\/div>\n<div><a href=\"http:\/\/3.bp.blogspot.com\/_KYflagr2MuI\/TT9TP6sjEaI\/AAAAAAAADPA\/2bCkfjagMm0\/s1600\/IMG00354-20110125-1240.jpg\" imageanchor=\"1\"><img loading=\"lazy\" decoding=\"async\" border=\"0\" height=\"300\" src=\"http:\/\/www.pedromigao.com.br\/ourodetolo\/wp-content\/uploads\/2011\/01\/IMG00354-20110125-1240.jpg\" width=\"400\"><\/a><\/div>\n<div><\/div>\n<div>A impress\u00e3o que deu &#8211; a \u00fanica foto n\u00e3o ajuda &#8211; \u00e9 que os monstros que habitualmente povoam a f\u00e1brica de carnaval da Beija Flor se mudaram de armas e bagagens para a agremia\u00e7\u00e3o de Caxias. Tudo muito grande e em cores escuras.<\/div>\n<div><\/div>\n<div>H\u00e1 um boi em tons de preto que me agradou bastante. A escola tem cinco carros em decora\u00e7\u00e3o, dois na madeira e um no ferro &#8211; \u00e9 uma das mais adiantadas.<\/div>\n<div><\/div>\n<div>Mas n\u00e3o se v\u00ea claramente Florian\u00f3polis nos carros.<\/div>\n<div><\/div>\n<div><b><i>11 &#8211; Porto da Pedra<\/i><\/b><\/div>\n<div><\/div>\n<div><a href=\"http:\/\/4.bp.blogspot.com\/_KYflagr2MuI\/TT9VZDWFpCI\/AAAAAAAADPE\/0WhLJl4kyec\/s1600\/IMG00371-20110125-1320.jpg\" imageanchor=\"1\"><img loading=\"lazy\" decoding=\"async\" border=\"0\" height=\"300\" src=\"http:\/\/www.pedromigao.com.br\/ourodetolo\/wp-content\/uploads\/2011\/01\/IMG00371-20110125-1320.jpg\" width=\"400\"><\/a><\/div>\n<div><\/div>\n<div>Os carros n\u00e3o s\u00e3o muito grandes e ainda h\u00e1 bastante coisa para se fazer, mas possuem a delicadeza pedida pelo enredo &#8211; a teatr\u00f3loga Maria Clara Machado. S\u00e3o alegorias delicadas e de f\u00e1cil leitura.<\/div>\n<div><\/div>\n<div><a href=\"http:\/\/3.bp.blogspot.com\/_KYflagr2MuI\/TT9Vswz_YFI\/AAAAAAAADPI\/bQusd25A_Po\/s1600\/IMG00370-20110125-1318.jpg\" imageanchor=\"1\"><img loading=\"lazy\" decoding=\"async\" border=\"0\" height=\"300\" src=\"http:\/\/www.pedromigao.com.br\/ourodetolo\/wp-content\/uploads\/2011\/01\/IMG00370-20110125-1318.jpg\" width=\"400\"><\/a><\/div>\n<div><\/div>\n<div>Uma delas trar\u00e1 cadeiras de verdade em cima, provavelmente representando o Teatro Tablado. Estavam sendo colocadas no momento em que estive no barrac\u00e3o.<\/div>\n<div><\/div>\n<div>Fica evidente o talento do carnavalesco Paulo Menezes.<\/div>\n<div><\/div>\n<div><b><i>12 &#8211; Beija Flor<\/i><\/b><\/div>\n<div><\/div>\n<div><a href=\"http:\/\/4.bp.blogspot.com\/_KYflagr2MuI\/TT9XFNMVE_I\/AAAAAAAADPM\/QyLw5a7u7w4\/s1600\/IMG00365-20110125-1311.jpg\" imageanchor=\"1\"><img loading=\"lazy\" decoding=\"async\" border=\"0\" height=\"300\" src=\"http:\/\/www.pedromigao.com.br\/ourodetolo\/wp-content\/uploads\/2011\/01\/IMG00365-20110125-1311.jpg\" width=\"400\"><\/a><\/div>\n<div><\/div>\n<div>Foto tirada de longe &#8211; vigil\u00e2ncia intensa, inoportuna at\u00e9 &#8211; mas pode-se dizer que a escola de Nil\u00f3polis dar\u00e1 uma grande &#8220;virada&#8221; neste carnaval. Carros pequenos, em cores claras, abusando do azul e branco da agremia\u00e7\u00e3o e buscando aproveitar a luz do dia.<\/div>\n<div><\/div>\n<div>Ainda tem carros na madeira, mas nada que comprometa o cronograma. Gostei do calhambeque e do carro da Jovem Guarda, mas sinceramente n\u00e3o sei como os jurados receber\u00e3o as alegorias da escola.<\/div>\n<div><\/div>\n<div>Dividiria as escolas em quatro grandes grupos n\u00e3o-homog\u00eaneos, levando-se em conta que ainda faltam quarenta dias para o carnaval e muita coisa ainda mudar\u00e1:<\/div>\n<div><\/div>\n<div>Bons: Tijuca, Salgueiro, Grande Rio, Ilha<\/div>\n<div>Razo\u00e1veis: Portela, Beija Flor, Mocidade, Porto da Pedra<\/div>\n<div>Fracos: S\u00e3o Clemente, Vila Isabel<\/div>\n<div>Preocupantes: Mangueira e Imperatriz<\/div>\n<div><\/div>\n<div><\/div>\n","protected":false},"excerpt":{"rendered":"<p>Ontem, ter\u00e7a, aproveitei o per\u00edodo de f\u00e9rias para fazer minha visita \u00e0 Cidade do Samba, local onde ficam os barrac\u00f5es das escolas de samba doTour Details<\/p>\n","protected":false},"author":2,"featured_media":0,"comment_status":"open","ping_status":"open","sticky":false,"template":"","format":"standard","meta":{"footnotes":""},"categories":[289],"tags":[183,19],"class_list":["post-11628","post","type-post","status-publish","format-standard","hentry","category-pedro-migao","tag-carnaval-2011","tag-escolas-de-samba"],"_links":{"self":[{"href":"https:\/\/www.pedromigao.com.br\/ourodetolo\/wp-json\/wp\/v2\/posts\/11628","targetHints":{"allow":["GET"]}}],"collection":[{"href":"https:\/\/www.pedromigao.com.br\/ourodetolo\/wp-json\/wp\/v2\/posts"}],"about":[{"href":"https:\/\/www.pedromigao.com.br\/ourodetolo\/wp-json\/wp\/v2\/types\/post"}],"author":[{"embeddable":true,"href":"https:\/\/www.pedromigao.com.br\/ourodetolo\/wp-json\/wp\/v2\/users\/2"}],"replies":[{"embeddable":true,"href":"https:\/\/www.pedromigao.com.br\/ourodetolo\/wp-json\/wp\/v2\/comments?post=11628"}],"version-history":[{"count":0,"href":"https:\/\/www.pedromigao.com.br\/ourodetolo\/wp-json\/wp\/v2\/posts\/11628\/revisions"}],"wp:attachment":[{"href":"https:\/\/www.pedromigao.com.br\/ourodetolo\/wp-json\/wp\/v2\/media?parent=11628"}],"wp:term":[{"taxonomy":"category","embeddable":true,"href":"https:\/\/www.pedromigao.com.br\/ourodetolo\/wp-json\/wp\/v2\/categories?post=11628"},{"taxonomy":"post_tag","embeddable":true,"href":"https:\/\/www.pedromigao.com.br\/ourodetolo\/wp-json\/wp\/v2\/tags?post=11628"}],"curies":[{"name":"wp","href":"https:\/\/api.w.org\/{rel}","templated":true}]}}