{"id":11587,"date":"2011-02-26T09:42:00","date_gmt":"2011-02-26T11:42:00","guid":{"rendered":"http:\/\/www.pedromigao.com.br\/ourodetolo\/2011\/02\/a-medica-e-a-jornalista-terremotos-na-blogosfera\/"},"modified":"2011-02-26T09:42:00","modified_gmt":"2011-02-26T11:42:00","slug":"a-medica-e-a-jornalista-terremotos-na-blogosfera","status":"publish","type":"post","link":"https:\/\/www.pedromigao.com.br\/ourodetolo\/2011\/02\/a-medica-e-a-jornalista-terremotos-na-blogosfera\/","title":{"rendered":"A M\u00e9dica e a Jornalista &#8211; &quot;Terremotos na Blogosfera&quot;"},"content":{"rendered":"<div><a href=\"http:\/\/1.bp.blogspot.com\/-J8AM5Ln8jFQ\/TVrXzd0bUhI\/AAAAAAAADUw\/0_dZp9c5ixc\/s1600\/110210egito_f_034.jpg\" imageanchor=\"1\"><img loading=\"lazy\" decoding=\"async\" border=\"0\" height=\"208\" src=\"http:\/\/www.pedromigao.com.br\/ourodetolo\/wp-content\/uploads\/2011\/02\/110210egito_f_034.jpg\" width=\"400\"><\/a><\/div>\n<p><\/p>\n<div>Neste s\u00e1bado anterior ao caranaval, temos mais uma edi\u00e7\u00e3o da coluna &#8220;A M\u00e9dica e a Jornalista&#8221;, assinada pela profissional Anna Barros. O tema de hoje s\u00e3o os blogs e as influ\u00eancias que este tipo de m\u00eddia tem sobre a imprensa tradicional.<\/p>\n<p>Devo ressalvar, por\u00e9m, que documentos do Wikileaks recentemente divulgados d\u00e3o conta de que Yoani Sanchez recebe apoio material e financeiro da CIA &#8211; a ag\u00eancia de intelig\u00eancia norte-americana &#8211; na manuten\u00e7\u00e3o de seu espa\u00e7o virtual. Ou seja, devemos olhar com aten\u00e7\u00e3o as opini\u00f5es dela, tendo sempre em vista este fator.<\/p>\n<p>Feita a necess\u00e1ria ressalva, vamos ao texto.<\/p>\n<p>&#8220;<i><b>Terremotos na Blogosfera<\/b><\/i><br \/>\u00a0\u00a0\u00a0\u00a0\u00a0\u00a0\u00a0\u00a0\u00a0\u00a0\u00a0\u00a0\u00a0 <br \/>Tr\u00eas fatos important\u00edssimos aconteceram na blogosfera nesse m\u00eas de fevereiro: a ren\u00fancia do ditador eg\u00edpcio Mubarak, em que os blogs e redes sociais como Facebook e Twitter tiveram pap\u00e9is preponderantes; a estr\u00e9ia da blogueira cubana Yoani Sanch\u00e9z como colunista de O Globo aos domingos na se\u00e7\u00e3o Opini\u00e3o, no dia 6 de fevereiro, e a compra pela AOL do site Huffington Post por 315 milh\u00f5es de d\u00f3lares. <\/p>\n<p>Para quem n\u00e3o sabe, o site, que era de propriedade de Arianna Huffington, \u00e9 uma das maiores fontes de informa\u00e7\u00e3o nos Estados Unidos, com blogueiros influentes e de opini\u00e3o respeit\u00e1vel. E re\u00fane v\u00e1rias informa\u00e7\u00f5es, para todos os tipos e gostos, num site s\u00f3.<br \/>\u00a0\u00a0\u00a0\u00a0\u00a0\u00a0\u00a0\u00a0\u00a0\u00a0\u00a0\u00a0\u00a0 <br \/>Deixarei o efeito Mubarak um pouco de lado, visto que meu nobre editor Pedro Mig\u00e3o o tem explorado e bem no Ouro de Tolo, e irei me ater aos blogueiros &#8211; afinal sou blogueira h\u00e1 cinco anos. <\/p>\n<p>Yoani Sanch\u00e9z, que escreve no seu blog &#8216;Generation Y&#8217; desde 2005, e muitas vezes teve o mesmo embargado por autoridades cubanas por muito tempo e que foi exatamente desbloqueado no dia 9 de fevereiro, \u00e9 uma fonte de inspira\u00e7\u00e3o para mim. Sua experi\u00eancia, suas postagens muitas vezes com a ajuda de amigos, sua entrevista com Obama ap\u00f3s seis meses de tentativas frustradas, sua luta por liberdade de express\u00e3o e pela democracia de id\u00e9ias sempre me cativaram e me moveram a escrever a minha monografia sobre o tema: O blog e a sua import\u00e2ncia na m\u00eddia, no qual tive a nota m\u00e1xima e cujo texto se encontra dispon\u00edvel na biblioteca da FACHA. E ver Yoani num dos maiores jornais do Pa\u00eds \u00e9 um gol de placa do jornal e tamb\u00e9m dos blogueiros. Ela nos representa e pode ser considerada nossa porta-voz.<br \/>\u00a0\u00a0\u00a0\u00a0\u00a0\u00a0\u00a0\u00a0\u00a0\u00a0\u00a0\u00a0\u00a0 <br \/>A quest\u00e3o que envolve Arianna \u00e9 que ela disse que, ap\u00f3s a venda para o AOL do site Huffington Post, pagaria aos blogueiros que l\u00e1 escrevem. Eu sou a favor de remunera\u00e7\u00e3o a blogueiros porque \u00e9 uma atividade profissional como outra qualquer, mesmo que seja movida por prazer e por necessidade de visibilidade de seus textos. E agora, os blogueiros reclamam que Arianna enviou um memorando dizendo que o servi\u00e7o deles continuar\u00e1 gratuito. Pode ser que esse imbroglio ainda tenha uma reviravolta. Acompanharemos com interesse e de perto.<br \/>\u00a0\u00a0\u00a0\u00a0\u00a0\u00a0\u00a0\u00a0\u00a0\u00a0\u00a0\u00a0\u00a0 <br \/>Muitos pensaram que, com o advento do Twitter, o microblog de 140 caracteres, os blogs perderiam a sua for\u00e7a, mas se v\u00ea o contr\u00e1rio. Eles t\u00eam o seu papel. <\/p>\n<p>Eu mesma consulto v\u00e1rios blogs, de informa\u00e7\u00e3o sobre esportes, um interesse particular, passando por este Ouro de Tolo, at\u00e9 blogs de modas e esmaltes &#8211; indo at\u00e9 blogs de tecnologia, uma verdadeira paix\u00e3o. Os blogs s\u00e3o fontes confi\u00e1veis de informa\u00e7\u00e3o, opini\u00e3o e de bom jornalismo. Nos Estados Unidos, al\u00e9m do Huffington Post, h\u00e1 tamb\u00e9m os blogs do New York Times, um site jornal\u00edstico que eu frequentemente visito e de excelente qualidade. <br \/>\u00a0\u00a0\u00a0\u00a0\u00a0\u00a0\u00a0\u00a0\u00a0\u00a0\u00a0 <br \/>O blog \u00e9 uma grande arena de debate de ideias. Uma esp\u00e9cie de \u00e1gora grega dos tempos atuais em que o debate \u00e9 p\u00fablico, democr\u00e1tico e h\u00e1 a perfeita intera\u00e7\u00e3o entre blogueiros e leitores e leitores com seus cong\u00eaneres criando uma esp\u00e9cie de comunidade, mais eficiente at\u00e9 do que aquelas do quase falecido Orkut e que o Facebook tenta explorar tamb\u00e9m; mas honestamente n\u00e3o sei se ter\u00e1 o mesmo sucesso que tem com o bate-papo e com o envio de mensagens privadas que muitas vezes substituem at\u00e9 o e-mail. <\/p>\n<p>Comecei a blogar inspirada pelo <a href=\"http:\/\/www.ziconarede.com.br\/\">&#8216;Zico na Rede&#8217;<\/a> em 2006, na Copa do Mundo da Alemanha, e n\u00e3o mais parei. Hoje escrevo em dois blogs pessoais, o <a href=\"http:\/\/annaclbarros.blog.terra.com.br\/\">&#8216;Blog da Anninha&#8217;<\/a> e o <a href=\"http:\/\/poltronadecinema.wordpress.com\/\">&#8216;Poltrona de Cinema&#8217;<\/a>, e com muito orgulho aqui no &#8216;Ouro de Tolo&#8217;, a meu ver um dos melhores blogs cariocas, discorrendo sobre os mais variados assuntos.<br \/>\u00a0\u00a0\u00a0\u00a0\u00a0\u00a0\u00a0\u00a0\u00a0 <br \/>Penso que esse canal democr\u00e1tico devia se estender a todos. Todos deveriam ter um blog para escrever sobre o que tivessem vontade. N\u00e3o seria um div\u00e3 ou algo estritamente confessional,que \u00e9 a vis\u00e3o dos prim\u00f3rdios do blog, mas uma forma digna de se manifestar, de marcar a sua presen\u00e7a no mundo, de informar. Opinar, discutir e marcar posicionamentos. Recomendo a todos que bloguem, sempre. A for\u00e7a \u00e9 t\u00e3o grande que j\u00e1 existe um verbete blogar no dicion\u00e1rio Aur\u00e9lio.<br \/>\u00a0\u00a0\u00a0\u00a0\u00a0\u00a0\u00a0\u00a0\u00a0 <br \/>E voltando \u00e0 Yoani Sanch\u00e9z, ao ter uma coluna em um jornal de express\u00e3o como O Globo, ela se torna uma pioneira nessa ponte blog-impresso fazendo com que se torne uma ativista h\u00edbrida e tamb\u00e9m de cunho n\u00e3o s\u00f3 social e pol\u00edtico, mas econ\u00f4mico pois incrementa seus rendimentos <i>[N.doE.: de acordo com o Wikileaks sabe-se agora que a maior parte dos rendimentos vem da CIA]<\/i>, j\u00e1 que ela vive disso como atividade principal e seu marido tamb\u00e9m \u00e9 blogueiro. A atitude do jornal \u00e9 louv\u00e1vel e admir\u00e1vel. Tem como acessar o Generacion Y e o twitter de Yoani: <a href=\"http:\/\/www.twitter.com\/yoanisanchez\">@yoanisanchez<\/a>.\u00a0 Vale a pena visitar o blog e segui-la.<br \/>\u00a0\u00a0\u00a0\u00a0\u00a0\u00a0\u00a0\u00a0 <br \/>Os blogs v\u00e3o al\u00e7ar voos cada vez mais altos e n\u00e3o eliminar\u00e3o os jornais impressos, mas ser\u00e3o complementares a eles, numa plataforma mais que multim\u00eddia. J\u00e1 h\u00e1 links nos jornais de blogs de colunistas ou informa\u00e7\u00f5es adicionais em sites e blogs para estimular cada vez mais essa interatividade entre leitor e jornalista. A grande revolu\u00e7\u00e3o do processo comunicacional foi que o receptor da mensagem n\u00e3o \u00e9 mais s\u00f3 passivo e sim ativo porque ele opina e interage. Ele n\u00e3o recebe mais a informa\u00e7\u00e3o passivamente, ele interfere nela. E os blogs foram e s\u00e3o os grandes pilares dessa extraordin\u00e1ria mudan\u00e7a.<\/p>\n<p>At\u00e9 a pr\u00f3xima!<br \/>Anna Barros&#8221;<\/div>\n<div><\/div>\n<div><\/div>\n","protected":false},"excerpt":{"rendered":"<p>Neste s\u00e1bado anterior ao caranaval, temos mais uma edi\u00e7\u00e3o da coluna &#8220;A M\u00e9dica e a Jornalista&#8221;, assinada pela profissional Anna Barros. O tema de hojeTour Details<\/p>\n","protected":false},"author":2,"featured_media":0,"comment_status":"open","ping_status":"open","sticky":false,"template":"","format":"standard","meta":{"footnotes":""},"categories":[289],"tags":[121,33],"class_list":["post-11587","post","type-post","status-publish","format-standard","hentry","category-pedro-migao","tag-blog","tag-jornalismo"],"_links":{"self":[{"href":"https:\/\/www.pedromigao.com.br\/ourodetolo\/wp-json\/wp\/v2\/posts\/11587","targetHints":{"allow":["GET"]}}],"collection":[{"href":"https:\/\/www.pedromigao.com.br\/ourodetolo\/wp-json\/wp\/v2\/posts"}],"about":[{"href":"https:\/\/www.pedromigao.com.br\/ourodetolo\/wp-json\/wp\/v2\/types\/post"}],"author":[{"embeddable":true,"href":"https:\/\/www.pedromigao.com.br\/ourodetolo\/wp-json\/wp\/v2\/users\/2"}],"replies":[{"embeddable":true,"href":"https:\/\/www.pedromigao.com.br\/ourodetolo\/wp-json\/wp\/v2\/comments?post=11587"}],"version-history":[{"count":0,"href":"https:\/\/www.pedromigao.com.br\/ourodetolo\/wp-json\/wp\/v2\/posts\/11587\/revisions"}],"wp:attachment":[{"href":"https:\/\/www.pedromigao.com.br\/ourodetolo\/wp-json\/wp\/v2\/media?parent=11587"}],"wp:term":[{"taxonomy":"category","embeddable":true,"href":"https:\/\/www.pedromigao.com.br\/ourodetolo\/wp-json\/wp\/v2\/categories?post=11587"},{"taxonomy":"post_tag","embeddable":true,"href":"https:\/\/www.pedromigao.com.br\/ourodetolo\/wp-json\/wp\/v2\/tags?post=11587"}],"curies":[{"name":"wp","href":"https:\/\/api.w.org\/{rel}","templated":true}]}}