{"id":11564,"date":"2011-03-15T09:36:00","date_gmt":"2011-03-15T11:36:00","guid":{"rendered":"http:\/\/www.pedromigao.com.br\/ourodetolo\/2011\/03\/obama-na-cinelandia-algumas-notas\/"},"modified":"2011-03-15T09:36:00","modified_gmt":"2011-03-15T11:36:00","slug":"obama-na-cinelandia-algumas-notas","status":"publish","type":"post","link":"https:\/\/www.pedromigao.com.br\/ourodetolo\/2011\/03\/obama-na-cinelandia-algumas-notas\/","title":{"rendered":"Obama na Cinel\u00e2ndia &#8211; Algumas Notas"},"content":{"rendered":"<div><a href=\"https:\/\/lh6.googleusercontent.com\/-_ImUv0qbGUE\/TX6KhFKjycI\/AAAAAAAADZ0\/d7PlEm6WeO8\/s1600\/14_MHG_pais_obama_selofinal_1.jpg\" imageanchor=\"1\"><img loading=\"lazy\" decoding=\"async\" border=\"0\" height=\"255\" src=\"http:\/\/www.pedromigao.com.br\/ourodetolo\/wp-content\/uploads\/2011\/03\/14_MHG_pais_obama_selofinal_1.jpg\" width=\"400\"><\/a><\/div>\n<p><\/p>\n<div>A grande not\u00edcia do dia de ontem no cen\u00e1rio pol\u00edtico foi o an\u00fancio de que o presidente dos Estados Unidos Barack Obama ir\u00e1 fazer um pronunciamento p\u00fablico no Rio de janeiro na tarde de domingo, dia 20 pr\u00f3ximo. Vamos tentar entender o que est\u00e1 por tr\u00e1s de gesto de boa vontade do presidente americano. Vale lembrar que \u00e9 a primeira vez que um governante americano vem ao pa\u00eds antes mesmo de ser visitado por seu cong\u00eanere brasileiro.<\/p>\n<p>Obama dever\u00e1 fazer uma esp\u00e9cie de &#8220;declara\u00e7\u00e3o sobre temas da humanidade&#8221; (em ingl\u00eas, Major International Speak), ou seja, enumerar uma s\u00e9rie de declara\u00e7\u00f5es de cunho geral sobre temas da atualidade. N\u00e3o deveremos esperar grandes novidades ou grandes an\u00fancios neste pronunciamento ao grande p\u00fablico. Neste caso em especial, o gesto \u00e9 mais simb\u00f3lico que efetivamente pr\u00e1tico.<\/p>\n<p>O Brasil vem desenvolvendo uma pol\u00edtica externa bastante independente nos \u00faltimos anos, em muitos pontos &#8220;descolada&#8221; e conflitante \u00e0s posi\u00e7\u00f5es norte-americanas. O pa\u00eds vem buscando estabelecer uma posi\u00e7\u00e3o de contraponto \u00e0s pol\u00edticas da grande pot\u00eancia, buscando afirmar-se como um ator alternativo na media\u00e7\u00e3o de conflitos internacional. Por outro lado, pol\u00edticas como a do petr\u00f3leo, onde se est\u00e1 defendendo o interesse nacional, vem causando profunda irrita\u00e7\u00e3o nos meios diplom\u00e1ticos ianques devido \u00e0 prefer\u00eancia por empresas nacionais e \u00e0 prefer\u00eancia de explora\u00e7\u00e3o por parte do pr\u00e9-sal pela Petrobras &#8211; j\u00e1 escrevi isso aqui antes.<\/p>\n<p>Sabe-se tamb\u00e9m, de acordo com documentos recentemente pelo site Wikileaks &#8211; e dos quais tratei de passagem no texto de ontem &#8211; que o candidato derrotado \u00e0s elei\u00e7\u00f5es Jos\u00e9 Serra havia prometido alinhar incondicionalmente a pol\u00edtica externa brasileira \u00e0 norte americana, ainda que muitas vezes prejudicando o interesse nacional. Com a vit\u00f3ria da candidata Dilma Roussef, a diplomacia vem buscando formas de se aproximar do novo governo a fim de ter seus interesses mais atendidos.<\/p>\n<p>Obama e Roussef ir\u00e3o assinar uma s\u00e9rie de memorandos com acordos comerciais, de trabalho e de pol\u00edtica externa. Entre eles um que deve flexibilizar a concess\u00e3o de vistos de entrada nos Estados Unidos, outro sobre contabiliza\u00e7\u00e3o de tempo de trabalho e um terceiro sobre o trabalho conjunto para o desenvolvimento da \u00c1frica, al\u00e9m de acordos comerciais e outros visando coopera\u00e7\u00e3o no campo espacial.<\/p>\n<p>Entretanto, parece-me que a visita \u00e9 uma tentativa de reaproximar os dois pa\u00edses e tentar estabelecer entendimentos de forma a trazer novamente a pol\u00edtica externa brasileira a algum grau de influ\u00eancia norte americana. O entendimento seria de que os estados Unidos est\u00e3o tendo sua lideran\u00e7a, sen\u00e3o questionada, pelo menos diminu\u00edda pelos flancos abertos pela diplomacia brasileira. Tamb\u00e9m deve-se notar a diminui\u00e7\u00e3o do peso dos Estados Unidos na balan\u00e7a comercial brasileira, ou seja, as transa\u00e7\u00f5es comerciais entre os dois pa\u00edses perderam peso relativo nas transa\u00e7\u00f5es brasileiras.<\/p>\n<p>O Brasil nos \u00faltimos anos tem diversificado seus parceiros comerciais e agindo de forma mais ativa no plano internacional. Dilma Roussef em seus primeiros dias de governo tem adotado uma posi\u00e7\u00e3o mais conciliadora com os Estados Unidos, e dependendo do que for noticiado poderemos ter uma boa id\u00e9ia se haver\u00e1 inflex\u00e3o significativa de nossa pol\u00edtica externa. N\u00e3o sou especialista na \u00e1rea mas acredito na manuten\u00e7\u00e3o da pol\u00edtica atual, talvez com alguns gestos de boa vontade em rela\u00e7\u00e3o aos EUA.<\/p>\n<p>Lembro aos leitores que existem algumas disputas comerciais s\u00e9rias envolvendo os dois pa\u00edses, entre elas a taxa\u00e7\u00e3o ao etanol brasileiro e os subs\u00eddios ao algod\u00e3o norte americano &#8211; este objeto de uma vit\u00f3ria hist\u00f3rica do Brasil na Organiza\u00e7\u00e3o Mundial do Com\u00e9rcio. Sem d\u00favida alguma h\u00e1 a necessidade de algum entendimento na \u00e1rea comercial.<\/p>\n<p>Concluindo, esta visita de Barack Obama ao Brasil significa a import\u00e2ncia dada ao pa\u00eds e a contrariedade norte americana \u00e0 pol\u00edtica relativamente independente desenvolvida nos \u00faltimos anos &#8211; not\u00e1vel diferen\u00e7a em rela\u00e7\u00e3o ao per\u00edodo anterior, onde em um ato de suprema humilha\u00e7\u00e3o o chanceler brasileiro do Governo FHC Celso Lafer chegou a tirar os sapatos na imigra\u00e7\u00e3o estadunidense.<\/p>\n<p>Vamos aguardar os acontecimentos. Por meu turno, n\u00e3o poderei deixar de estar ausente nesta &#8220;palestra&#8221; na Cinel\u00e2ndia. N\u00e3o me acrescentar\u00e1 nada.<\/p>\n<p><i>(Fotomontagem: <a href=\"http:\/\/www.oglobo.com.br\/\">O Globo<\/a>)<\/i><\/div>\n<div><\/div>\n","protected":false},"excerpt":{"rendered":"<p>A grande not\u00edcia do dia de ontem no cen\u00e1rio pol\u00edtico foi o an\u00fancio de que o presidente dos Estados Unidos Barack Obama ir\u00e1 fazer umTour Details<\/p>\n","protected":false},"author":2,"featured_media":0,"comment_status":"open","ping_status":"open","sticky":false,"template":"","format":"standard","meta":{"footnotes":""},"categories":[289],"tags":[24,51],"class_list":["post-11564","post","type-post","status-publish","format-standard","hentry","category-pedro-migao","tag-politica","tag-politica-internacional"],"_links":{"self":[{"href":"https:\/\/www.pedromigao.com.br\/ourodetolo\/wp-json\/wp\/v2\/posts\/11564","targetHints":{"allow":["GET"]}}],"collection":[{"href":"https:\/\/www.pedromigao.com.br\/ourodetolo\/wp-json\/wp\/v2\/posts"}],"about":[{"href":"https:\/\/www.pedromigao.com.br\/ourodetolo\/wp-json\/wp\/v2\/types\/post"}],"author":[{"embeddable":true,"href":"https:\/\/www.pedromigao.com.br\/ourodetolo\/wp-json\/wp\/v2\/users\/2"}],"replies":[{"embeddable":true,"href":"https:\/\/www.pedromigao.com.br\/ourodetolo\/wp-json\/wp\/v2\/comments?post=11564"}],"version-history":[{"count":0,"href":"https:\/\/www.pedromigao.com.br\/ourodetolo\/wp-json\/wp\/v2\/posts\/11564\/revisions"}],"wp:attachment":[{"href":"https:\/\/www.pedromigao.com.br\/ourodetolo\/wp-json\/wp\/v2\/media?parent=11564"}],"wp:term":[{"taxonomy":"category","embeddable":true,"href":"https:\/\/www.pedromigao.com.br\/ourodetolo\/wp-json\/wp\/v2\/categories?post=11564"},{"taxonomy":"post_tag","embeddable":true,"href":"https:\/\/www.pedromigao.com.br\/ourodetolo\/wp-json\/wp\/v2\/tags?post=11564"}],"curies":[{"name":"wp","href":"https:\/\/api.w.org\/{rel}","templated":true}]}}