{"id":11562,"date":"2011-03-17T08:29:00","date_gmt":"2011-03-17T10:29:00","guid":{"rendered":"http:\/\/www.pedromigao.com.br\/ourodetolo\/2011\/03\/licoes-de-cartola\/"},"modified":"2011-03-17T08:29:00","modified_gmt":"2011-03-17T10:29:00","slug":"licoes-de-cartola","status":"publish","type":"post","link":"https:\/\/www.pedromigao.com.br\/ourodetolo\/2011\/03\/licoes-de-cartola\/","title":{"rendered":"Li\u00e7\u00f5es de Cartola"},"content":{"rendered":"<div><\/div>\n<div><\/div>\n<div>Na \u00faltima sexta feira, apresentou-se o programa sobre Cartola da s\u00e9rie &#8220;Por Toda a Minha Vida&#8221;, da Rede Globo de Televis\u00e3o. Normalmente estes programas s\u00e3o transmitidos em um hor\u00e1rio bastante ingrato &#8211; como, ali\u00e1s, tudo o que n\u00e3o \u00e9 descart\u00e1vel na emissora &#8211; mas como estava ainda no &#8220;fuso hor\u00e1rio de carnaval&#8221; pude sentar-me para ver. E algumas li\u00e7\u00f5es podem ser tiradas do programa.<\/p>\n<p>Antes de mais nada, o especial, misturando cenas gravadas por atores com imagens de \u00e9poca, tra\u00e7a um painel bastante adequado da vida e da obra do compositor e fundador da escola de samba Mangueira. Entrevistas com sua bi\u00f3grafa e com familiares ajudam a reconstituir a passagem pela Terra do grande g\u00eanio.<\/p>\n<p>A primeira li\u00e7\u00e3o a ser aprendida \u00e9 ver a invers\u00e3o de valores. Como bem lembrou no Twitter a jornalista Martha Esteves, como pode Cartola ter morrido pobre e Luan Santana, ainda um adolescente, ter um jatinho particular? Isto mostra o qu\u00e3o invertida est\u00e1 a pir\u00e2mide de valores na cultura de massa. Vale mais ter um bom esquema de marketing por tr\u00e1s e cantar bobagens que tratam o consumidor m\u00e9dio como idiotas do que ter uma obra rica, po\u00e9tica e, especialmente, perene.<\/p>\n<p>Outro ponto \u00e9 ver como desperdi\u00e7amos tempo com coisas absolutamente rotineiras, al\u00e9m de colocar a burocracia e o cumprimento de rotinas absolutamente irrelevantes e desnecess\u00e1rias como prioridades m\u00e1ximas. Por mais que Cartola tivesse outros empregos, sua verdadeira voca\u00e7\u00e3o era a m\u00fasica, e mais especialmente a poesia. Mais cedo ou mais tarde ela se imp\u00f4s e nos \u00faltimos anos de vida permitia um modesto ganha-p\u00e3o ao g\u00eanio.<\/p>\n<p>Vemos adicionalmente como temos g\u00eanios, ainda vivos, e que n\u00e3o tem o reconhecimento necess\u00e1rio. Cito dois aqui sem precisar parar para pensar: \u00c9lton Medeiros e Paulo Cesar Pinheiro, dois dos maiores compositores vivos que ainda temos, e que a esmagadora maioria da popula\u00e7\u00e3o simplesmente n\u00e3o conhece! No programa aparecem monstros sagrados como Nelson Cavaquinho e Elisete Cardoso, j\u00e1 falecidos, e que n\u00e3o obtiveram em vida o reconhecimento popular. Urge o resgate da mem\u00f3ria desta cultura popular e destes artistas.<\/p>\n<p>Percebe-se tamb\u00e9m como o espet\u00e1culo das escolas de samba cariocas est\u00e1 &#8220;descolado&#8221; do que lhe deu origem e de sua cultura. Hoje sauda-se Paulo Barros como um &#8220;revolucion\u00e1rio&#8221; quando na pr\u00e1tica ele torna a manifesta\u00e7\u00e3o cultural mais um show que propriamente a riqu\u00edssima cultura sambista da cidade. Al\u00e9m disso, todas as distor\u00e7\u00f5es geradas pela transforma\u00e7\u00e3o an\u00f4mala em &#8220;neg\u00f3cio&#8221; e todas as vari\u00e1veis envolvidas nesta situa\u00e7\u00e3o afastam cada vez mais o espet\u00e1culo do que lhe deu origem, suas ra\u00edzes e tradi\u00e7\u00f5es.<\/p>\n<p>Entretanto, que fique claro: Paulo Barros \u00e9 mais efeito que causa. Ao mesmo tempo em que distancia o espet\u00e1culo de suas ra\u00edzes, trouxe uma oxigena\u00e7\u00e3o salutar \u00e0 festa. O que se precisa \u00e9 unir seus devaneios e suas id\u00e9ias com uma maior valoriza\u00e7\u00e3o dos sambas &#8211; a Tijuca caiu muito em qualidade das composi\u00e7\u00f5es depois da ida do carnavalesco para l\u00e1.<\/p>\n<p>Destarte, \u00e9 curioso ver que a &#8220;venda de sambas&#8221; dos tempos idos de sua carreira &#8211; <a href=\"http:\/\/pedromigao.blogspot.com\/2009\/09\/resenha-literaria-ataulfo-alves-vida-e.html\">e que j\u00e1 abordei aqui quando resenhei a biografia de Ataulfo Alves<\/a> &#8211; se repete hoje nas escolas de samba, sob o nome de &#8220;pombo&#8221;: s\u00e3o sambas de enredo que s\u00e3o assinados por compositores mas compostos por outros &#8211; que ou n\u00e3o podem assinar em mais de uma escola por grupo ou n\u00e3o tem condi\u00e7\u00f5es financeiras de bancar os altos custos de uma disputa, principalmente no Grupo Especial. A hist\u00f3ria muitas vezes se repete.<\/p>\n<p>O programa tem como destaque a emo\u00e7\u00e3o proporcionada por suas m\u00fasicas. Letras de ourivesaria como &#8220;Amor Proibido&#8221;, a primeira m\u00fasica que ouvi do Mestre &#8211; <i>&#8220;Sabes que vou partir \/ Com os olhos rasos d&#8217;\u00e1gua \/ E o cora\u00e7\u00e3o ferido&#8221; <\/i>&#8211; ou a genial &#8220;Acontece&#8221; (acima, Cartola cantando com o luxuoso acompanhamento de Paulinho da Viola):<\/p>\n<p><i>&#8220;Esquece o nosso amor, v\u00ea se esquece.<br \/>Porque tudo no mundo acontece<br \/>E acontece que eu j\u00e1 n\u00e3o sei mais amar.<br \/>Vai chorar, vai sofrer, e voc\u00ea n\u00e3o merece,<br \/>Mas isso acontece.<br \/>Acontece que o meu cora\u00e7\u00e3o ficou frio<br \/>E o nosso ninho de amor est\u00e1 vazio.<br \/>Se eu ainda pudesse fingir que te amo,<br \/>Ah, se eu pudesse<br \/>Mas n\u00e3o quero, n\u00e3o devo faz\u00ea-lo,<br \/>Isso n\u00e3o acontece.&#8221;<\/i><\/p>\n<p>Isso sem falar de can\u00e7\u00f5es como &#8220;As Rosas N\u00e3o Falam&#8221;, &#8220;Tive Sim&#8221;, &#8220;Autonomia&#8221; e &#8220;Basta de Clamares Inoc\u00eancia&#8221;. Poesias musicadas por um autor que mal o curso prim\u00e1rio tinha. Entretanto, o talento era mais forte que a falta de estudo formal, era mais forte que as dificuldades da vida e representavam um tempo onde, bem ou mal, a cultura de qualidade chegavam mais facilmente ao grande p\u00fablico.<\/p>\n<p>Hoje o que vende s\u00e3o bobagens como <i>&#8220;te dei o sol, te dei o mar \/ pra ganhar seu cora\u00e7\u00e3o \/ voc\u00ea \u00e9 raio de saudade \/ meteoro da paix\u00e3o&#8221;<\/i>, &#8216;cantadas&#8217; pelo j\u00e1 citado Luan Santana. Se bem que eu talvez esteja errado: afinal de contas, ele j\u00e1 tem um jatinho de sua propriedade e n\u00e3o precisa dar expediente de nove \u00e0s seis como o titular deste blog&#8230;<\/p>\n<p>Finalizando, devo dizer que me vi aos prantos diversas vezes durante o programa: Cartola, sua vida e suas m\u00fasicas fizeram me aflorar muitas emo\u00e7\u00f5es represadas. Para quem se dizia incapaz de chorar, foi uma surpresa e tanto &#8211; e que me fez parar para pensar em muitas, muitas coisas.<\/p>\n<p>Infelizmente ainda n\u00e3o vi o programa dispon\u00edvel na internet, mas assim que estiver, leitor, n\u00e3o perca tempo: veja.<\/p>\n<p>Indispens\u00e1vel.<\/p><\/div>\n<div><\/div>\n<div><\/div>\n","protected":false},"excerpt":{"rendered":"<p>Na \u00faltima sexta feira, apresentou-se o programa sobre Cartola da s\u00e9rie &#8220;Por Toda a Minha Vida&#8221;, da Rede Globo de Televis\u00e3o. Normalmente estes programas s\u00e3oTour Details<\/p>\n","protected":false},"author":2,"featured_media":0,"comment_status":"open","ping_status":"open","sticky":false,"template":"","format":"standard","meta":{"footnotes":""},"categories":[289],"tags":[19,15,87],"class_list":["post-11562","post","type-post","status-publish","format-standard","hentry","category-pedro-migao","tag-escolas-de-samba","tag-musica","tag-televisao"],"_links":{"self":[{"href":"https:\/\/www.pedromigao.com.br\/ourodetolo\/wp-json\/wp\/v2\/posts\/11562","targetHints":{"allow":["GET"]}}],"collection":[{"href":"https:\/\/www.pedromigao.com.br\/ourodetolo\/wp-json\/wp\/v2\/posts"}],"about":[{"href":"https:\/\/www.pedromigao.com.br\/ourodetolo\/wp-json\/wp\/v2\/types\/post"}],"author":[{"embeddable":true,"href":"https:\/\/www.pedromigao.com.br\/ourodetolo\/wp-json\/wp\/v2\/users\/2"}],"replies":[{"embeddable":true,"href":"https:\/\/www.pedromigao.com.br\/ourodetolo\/wp-json\/wp\/v2\/comments?post=11562"}],"version-history":[{"count":0,"href":"https:\/\/www.pedromigao.com.br\/ourodetolo\/wp-json\/wp\/v2\/posts\/11562\/revisions"}],"wp:attachment":[{"href":"https:\/\/www.pedromigao.com.br\/ourodetolo\/wp-json\/wp\/v2\/media?parent=11562"}],"wp:term":[{"taxonomy":"category","embeddable":true,"href":"https:\/\/www.pedromigao.com.br\/ourodetolo\/wp-json\/wp\/v2\/categories?post=11562"},{"taxonomy":"post_tag","embeddable":true,"href":"https:\/\/www.pedromigao.com.br\/ourodetolo\/wp-json\/wp\/v2\/tags?post=11562"}],"curies":[{"name":"wp","href":"https:\/\/api.w.org\/{rel}","templated":true}]}}