{"id":11546,"date":"2011-03-29T16:42:00","date_gmt":"2011-03-29T18:42:00","guid":{"rendered":"http:\/\/www.pedromigao.com.br\/ourodetolo\/2011\/03\/licao-de-vida\/"},"modified":"2011-03-29T16:42:00","modified_gmt":"2011-03-29T18:42:00","slug":"licao-de-vida","status":"publish","type":"post","link":"https:\/\/www.pedromigao.com.br\/ourodetolo\/2011\/03\/licao-de-vida\/","title":{"rendered":"Li\u00e7\u00e3o de Vida"},"content":{"rendered":"<div><a href=\"http:\/\/1.bp.blogspot.com\/_KYflagr2MuI\/Sry8vWzJQAI\/AAAAAAAAA7M\/90E9DOC4Q5M\/s1600-h\/jos%C3%A9+alencar.jpg\" imageanchor=\"1\"><img decoding=\"async\" border=\"0\" src=\"http:\/\/www.pedromigao.com.br\/ourodetolo\/wp-content\/uploads\/2011\/03\/jos%C3%A9+alencar.jpg\"><\/a><i>Republico texto escrito originalmente em setembro de 2009, como homenagem ao ex-vice presidente Jos\u00e9 Alencar, falecido no dia de hoje ap\u00f3s longa batalha contra o c\u00e2ncer. Que descanse em paz.<\/i><\/p>\n<p><i><a href=\"http:\/\/pedromigao.blogspot.com\/2011\/02\/resenha-literaria-jose-alencar-amor.html\">Aqui o leitor pode ler a resenha de sua biografia, que escrevi recentemente<\/a>.<\/i><\/p>\n<p>&#8220;Tenho profunda admira\u00e7\u00e3o por seres humanos que superaram os seus limites e empreenderam conquistas consideradas inimagin\u00e1veis.<\/p><\/div>\n<div><\/div>\n<div>Quero falar aqui da li\u00e7\u00e3o de vida que o vice-presidente Jos\u00e9 Alencar est\u00e1 dando em todos n\u00f3s.<\/div>\n<div><\/div>\n<div>N\u00e3o falo aqui do pol\u00edtico nem do empres\u00e1rio. Mas sim do ser humano que luta h\u00e1 muitos anos com uma grav\u00edssima doen\u00e7a e que nunca perdeu a esperan\u00e7a.<\/div>\n<div><\/div>\n<div>Nem o bom humor. Li hoje que \u00e0 sa\u00edda de mais uma sess\u00e3o de quimioterapia ele comentou que &#8220;<i>estou chateado: continuo jogando as minhas peladas mas n\u00e3o consigo subir no alambrado para comemorar os gols&#8221;<\/i>. Qualquer outro na situa\u00e7\u00e3o dele, provavelmente, j\u00e1 teria se retirado para uma de suas fazendas a fim de descansar em paz.<\/div>\n<div><\/div>\n<div>Mas n\u00e3o: ele gosta de viver a vida, gosta de realiza\u00e7\u00f5es, luta enquanto h\u00e1 esperan\u00e7a. Obviamente que ele tem acesso a tratamentos que uma pessoa do extrato m\u00e9dio da sociedade talvez n\u00e3o tivesse; contudo, o que quero ressaltar \u00e9 esta gana de viver, que independe de ter ou n\u00e3o dispon\u00edveis os melhores m\u00e9dicos e rem\u00e9dios.<\/div>\n<div><\/div>\n<div>Por isso, ele \u00e9 para mim um exemplo: mesmo realizado na vida empresarial e na pol\u00edtica, continua com sede de vida, com o sentimento de que muito precisa ser feito e de que pode e deve servir e fazer mais. Muitas vezes, n\u00f3s perfeitamente saud\u00e1veis, com vidas estabilizadas, reclamamos de situa\u00e7\u00f5es que, comparadas, n\u00e3o s\u00e3o um fio de cabelo.<\/div>\n<div><\/div>\n<div>Nada nos satisfaz, nada est\u00e1 bom, tudo \u00e9 ruim. Quando pensarmos assim, lembremos de nosso vice presidente; que vive no limite mas n\u00e3o desiste, que vive em situa\u00e7\u00e3o extrema, dor extrema, luta extrema, suor e sangue derramados em busca de um dia a mais do milagre da vida. Veremos que falamos e pensamos um monte de bobagens.<\/div>\n<div><\/div>\n<div>Como disse no in\u00edcio, n\u00e3o discuto aqui o empres\u00e1rio nem o pol\u00edtico. Admiro o homem, sua guerra pela vida e o senso de nunca se abater nem lamuriar de qualquer que seja. Os dias s\u00e3o muito curtos para serem desperdi\u00e7ados em lam\u00farias.<\/div>\n<div><\/div>\n<div>Boa sorte, Jos\u00e9 Alencar. O Ouro de Tolo torce por sua batalha e, neste momento em que o desenlace for inevit\u00e1vel, que saia da vida para entrar na hist\u00f3ria. N\u00e3o pela pol\u00edtica, n\u00e3o pelo empres\u00e1rio.<\/div>\n<div><\/div>\n<div>Mas pelo exemplo.&#8221;<\/p>\n<\/div>\n","protected":false},"excerpt":{"rendered":"<p>Republico texto escrito originalmente em setembro de 2009, como homenagem ao ex-vice presidente Jos\u00e9 Alencar, falecido no dia de hoje ap\u00f3s longa batalha contra oTour Details<\/p>\n","protected":false},"author":2,"featured_media":0,"comment_status":"open","ping_status":"open","sticky":false,"template":"","format":"standard","meta":{"footnotes":""},"categories":[289],"tags":[24,6],"class_list":["post-11546","post","type-post","status-publish","format-standard","hentry","category-pedro-migao","tag-politica","tag-vida-cotidiana"],"_links":{"self":[{"href":"https:\/\/www.pedromigao.com.br\/ourodetolo\/wp-json\/wp\/v2\/posts\/11546","targetHints":{"allow":["GET"]}}],"collection":[{"href":"https:\/\/www.pedromigao.com.br\/ourodetolo\/wp-json\/wp\/v2\/posts"}],"about":[{"href":"https:\/\/www.pedromigao.com.br\/ourodetolo\/wp-json\/wp\/v2\/types\/post"}],"author":[{"embeddable":true,"href":"https:\/\/www.pedromigao.com.br\/ourodetolo\/wp-json\/wp\/v2\/users\/2"}],"replies":[{"embeddable":true,"href":"https:\/\/www.pedromigao.com.br\/ourodetolo\/wp-json\/wp\/v2\/comments?post=11546"}],"version-history":[{"count":0,"href":"https:\/\/www.pedromigao.com.br\/ourodetolo\/wp-json\/wp\/v2\/posts\/11546\/revisions"}],"wp:attachment":[{"href":"https:\/\/www.pedromigao.com.br\/ourodetolo\/wp-json\/wp\/v2\/media?parent=11546"}],"wp:term":[{"taxonomy":"category","embeddable":true,"href":"https:\/\/www.pedromigao.com.br\/ourodetolo\/wp-json\/wp\/v2\/categories?post=11546"},{"taxonomy":"post_tag","embeddable":true,"href":"https:\/\/www.pedromigao.com.br\/ourodetolo\/wp-json\/wp\/v2\/tags?post=11546"}],"curies":[{"name":"wp","href":"https:\/\/api.w.org\/{rel}","templated":true}]}}