{"id":11529,"date":"2011-04-08T12:35:00","date_gmt":"2011-04-08T14:35:00","guid":{"rendered":"http:\/\/www.pedromigao.com.br\/ourodetolo\/2011\/04\/gracias-a-la-vida-o-disco\/"},"modified":"2011-04-08T12:35:00","modified_gmt":"2011-04-08T14:35:00","slug":"gracias-a-la-vida-o-disco","status":"publish","type":"post","link":"https:\/\/www.pedromigao.com.br\/ourodetolo\/2011\/04\/gracias-a-la-vida-o-disco\/","title":{"rendered":"Gracias a La Vida &#8211; O Disco"},"content":{"rendered":"<div><a href=\"http:\/\/3.bp.blogspot.com\/-iRlKbMHpomk\/TZz_tA5WS-I\/AAAAAAAADeo\/Ts1X-TdWVxQ\/s1600\/Joan_Baez-Gracias_A_La_Vida-Frontal.jpg\" imageanchor=\"1\"><img loading=\"lazy\" decoding=\"async\" border=\"0\" height=\"320\" src=\"http:\/\/www.pedromigao.com.br\/ourodetolo\/wp-content\/uploads\/2011\/04\/Joan_Baez-Gracias_A_La_Vida-Frontal.jpg\" width=\"320\"><\/a><\/div>\n<p><\/p>\n<div><a href=\"http:\/\/www.twitter.com\/pedromigao\">Quem me acompanha no Twitter<\/a> sabe que h\u00e1 tempos venho dizendo que o melhor CD &#8211; na verdade, o velho LP &#8211; que havia ouvido ano passado havia sido este &#8220;Gracias a La Vida&#8221;.<\/div>\n<div><\/div>\n<div>Gravado pela cantora norte americana Joan Baez &#8211; que este ano completou setenta anos de idade &#8211; o disco re\u00fane apenas can\u00e7\u00f5es latino americanas, em l\u00edngua espanhola e, especialmente, chilenas. Joan Baez sempre teve intensa atividade pol\u00edtica e gravou este disco de can\u00e7\u00f5es cl\u00e1ssicas, em espanhol, como protesto contra as ditaduras de ent\u00e3o no continente latino americano. Em especial a carniceira ditadura de Augusto Pinochet no Chile.<\/div>\n<div><\/div>\n<div>Entretanto, trinta e sete anos depois de seu lan\u00e7amento &#8211; exatamente a idade que completarei em novembro pr\u00f3ximo &#8211; o disco conserva um frescor e uma vitalidade que faltam em muitos lan\u00e7amentos mais recentes. S\u00e3o can\u00e7\u00f5es firmes, vigorosas, de protesto, mas com riqueza mel\u00f3dica encantadora e embaladas pela doce e firme voz da cantora americana.<\/div>\n<div><\/div>\n<div>Nas catorze can\u00e7\u00f5es do disco figuram cl\u00e1ssicos como &#8220;Gracias a La Vida&#8221; &#8211; <a href=\"http:\/\/pedromigao.blogspot.com\/2010\/07\/final-de-semana-gracias-la-vida.html\">cuja hist\u00f3ria j\u00e1 contei aqui anteriormente<\/a> e se tornou um hino contra a ditadura n\u00e3o somente chilena como aqui no Brasil, &#8220;Guantanamera&#8221;, &#8220;La Llorona&#8221; e &#8220;El Preso Numero Nueve&#8221;, entre outros. \u00c9, claramente, uma &#8216;obra de guerrilha&#8221;, mas mostrando que se pode fazer arte de resist\u00eancia com alta qualidade.<\/div>\n<div><\/div>\n<div>O momento \u00e9 outro, a democracia grassa no continente, mas o \u00e1lbum permaneceu. E permite a um brasileiro, em 2010, descobri-lo e se encantar por ele. Indispens\u00e1vel a quem gosta de boa m\u00fasica.<\/div>\n<div><\/div>\n<div>Como o disco n\u00e3o est\u00e1 em cat\u00e1logo aqui no Brasil, <a href=\"http:\/\/www.4shared.com\/file\/MFAcbkoy\/1974_Gracias_a_la_Vida.html\">disponibilizo para download, em arquivo compactado, aqui<\/a>. Deleite-se.<\/div>\n<div><\/div>\n<div>As can\u00e7\u00f5es do disco s\u00e3o as seguintes:<\/div>\n<div><\/div>\n<div><a href=\"http:\/\/4.bp.blogspot.com\/-hpb86VnEObw\/TZ0FTGMnIBI\/AAAAAAAADes\/RfK-F7eFhRI\/s1600\/joan+baez+gracias+a+la+vida.jpg\" imageanchor=\"1\"><img loading=\"lazy\" decoding=\"async\" border=\"0\" height=\"331\" src=\"http:\/\/www.pedromigao.com.br\/ourodetolo\/wp-content\/uploads\/2011\/04\/joan+baez+gracias+a+la+vida.jpg\" width=\"400\"><\/a><\/div>\n<div><\/div>\n<div>Abaixo o leitor pode ouvir uma nova vers\u00e3o de &#8220;Gracias a La Vida&#8221;, gravada na Fran\u00e7a em 2000.<\/div>\n<div><\/div>\n<div><\/div>\n<p>E, para fechar esta dica musical de sexta feira, &#8220;La Llorona&#8221; &#8211; que, ali\u00e1s, tamb\u00e9m foi tema recente da coluna &#8220;Final de Semana&#8221;:<\/p>\n<p>Mais tarde, voltaremos ao Anos 60. Aguardem.<\/p>\n","protected":false},"excerpt":{"rendered":"<p>Quem me acompanha no Twitter sabe que h\u00e1 tempos venho dizendo que o melhor CD &#8211; na verdade, o velho LP &#8211; que havia ouvidoTour Details<\/p>\n","protected":false},"author":2,"featured_media":0,"comment_status":"open","ping_status":"open","sticky":false,"template":"","format":"standard","meta":{"footnotes":""},"categories":[289],"tags":[112,15],"class_list":["post-11529","post","type-post","status-publish","format-standard","hentry","category-pedro-migao","tag-joan-baez","tag-musica"],"_links":{"self":[{"href":"https:\/\/www.pedromigao.com.br\/ourodetolo\/wp-json\/wp\/v2\/posts\/11529","targetHints":{"allow":["GET"]}}],"collection":[{"href":"https:\/\/www.pedromigao.com.br\/ourodetolo\/wp-json\/wp\/v2\/posts"}],"about":[{"href":"https:\/\/www.pedromigao.com.br\/ourodetolo\/wp-json\/wp\/v2\/types\/post"}],"author":[{"embeddable":true,"href":"https:\/\/www.pedromigao.com.br\/ourodetolo\/wp-json\/wp\/v2\/users\/2"}],"replies":[{"embeddable":true,"href":"https:\/\/www.pedromigao.com.br\/ourodetolo\/wp-json\/wp\/v2\/comments?post=11529"}],"version-history":[{"count":0,"href":"https:\/\/www.pedromigao.com.br\/ourodetolo\/wp-json\/wp\/v2\/posts\/11529\/revisions"}],"wp:attachment":[{"href":"https:\/\/www.pedromigao.com.br\/ourodetolo\/wp-json\/wp\/v2\/media?parent=11529"}],"wp:term":[{"taxonomy":"category","embeddable":true,"href":"https:\/\/www.pedromigao.com.br\/ourodetolo\/wp-json\/wp\/v2\/categories?post=11529"},{"taxonomy":"post_tag","embeddable":true,"href":"https:\/\/www.pedromigao.com.br\/ourodetolo\/wp-json\/wp\/v2\/tags?post=11529"}],"curies":[{"name":"wp","href":"https:\/\/api.w.org\/{rel}","templated":true}]}}