{"id":11500,"date":"2011-05-02T07:45:00","date_gmt":"2011-05-02T09:45:00","guid":{"rendered":"http:\/\/www.pedromigao.com.br\/ourodetolo\/2011\/05\/flamengo-vasco-os-vice-campeonatos-e-a-psicologia-do-futebol\/"},"modified":"2011-05-02T07:45:00","modified_gmt":"2011-05-02T09:45:00","slug":"flamengo-vasco-os-vice-campeonatos-e-a-psicologia-do-futebol","status":"publish","type":"post","link":"https:\/\/www.pedromigao.com.br\/ourodetolo\/2011\/05\/flamengo-vasco-os-vice-campeonatos-e-a-psicologia-do-futebol\/","title":{"rendered":"Flamengo, Vasco, os vice campeonatos e a psicologia do futebol"},"content":{"rendered":"<div><a href=\"http:\/\/3.bp.blogspot.com\/-scvj4tWreb4\/Tb3w33RYfPI\/AAAAAAAADgc\/UTel9auw1DY\/s1600\/Flamengo_Campe_o_Carioca_2011.jpg\" imageanchor=\"1\"><img loading=\"lazy\" decoding=\"async\" border=\"0\" height=\"268\" src=\"http:\/\/www.pedromigao.com.br\/ourodetolo\/wp-content\/uploads\/2011\/05\/Flamengo_Campe_o_Carioca_2011.jpg\" width=\"400\"><\/a><\/div>\n<p><\/p>\n<div>Bom, mais um Campeonato Estadual e mais um t\u00edtulo rubro-negro, o quarto nos \u00faltimos cinco anos.<\/div>\n<div><\/div>\n<div>N\u00e3o estive no Engenh\u00e3o desta vez. Optei por ver no conforto de casa, sem pegar sol, com cerveja gelada &#8211; desta vez Carlsberg &#8211; e imagem em alta defini\u00e7\u00e3o. Ando meio sem paci\u00eancia para grandes multid\u00f5es, como j\u00e1 disse outras vezes.<\/div>\n<div><\/div>\n<div>Entretanto, o tema de hoje n\u00e3o \u00e9 o merecido trig\u00e9simo segundo t\u00edtulo carioca do &#8220;Mais Querido&#8221;. At\u00e9 porque tem sido uma rotina nos \u00faltimos tempos, entretanto o time precisa melhorar se quiser conseguir um bom resultado nos pr\u00f3ximos campeonatos a n\u00edvel nacional e internacional.<\/div>\n<div><\/div>\n<div>Quero falar de algo que desafia (ainda bem) todas as probabilidades estat\u00edsticas: a superioridade do Flamengo sobre o Vasco em partidas decisivas. Desde 1988 que n\u00e3o perdemos para o clube de S\u00e3o Janu\u00e1rio uma final de campeonato &#8211; contabilizando Cariocas, Brasileiros, Copas do Brasil e demais competi\u00e7\u00f5es &#8211; e a \u00faltima vit\u00f3ria vasca\u00edna em finais de turno do Estadual foi em 2000.<\/div>\n<div><\/div>\n<div>De cinco, seis anos para c\u00e1 mesmo em semifinais de turno a escrita vem se mantendo. Tornou-se algo psicol\u00f3gico: basta ver as camisas vermelhas e pretas do outro lado que o time de S\u00e3o Crist\u00f3v\u00e3o j\u00e1 se sente derrotado.<\/div>\n<div><\/div>\n<div>Isto ficou claro ontem: o jogo foi equilibrado, t\u00edpico daqueles em que onde o time que marca primeiro vence, mas o Vasco mostrou uma timidez t\u00edpica daqueles que temem. Nas cobran\u00e7as de p\u00eanaltis o destempero mostrado pelo advers\u00e1rio foi n\u00edtido daqueles que j\u00e1 se sentem derrotados.<\/div>\n<div><\/div>\n<div>Desde o long\u00ednquo gol de Cocada em 22 de junho de 1988 n\u00e3o sabemos o que \u00e9 derrota para o Vasco em uma decis\u00e3o. Fomos vitoriosos em 1999, 2000, 2001, 2004 e na Copa do Brasil em 2006, bem como campe\u00f5es sem necessidade de decis\u00e3o em 1996 e neste ano.\u00a0<\/div>\n<div><\/div>\n<div>Brinco dizendo que em 1988 eu estava na oitava s\u00e9rie do Col\u00e9gio Anglo Americano da Barra da Tijuca, que era quase um areal: hoje o bairro est\u00e1 bem mais ocupado, eu fiz segundo grau, faculdade, tenho quinze anos de atua\u00e7\u00e3o no mercado e continuo ganhando todas do advers\u00e1rio preto e branco.<\/div>\n<div><\/div>\n<div>Curioso \u00e9 que no <a href=\"http:\/\/www.netvasco.com.br\/forum\/viewthread.php?fid=185&#038;tid=32203&#038;action=printable\">principal site de torcedores vasca\u00ednos o sentimento de inferioridade prevalece<\/a>: basta ver o lamento de torcedores dizendo que<i> &#8220;somos fregueses mesmo&#8221;, &#8220;que nunca ganharemos&#8221;, &#8220;\u00e9 uma fatalidade&#8221;<\/i> e coisas do tipo. Assumiram a inferioridade e o fato de ganhar do Flamengo em uma decis\u00e3o tornou-se um &#8220;nirvana&#8221; inalcan\u00e7\u00e1vel.<\/div>\n<div><\/div>\n<div>Tal press\u00e3o, a meu ver, vem muito do mandato do ex-presidente Eurico Miranda \u00e0 frente do clube. Em sua gest\u00e3o vencer o Flamengo passou a ser mais importante que conquistar t\u00edtulos, o que colocou um peso absolutamente desnecess\u00e1rio nos ombros das equipes vasca\u00ednas. Basta lembrar o tricampeonato rubro-negro entre 1999 e 2001, onde t\u00ednhamos times claramente inferiores. Mas ainda assim vencemos.<\/div>\n<div><\/div>\n<div>O que se observa \u00e9 que a orienta\u00e7\u00e3o do ex-presidente claramente enfraqueceu a equipe, somada a outros fatores. O clube vem de oito anos sem t\u00edtulos expressivos (Segundona n\u00e3o conta) e cada vez mais se bloqueando nos momentos decisivos. Por outro lado, o &#8220;Mais Querido&#8221; vem a cada dia mais confiante, o que causa um efeito positivo sobre o desempenho. Hoje, se colocarmos onze cabos de vassoura com a camisa vermelha e preta em um jogo decisivo venceremos o Vasco.<\/div>\n<div><\/div>\n<div>Al\u00e9m disso a sequ\u00eancia de vice-campeonatos tornou o clube estigmatizado: ser vasca\u00edno, hoje, tornou-se sin\u00f4nimo de &#8220;perdedor&#8221;. \u00c9 um caminho que j\u00e1 foi tra\u00e7ado por outros clubes que hoje amargam o ostracismo, tal como o Am\u00e9rica carioca, hoje na Segundona Carioca mais uma vez e longe das competi\u00e7\u00f5es nacionais. Apenas um trabalho de conscientiza\u00e7\u00e3o poder\u00e1 reverter esta tend\u00eancia.<\/div>\n<div><\/div>\n<div>Por meu turno, como rubro-negro tenho apenas que saborear esta s\u00e9rie de vit\u00f3rias desafiadoras da estat\u00edstica e torcer para que se mantenha por um longo tempo. Abaixo o leitor poder\u00e1 ver, sem narra\u00e7\u00e3o, os p\u00eanaltis de ontem.<\/div>\n<div><\/div>\n<div><\/div>\n<p><a href=\"http:\/\/mais.uol.com.br\/view\/11247327\">Flamengo vence o Vasco nos p\u00eanaltis e conquista o estadual<\/a><\/p>\n<p>\u00c9 Campe\u00e3o!<\/p>\n","protected":false},"excerpt":{"rendered":"<p>Bom, mais um Campeonato Estadual e mais um t\u00edtulo rubro-negro, o quarto nos \u00faltimos cinco anos. N\u00e3o estive no Engenh\u00e3o desta vez. Optei por verTour Details<\/p>\n","protected":false},"author":2,"featured_media":0,"comment_status":"open","ping_status":"open","sticky":false,"template":"","format":"standard","meta":{"footnotes":""},"categories":[289],"tags":[42,37,95],"class_list":["post-11500","post","type-post","status-publish","format-standard","hentry","category-pedro-migao","tag-flamengo","tag-futebol","tag-vasco"],"_links":{"self":[{"href":"https:\/\/www.pedromigao.com.br\/ourodetolo\/wp-json\/wp\/v2\/posts\/11500","targetHints":{"allow":["GET"]}}],"collection":[{"href":"https:\/\/www.pedromigao.com.br\/ourodetolo\/wp-json\/wp\/v2\/posts"}],"about":[{"href":"https:\/\/www.pedromigao.com.br\/ourodetolo\/wp-json\/wp\/v2\/types\/post"}],"author":[{"embeddable":true,"href":"https:\/\/www.pedromigao.com.br\/ourodetolo\/wp-json\/wp\/v2\/users\/2"}],"replies":[{"embeddable":true,"href":"https:\/\/www.pedromigao.com.br\/ourodetolo\/wp-json\/wp\/v2\/comments?post=11500"}],"version-history":[{"count":0,"href":"https:\/\/www.pedromigao.com.br\/ourodetolo\/wp-json\/wp\/v2\/posts\/11500\/revisions"}],"wp:attachment":[{"href":"https:\/\/www.pedromigao.com.br\/ourodetolo\/wp-json\/wp\/v2\/media?parent=11500"}],"wp:term":[{"taxonomy":"category","embeddable":true,"href":"https:\/\/www.pedromigao.com.br\/ourodetolo\/wp-json\/wp\/v2\/categories?post=11500"},{"taxonomy":"post_tag","embeddable":true,"href":"https:\/\/www.pedromigao.com.br\/ourodetolo\/wp-json\/wp\/v2\/tags?post=11500"}],"curies":[{"name":"wp","href":"https:\/\/api.w.org\/{rel}","templated":true}]}}