{"id":11477,"date":"2011-05-17T08:42:00","date_gmt":"2011-05-17T10:42:00","guid":{"rendered":"http:\/\/www.pedromigao.com.br\/ourodetolo\/2011\/05\/jogo-misto-especial-pedro-migao\/"},"modified":"2011-05-17T08:42:00","modified_gmt":"2011-05-17T10:42:00","slug":"jogo-misto-especial-pedro-migao","status":"publish","type":"post","link":"https:\/\/www.pedromigao.com.br\/ourodetolo\/2011\/05\/jogo-misto-especial-pedro-migao\/","title":{"rendered":"Jogo Misto Especial &#8211; Pedro Mig\u00e3o"},"content":{"rendered":"<div><a href=\"http:\/\/3.bp.blogspot.com\/-rvG3CbfsOHQ\/Tc38BZq65gI\/AAAAAAAADj0\/wC7keuGVT8I\/s1600\/Bahia_Fotos_Fev_2011+025.JPG\" imageanchor=\"1\"><img loading=\"lazy\" decoding=\"async\" border=\"0\" height=\"300\" src=\"http:\/\/www.pedromigao.com.br\/ourodetolo\/wp-content\/uploads\/2011\/05\/Bahia_Fotos_Fev_2011+025.jpg\" width=\"400\"><\/a><\/div>\n<p><\/p>\n<div><i>Pedro Mig\u00e3o, 37 anos a completar em novembro, economista. Petroleiro, blogueiro, messi\u00e2nico, carioca, rubro negro e portelense. Pai da Maria Clara e da Ana Luisa &#8211; na foto, em Salvador no in\u00edcio do ano.<\/i><\/div>\n<div><i><br \/><\/i><\/div>\n<div><i>Neste anivers\u00e1rio do blog, o dono deste espa\u00e7o e editor chefe passa pelas perguntas de seus colunistas. Uma boa forma de entender o pensamento de quem faz o Ouro de Tolo. Let\u00b4s go!<\/i><\/div>\n<div><i><br \/><\/i><\/div>\n<div><i>1 &#8211; Por qu\u00ea decidiu criar o Ouro de Tolo? (Alo\u00edsio Villar, Fabricio Gomes e Anna Barros)<\/i><\/div>\n<div><\/div>\n<div>PM &#8211; Foi uma forma de sair um pouco da rotina massacrante que vivia \u00e0 \u00e9poca. Al\u00e9m disso,ter um espa\u00e7o onde tivesse liberdade de escrever o que pensava.<\/div>\n<div><\/div>\n<div><i>2 &#8211; Quais as dificuldades de se manter um blog? (AB)<\/i><\/div>\n<div><\/div>\n<div>PM &#8211; No meu caso, basicamente, tempo. Normalmente escrevo dois, tr\u00eas posts de uma vez e programo para &#8220;subir&#8221; aos poucos. O fato de ter colunistas e manter o blog como uma esp\u00e9cie de &#8220;revista&#8221; ajuda muito, tamb\u00e9m.<\/div>\n<div><\/div>\n<div><i>3 &#8211; Um momento importante do blog, algo que tenha dado orgulho (AV)<\/i><\/div>\n<div><\/div>\n<div>PM &#8211; A passagem da coluna &#8220;Samba de Ter\u00e7a&#8221; para o Galeria do Samba, <a href=\"http:\/\/pedromigao.blogspot.com\/2011\/03\/jogo-misto-major-luiz-alexandre.html\">as entrevistas do Major Luiz Alexandre<\/a> e do <a href=\"http:\/\/pedromigao.blogspot.com\/2011\/03\/jogo-misto-ricardo-kotscho_25.html\">Ricardo Kotscho<\/a> para a coluna &#8220;Jogo Misto&#8221; e o <a href=\"http:\/\/pedromigao.blogspot.com\/2010\/10\/o-voto-e-o-preconceito-de-classe.html\">texto sobre preconceito de classe que rodou o Brasil<\/a> foram tr\u00eas bons momentos.<\/div>\n<div><\/div>\n<div><i>4 &#8211; O que mais o agrada no Blog Ouro de Tolo? (AB)<\/i><\/div>\n<div><\/div>\n<div>PM &#8211; Sem d\u00favida alguma, o esp\u00edrito absolutamente democr\u00e1tico e de respeito \u00e0 discord\u00e2ncia de opini\u00f5es. Posso discordar do que escreves, mas aqui se ter\u00e1 espa\u00e7o de expressar sua opini\u00e3o.<\/div>\n<div><\/div>\n<div>Ultimamente existe uma esp\u00e9cie de &#8220;ca\u00e7a \u00e0 disson\u00e2ncia&#8221;, com cada vez maior intoler\u00e2ncia, mas aqui isto n\u00e3o existe. Mas n\u00e3o espere isen\u00e7\u00e3o, porque aqui temos opini\u00e3o &#8211; n\u00e3o tenho pretens\u00f5es jornal\u00edsticas estritas.<\/div>\n<div><\/div>\n<div><i>5 &#8211; Como consegue conciliar sua vida profissional, descanso e manuten\u00e7\u00e3o do blog? (AV)<\/i><\/div>\n<div><\/div>\n<div>PM- Fazendo uma coisa de cada vez e aproveitando todos os espa\u00e7os de tempo poss\u00edveis. Mas h\u00e1 horas em que precisamos ser verdadeiros equilibristas.<\/div>\n<div><\/div>\n<div><i>6 &#8211; O Ouro de Tolo \u00e9 um blog &#8220;de esquerda&#8221;? Ou o que seria, ent\u00e3o? (Affonso Romero)<\/i><\/div>\n<div><\/div>\n<div>PM &#8211; N\u00e3o diria &#8220;de esquerda&#8221;. Diria que \u00e9 um blog que tenta ser &#8220;progressista&#8221;, em uma linha seguida por outros blogs pol\u00edticos.<\/div>\n<div><\/div>\n<div>Minha linha ideol\u00f3gica seria a social democracia, ou seja,um capitalismo com um sistema social de prote\u00e7\u00e3o e inclus\u00e3o forte. Na teoria econ\u00f4mica, definiria-me como &#8220;keynesiano&#8221;, ou seja, o Estado com um papel forte e indutor na Economia.<\/div>\n<div><\/div>\n<div><i>7 &#8211; Como voc\u00ea v\u00ea o futuro do blog? (AV)<\/i><\/div>\n<div><\/div>\n<div>PM &#8211; Cada vez mais como uma &#8220;revista eletr\u00f4nica&#8221;, onde eu tenho um espa\u00e7o para escrever mas tamb\u00e9m ter uma equipe altamente qualificada, como j\u00e1 \u00e9 hoje. Talvez futuramente sair para um dom\u00ednio pr\u00f3prio ou\u00a0mesmo\u00a0um destes portais,quem sabe.<\/div>\n<div><\/div>\n<div>Mas sem perder a\u00a0caracter\u00edstica\u00a0de buscar o lado inusual da vida e n\u00e3o apelar para futilidades como celebridades e coisas correlatas. Quero qualidade, n\u00e3o quantidade.<\/div>\n<div><\/div>\n<div><i>8 &#8211; Mig\u00e3o, blogueiragem \u00e9 o jornalismo do futuro? (AR)<\/i><\/div>\n<div><\/div>\n<div>PM &#8211; Boa pergunta. Diria que, hoje, \u00e9 um contraponto \u00e0 velha m\u00eddia, mais preocupada em se comportar como um partido pol\u00edtico que em fazer jornalismo. Os blogs arejaram o acesso \u00e0 informa\u00e7\u00e3o, com opini\u00e3o qualificada, e isso \u00e9 salutar. Todavia, n\u00e3o podemos menosprezar o poder econ\u00f4mico dos grandes grupos.<\/div>\n<div><\/div>\n<div><i>9 &#8211; O que teria feito diferente se come\u00e7asse o blog hoje? (AV)<\/i><\/div>\n<div><\/div>\n<div>PM &#8211; Nada. Ele \u00e9 como um filho que ganha vida pr\u00f3pria- \u00a0n\u00e3o necessariamente a desejada pelo pai.<\/div>\n<div><\/div>\n<div><i>10 &#8211; A maioria dos colunistas da ODT n\u00e3o se conhecem pessoalmente entre si. Temos independ\u00eancia e liberdade total de express\u00e3o aqui. Entretanto, eu percebo uma sintonia, e at\u00e9 um certo modo &#8220;Ouro de Tolo&#8221; de escrever e pensar. Na sua vis\u00e3o, existe esta sintonia? E, se existe, como chegamos a ela aqui no blog? (AR)<\/i><\/div>\n<div><\/div>\n<div>PM &#8211; Talvez esta sintonia, que eu tamb\u00e9m percebo, venha da linha adotada pelo blog de sempre respeitar as opini\u00f5es discordantes e estimular o debate. O ponto de uni\u00e3o dos textos, a meu ver, \u00e9 a\u00a0tentativa\u00a0de abordar os assuntos sob uma perspectiva diferente da encontrada nos grandes ve\u00edculos, com firmeza de posicionamento e temas variados.<\/div>\n<div><\/div>\n<div><i>11 &#8211; Fa\u00e7a um balan\u00e7o do governo Dilma at\u00e9 o momento, destacando pontos positivos e pontos negativos (FG)<\/i><\/div>\n<div><\/div>\n<div>PM &#8211; Como pontos positivos destaco a manuten\u00e7\u00e3o da pol\u00edtica social de Lula e a reafirma\u00e7\u00e3o do petr\u00f3leo como estrat\u00e9gico para um projeto de na\u00e7\u00e3o.\u00a0<\/div>\n<div><\/div>\n<div>Os pontos negativos s\u00e3o a manuten\u00e7\u00e3o da pol\u00edtica de juros reais altos, que acaba apreciando o c\u00e2mbio, e a ca\u00f3tica gest\u00e3o da Cultura.<\/div>\n<div><\/div>\n<div><i>12 &#8211; Na qualidade de petroleiro, como voc\u00ea interpreta as cr\u00edticas de que o modelo da futura explorac\u00e3o do pr\u00e9-sal exigir\u00e1 pesados investimentos do governo central? N\u00e3o seria melhor compartilhar esses riscos com financiadores privados? (Walter Monteiro)<\/i><\/div>\n<div><\/div>\n<div>PM &#8211; Hoje somente a Petrobras det\u00e9m tecnologia para explora\u00e7\u00e3o em \u00e1guas ultra-profundas no mundo. Al\u00e9m disso,a cia est\u00e1 sendo utilizada como instrumento de pol\u00edtica\u00a0estrat\u00e9gica, o que \u00e9 normal em termos de Estado.<\/div>\n<div><\/div>\n<div>Os investimentos tendem a ser amortizados em prazo curto, dadas as caracter\u00edsticas de explora\u00e7\u00e3o do pr\u00e9-sal e a renda resultante. A estrat\u00e9gia de ampliar o parque de refinarias a fim de se exportar derivados \u00e9 interessante, porque aumenta o valor agregado do produto e, al\u00e9m disso, vai suprir uma capacidade refinadora francamente em decl\u00ednio no mundo &#8211; ou seja,a m\u00e9dio prazo tende a faltar derivados.<\/div>\n<div><\/div>\n<div><i>13 &#8211; Quando come\u00e7ou sua paix\u00e3o pelo carnaval? (FG)<\/i><\/div>\n<div><\/div>\n<div>PM- Fui criado no sub\u00farbio de Cascadura, ao lado de Madureira. Meu pai sempre me levava na quadra do Imp\u00e9rio Serrano, em especial na segunda feira de carnaval &#8211; naqueles tempos o desfile das grandes escolas era apenas no domingo.<\/div>\n<div><\/div>\n<div>Crian\u00e7a pobre, de sub\u00farbio, tinha apenas duas divers\u00f5es: Maracan\u00e3 e samba. O curioso \u00e9 que eu n\u00e3o gosto de carnaval, gosto de escolas de samba &#8211; s\u00e3o coisas diferentes.<\/div>\n<div><\/div>\n<div><i>14 &#8211; Desde quando come\u00e7ou a torcer pela Portela? O que te chamou a aten\u00e7\u00e3o a ponto de torcer pela escola? (FG)<\/i><\/div>\n<div><\/div>\n<div>PM &#8211; Criado ao lado de Madureira, somente poderia ser portelense ou imperiano. Custei a me definir por uma escola, mas o simbolismo da \u00e1guia portelense conquistou meu cora\u00e7\u00e3o. Mas s\u00f3 em 1988, com 14 anos, descobri-me azul.<\/div>\n<div><\/div>\n<div><i>15 &#8211; Digamos que o Pedro Mig\u00e3o fosse hoje contratado para ser carnavalesco da Portela. Qual enredo escolheria &#8211; e porque? (FG)<\/i><\/div>\n<div><\/div>\n<div>PM &#8211; Jamais poderia ser carnavalesco, porque n\u00e3o desenho rigorosamente nada. Entretanto, caso fosse o diretor de carnaval da escola, levando-se em conta que a quadra estar\u00e1 fechada para obras por um tempo consider\u00e1vel reeditaria &#8220;Tributo \u00e0 Vaidade&#8221; &#8211; apresentado originalmente em 1991 &#8211; calcando o enredo no &#8220;orgulho de ser portelense&#8221;. Faz-se necess\u00e1rio um resgate da\u00a0autoestima\u00a0portelense.<\/div>\n<div><\/div>\n<div>Ando evitando falar da escola nos \u00faltimos tempos, por raz\u00f5es que aqui n\u00e3o vem ao caso.<\/div>\n<div><\/div>\n<div><i>16 &#8211; Na qualidade de sambista, voc\u00ea n\u00e3o se incomoda com a hist\u00f3rica associa\u00e7\u00e3o das escolas de samba com criminosos que dominam suas dire\u00e7\u00f5es como se fosse a coisa mais natural do mundo? (WM)<\/i><\/div>\n<div><\/div>\n<div>PM &#8211; Sem d\u00favida, \u00e9 algo que me incomoda, mas \u00e9 hist\u00f3rico e o Poder P\u00fablico que deveria fiscalizar n\u00e3o o faz. Na verdade, h\u00e1 diversos pontos an\u00f4malos nesta quest\u00e3o &#8211; eu ficaria aqui uma semana falando.<\/div>\n<div><\/div>\n<div><i>17 &#8211; Qual o jogo mais emocionante que voc\u00ea j\u00e1 viu (ao vivo ou pela TV) do Flamengo? (FG)<\/i><\/div>\n<div><\/div>\n<div>PM &#8211; Flamengo e S\u00e3o Paulo, 20 de janeiro de 1982. Jogo de entrega das faixas do t\u00edtulo mundial. Para o mal, Flamengo e Santo Andr\u00e9 em 2004 tamb\u00e9m.<\/div>\n<div><\/div>\n<div><i>18 &#8211; Na qualidade de flamenguista, qual a sua explica\u00e7\u00e3o para o fato de uma parcela expressiva de milhares de torcedores capazes de investir uma determinada quantia para serem s\u00f3cios, preferirem se manter ausentes e n\u00e3o contribuir para uma mudan\u00e7a no clube? (WM)<\/i><\/div>\n<div><\/div>\n<div>PM &#8211; Porque existe o sentimento de que a pol\u00edtica do clube \u00e9 fechada e est\u00e1 se lixando para o torcedor. Isso fora a p\u00e9ssima gest\u00e3o dos recursos escassos do clube.<\/div>\n<div><\/div>\n<div><i>19 &#8211; Voc\u00ea se apresenta como um sonhador. Mas, no mais das vezes, voc\u00ea se coloca com opini\u00f5es que revelam certa amargura e pessimismo em rela\u00e7\u00e3o ao mundo e \u00e0s institui\u00e7\u00f5es que voc\u00ea ama (Portela e Flamengo, notadamente). Afinal, quais s\u00e3o os valores fundamentais que norteiam a sua vida? Voc\u00ea \u00e9 um pessimista? (AR)<\/i><\/div>\n<div><\/div>\n<div>PM &#8211; Sou um realista.\u00a0Meus\u00a0valores s\u00e3o a honestidade, a \u00e9tica e a verdade. Prefiro n\u00e3o criar\u00a0expectativas\u00a0demasiadas, por isso a fama de pessimista.<\/div>\n<div><\/div>\n<div><i>20 &#8211; Livro ou filme?<\/i><\/div>\n<div><\/div>\n<div>PM- Livro, sempre.<\/p>\n<p><i>P.S. &#8211; A promo\u00e7\u00e3o de anivers\u00e1rio ainda\u00a0 est\u00e1 em andamento. <a href=\"http:\/\/pedromigao.blogspot.com\/2011\/05\/promocao-do-segundo-aniversario.html\">Basta clicar aqui e participar<\/a>.<\/i><\/p>\n<p><\/div>\n<div><span><\/p>\n<p><\/span><\/div>\n<div><span><\/p>\n<p><\/span><\/div>\n","protected":false},"excerpt":{"rendered":"<p>Pedro Mig\u00e3o, 37 anos a completar em novembro, economista. Petroleiro, blogueiro, messi\u00e2nico, carioca, rubro negro e portelense. Pai da Maria Clara e da Ana LuisaTour Details<\/p>\n","protected":false},"author":2,"featured_media":0,"comment_status":"open","ping_status":"open","sticky":false,"template":"","format":"standard","meta":{"footnotes":""},"categories":[289],"tags":[121,106],"class_list":["post-11477","post","type-post","status-publish","format-standard","hentry","category-pedro-migao","tag-blog","tag-jogo-misto"],"_links":{"self":[{"href":"https:\/\/www.pedromigao.com.br\/ourodetolo\/wp-json\/wp\/v2\/posts\/11477","targetHints":{"allow":["GET"]}}],"collection":[{"href":"https:\/\/www.pedromigao.com.br\/ourodetolo\/wp-json\/wp\/v2\/posts"}],"about":[{"href":"https:\/\/www.pedromigao.com.br\/ourodetolo\/wp-json\/wp\/v2\/types\/post"}],"author":[{"embeddable":true,"href":"https:\/\/www.pedromigao.com.br\/ourodetolo\/wp-json\/wp\/v2\/users\/2"}],"replies":[{"embeddable":true,"href":"https:\/\/www.pedromigao.com.br\/ourodetolo\/wp-json\/wp\/v2\/comments?post=11477"}],"version-history":[{"count":0,"href":"https:\/\/www.pedromigao.com.br\/ourodetolo\/wp-json\/wp\/v2\/posts\/11477\/revisions"}],"wp:attachment":[{"href":"https:\/\/www.pedromigao.com.br\/ourodetolo\/wp-json\/wp\/v2\/media?parent=11477"}],"wp:term":[{"taxonomy":"category","embeddable":true,"href":"https:\/\/www.pedromigao.com.br\/ourodetolo\/wp-json\/wp\/v2\/categories?post=11477"},{"taxonomy":"post_tag","embeddable":true,"href":"https:\/\/www.pedromigao.com.br\/ourodetolo\/wp-json\/wp\/v2\/tags?post=11477"}],"curies":[{"name":"wp","href":"https:\/\/api.w.org\/{rel}","templated":true}]}}