{"id":11476,"date":"2011-05-18T08:14:00","date_gmt":"2011-05-18T10:14:00","guid":{"rendered":"http:\/\/www.pedromigao.com.br\/ourodetolo\/2011\/05\/sobretudo-bobos-como-clarisse\/"},"modified":"2011-05-18T08:14:00","modified_gmt":"2011-05-18T10:14:00","slug":"sobretudo-bobos-como-clarisse","status":"publish","type":"post","link":"https:\/\/www.pedromigao.com.br\/ourodetolo\/2011\/05\/sobretudo-bobos-como-clarisse\/","title":{"rendered":"Sobretudo \u2013 &quot;Bobos como Clarisse&quot;"},"content":{"rendered":"<div><a href=\"http:\/\/1.bp.blogspot.com\/-9ShnMqE17s0\/TdGT23CvKyI\/AAAAAAAADj4\/JD4CZFDV4gQ\/s1600\/clarice-lispector.gif\" imageanchor=\"1\"><img loading=\"lazy\" decoding=\"async\" border=\"0\" height=\"180\" src=\"http:\/\/www.pedromigao.com.br\/ourodetolo\/wp-content\/uploads\/2011\/05\/clarice-lispector.png\" width=\"400\"><\/a><\/div>\n<p><\/p>\n<div>Finalizando as comemora\u00e7\u00f5es do segundo anivers\u00e1rio do Ouro de Tolo, temos a volta da coluna &#8220;Sobretudo&#8221;, <b>assinada pelo publicit\u00e1rio Affonso Romero<\/b>. O texto parte de uma cr\u00f4nica de Clarice Lispector para fazer uma an\u00e1lise deste blog.<\/p>\n<p>Pretendo divulgar \u00e0 noite o resultado da promo\u00e7\u00e3o &#8211; estou em uma semana bastante atarefada.\u00a0 P<a href=\"http:\/\/pedromigao.blogspot.com\/2011\/05\/promocao-do-segundo-aniversario.html\">ortanto, o leitor ainda tem chance de se inscrever &#8211; basta clicar aqui<\/a>.<\/p>\n<p><i><b>Bobos como Clarisse<\/b><\/i><\/p>\n<p>Estou folheando uma colet\u00e2nea de textos chamada <i>&#8220;Clarisse na Cabeceira \u2013 Cr\u00f4nicas&#8221; (Ed.Rocco, 2010).<\/i> Tem um formato bastante interessante: cada uma das cr\u00f4nicas de Clarisse Lispector apresentadas foi selecionada dos livros originais &#8220;Para n\u00e3o Esquecer&#8221; e &#8220;A Descoberta do Mundo&#8221; e introduzida por uma figura ligada \u00e0 cultura brasileira atrav\u00e9s de um texto inicial.<\/p>\n<p>Tem de tudo: desde o indefect\u00edvel arroz-de-festa Caetano Veloso ao pseudo-jornalista Diogo Mainardi. De Mar\u00edlia Pera \u00e0 starlet-escritora Thalita Rebou\u00e7as, passando pelo poeta Ferreira Gullar, o pop-rabino Nilton Bonder e o dramaturgo Naum Alves de Souza. Em alguns casos, o texto de apresenta\u00e7\u00e3o \u00e9 t\u00e3o saboroso quanto o trabalho da autora homenageada.<\/p>\n<p>L\u00e1 est\u00e1 uma cr\u00f4nica que \u00e9 uma das minhas favoritas, escolhida e apresentada pelo poeta Eucana\u00e3 Ferraz, chamada &#8220;Das Vantagens de Ser Bobo&#8221;.\u00a0<\/p><\/div>\n<div><\/div>\n<div>Para quem ainda n\u00e3o teve a oportunidade de l\u00ea-la, atenho-me \u00e0 simplicidade do conceito: o \u201cbobo\u201d, segundo Clarisse Lispector, \u00e9 o sujeito que exatamente por estar mais aberto ao mundo, ser menos ardiloso, menos defensivo, menos planejador, menos ambicioso, menos pretensioso, menos senhor de certezas e r\u00f3tulos (exceto, o de ser bobo), \u00e9 mais livre para ousar. Ou, citando o primeiro par\u00e1grafo de Clarisse: <i>\u201cO bobo, por n\u00e3o se ocupar com ambi\u00e7\u00f5es, tem tempo para ver, ouvir e tocar o mundo.\u201d<\/i><\/p>\n<p>Fiquei pensando sobre o que escrever nesta semana em que comemoramos o segundo anivers\u00e1rio do Ouro de Tolo, imaginando que poderia tentar fazer um perfil do blog a partir daquilo que conhe\u00e7o do perfil dos seus colunistas. E, afinal, o que temos aqui em comum?<\/p>\n<p>Salvo algum colega colunista que queira se manifestar em contr\u00e1rio, acho que todos aqui somos bobos. Sim, bobos como aquilo que a Clarisse Lispector define t\u00e3o carinhosamente como tal \u2013 impl\u00edcita a\u00ed a pr\u00f3pria autodefini\u00e7\u00e3o dela.<\/p>\n<p>O bobo da Clarisse \u00e9 a ant\u00edtese dos \u201cisssxpeerrrrtus\u201d que assolam nosso cotidiano. Os falsos malandros que se armam de mil artimanhas, contra os quais outros malandros devem se defender. N\u00e3o s\u00e3o necessariamente m\u00e1s pessoas, a maioria sequer suporia cometer um delito grave, nem s\u00e3o s\u00f3 aqueles que vivem de aplicar golpes. Mas todos os que, escudados pelas agruras reais da vida, atravessam este deserto pleno de multid\u00f5es, mas vago de humanidade, c\u00e9leres em dire\u00e7\u00e3o a suas ambi\u00e7\u00f5es pessoais.<\/p>\n<p>Quem somos aqui na Ouro de Tolo? Somos uns caras que acreditam, que colocam f\u00e9 em alguma coisa, que tentam enxergar os fatos com um vi\u00e9s humanista, sair da ret\u00f3rica conformista distribu\u00edda por a\u00ed como verdade absoluta.<\/p>\n<p>Na Ouro de Tolo somos amadores da palavra, assim no sentido mais literal. N\u00e3o que escritores e jornalistas profissionais tenham de ser, necessariamente, mercadores de uma verdade \u00e0 venda por caramingu\u00e1s. H\u00e1 gente digna e isenta na seara da escrita remunerada.<\/p>\n<p>Mas o mesmo n\u00e3o pode ser dito sobre as grandes (e pequenas) corpora\u00e7\u00f5es jornal\u00edsticas, de modo que qualquer trabalho acaba contagiado pelos mais diversos interesses, querendo ou n\u00e3o o autor do texto. Aqui, n\u00e3o. Aqui s\u00f3 temos a obriga\u00e7\u00e3o da sinceridade, do exerc\u00edcio da liberdade. Se h\u00e1 uma identidade ideol\u00f3gica aqui, ela \u00e9 casual. Provavelmente, prov\u00e9m do tipo de bobo que assina estas colunas, um bobo que acredita nos valores humanistas, que n\u00e3o precisa se revestir do cinismo e da autocensura para nada.<\/p>\n<p>A maioria de n\u00f3s, colunistas, nem se conhece pessoalmente, de modo que qualquer avalia\u00e7\u00e3o que eu fa\u00e7a de meus colegas, ou at\u00e9 mesmo do editor, s\u00f3 pode ser feita a partir de seus textos. Idem para tra\u00e7ar algum paralelo entre o que eu expresso ou o que seja escrito aqui por outro colega. Salvo o trio que troca id\u00e9ias e farpas a respeito do Flamengo em uma lista privada \u2013 e l\u00e1 o Flamengo \u00e9 tema quase onipresente \u2013 n\u00e3o combinamos, conversamos, articulamos. No m\u00e1ximo, lemos as colunas mutuamente com alguns dias de anteced\u00eancia.<\/p>\n<p>Ent\u00e3o, como se diz no in\u00edcio das obras de fic\u00e7\u00e3o, aqui tamb\u00e9m qualquer semelhan\u00e7a \u00e9 mera coincid\u00eancia. N\u00e3o temos uma linha editorial ditada, pensada, urdida. Simplesmente porque estamos aqui para escrever por escrever, pela necessidade \u00fanica de se expressar livremente. E cada um dos colunistas encontra aqui no Ouro de Tolo esta porta aberta \u00e0s id\u00e9ias.<\/p>\n<p>E como eu n\u00e3o sei de nenhum de n\u00f3s que tenha outro interesse sen\u00e3o este \u2013 a express\u00e3o do pensamento livre \u2013 somos uns bobos, no conceito lispectoriano de bobice. No meu caso, com muito orgulho, espero que tamb\u00e9m no caso dos demais colunistas.<\/p><\/div>\n<div><\/div>\n<div><\/div>\n","protected":false},"excerpt":{"rendered":"<p>Finalizando as comemora\u00e7\u00f5es do segundo anivers\u00e1rio do Ouro de Tolo, temos a volta da coluna &#8220;Sobretudo&#8221;, assinada pelo publicit\u00e1rio Affonso Romero. O texto parte deTour Details<\/p>\n","protected":false},"author":2,"featured_media":0,"comment_status":"open","ping_status":"open","sticky":false,"template":"","format":"standard","meta":{"footnotes":""},"categories":[289,100],"tags":[121,91],"class_list":["post-11476","post","type-post","status-publish","format-standard","hentry","category-pedro-migao","category-sobretudo","tag-blog","tag-literatura"],"_links":{"self":[{"href":"https:\/\/www.pedromigao.com.br\/ourodetolo\/wp-json\/wp\/v2\/posts\/11476","targetHints":{"allow":["GET"]}}],"collection":[{"href":"https:\/\/www.pedromigao.com.br\/ourodetolo\/wp-json\/wp\/v2\/posts"}],"about":[{"href":"https:\/\/www.pedromigao.com.br\/ourodetolo\/wp-json\/wp\/v2\/types\/post"}],"author":[{"embeddable":true,"href":"https:\/\/www.pedromigao.com.br\/ourodetolo\/wp-json\/wp\/v2\/users\/2"}],"replies":[{"embeddable":true,"href":"https:\/\/www.pedromigao.com.br\/ourodetolo\/wp-json\/wp\/v2\/comments?post=11476"}],"version-history":[{"count":0,"href":"https:\/\/www.pedromigao.com.br\/ourodetolo\/wp-json\/wp\/v2\/posts\/11476\/revisions"}],"wp:attachment":[{"href":"https:\/\/www.pedromigao.com.br\/ourodetolo\/wp-json\/wp\/v2\/media?parent=11476"}],"wp:term":[{"taxonomy":"category","embeddable":true,"href":"https:\/\/www.pedromigao.com.br\/ourodetolo\/wp-json\/wp\/v2\/categories?post=11476"},{"taxonomy":"post_tag","embeddable":true,"href":"https:\/\/www.pedromigao.com.br\/ourodetolo\/wp-json\/wp\/v2\/tags?post=11476"}],"curies":[{"name":"wp","href":"https:\/\/api.w.org\/{rel}","templated":true}]}}