{"id":11472,"date":"2011-05-20T17:27:00","date_gmt":"2011-05-20T19:27:00","guid":{"rendered":"http:\/\/www.pedromigao.com.br\/ourodetolo\/2011\/05\/final-de-semana-como-la-cigarra\/"},"modified":"2011-05-20T17:27:00","modified_gmt":"2011-05-20T19:27:00","slug":"final-de-semana-como-la-cigarra","status":"publish","type":"post","link":"https:\/\/www.pedromigao.com.br\/ourodetolo\/2011\/05\/final-de-semana-como-la-cigarra\/","title":{"rendered":"Final de Semana &#8211; &quot;Como La Cigarra&quot;"},"content":{"rendered":"<div>Nesta sexta feira trago em nossa j\u00e1 tradicional coluna sobre m\u00fasica uma das maiores expoentes da m\u00fasica latina: a argentina Mercedes Sosa (1935-2009).\u00a0<\/div>\n<div><\/div>\n<div>A can\u00e7\u00e3o, &#8220;Como La Cigarra&#8221;, tornou-se um hino de resist\u00eancia \u00e0 feroz ditadura argentina do final da d\u00e9cada de 70 e in\u00edcio de 80, onde a cantora chegou a ser presa no palco e for\u00e7ada a se exilar &#8211; ela foi proibida de cantar no pa\u00eds.<\/div>\n<div><\/div>\n<div>A m\u00fasica tornou-se mais um hino de resist\u00eancia, como o leitor pode ver pela letra, de autoria da escritora platina Maria Elena Walsh.<\/div>\n<div><\/div>\n<div>Deleite-se. E bom final de semana. A tradu\u00e7\u00e3o n\u00e3o est\u00e1 muito boa, mas como n\u00e3o falo espanhol n\u00e3o tenho muito como mexer. Corre\u00e7\u00f5es ser\u00e3o bem vindas.<\/div>\n<div><\/div>\n<div><b><i>Como La Cigarra<\/i><\/b><\/div>\n<div><i><br \/>Tantas veces me mataron,<br \/>tantas veces me mor\u00ed,<br \/>sin embargo estoy aqu\u00ed<br \/>resucitando.<br \/>Gracias doy a la desgracia<br \/>y a la mano con pu\u00f1al,<br \/>porque me mat\u00f3 tan mal,<br \/>y segu\u00ed cantando.<\/p>\n<p>Cantando al sol,<br \/>como la cigarra,<br \/>despu\u00e9s de un a\u00f1o<br \/>bajo la tierra,<br \/>igual que sobreviviente<br \/>que vuelve de la guerra.<\/p>\n<p>Tantas veces me borraron,<br \/>tantas desaparec\u00ed,<br \/>a mi propio entierro fui,<br \/>solo y llorando.<br \/>Hice un nudo del pa\u00f1uelo,<br \/>pero me olvid\u00e9 despu\u00e9s<br \/>que no era la \u00fanica vez<br \/>y segu\u00ed cantando.<\/p>\n<p>Cantando al sol,<br \/>como la cigarra,<br \/>despu\u00e9s de un a\u00f1o<br \/>bajo la tierra,<br \/>igual que sobreviviente<br \/>que vuelve de la guerra.<\/p>\n<p>Tantas veces te mataron,<br \/>tantas resucitar\u00e1s<br \/>cu\u00e1ntas noches pasar\u00e1s<br \/>desesperando.<br \/>Y a la hora del naufragio<br \/>y a la de la oscuridad<br \/>alguien te rescatar\u00e1,<br \/>para ir cantando.<\/p>\n<p>Cantando al sol,<br \/>como la cigarra,<br \/>despu\u00e9s de un a\u00f1o<br \/>bajo la tierra,<br \/>igual que sobreviviente<br \/>que vuelve de la guerra.<\/p>\n<p><b>Como La Cigarra (Tradu\u00e7\u00e3o)<\/b><\/i><\/div>\n<div><i><br \/>Tantas vezes me mataram<br \/>Tantas vezes morri<br \/>Entretanto estou aqui<br \/>Ressuscitando<br \/>Gra\u00e7as dou \u00e0 desgra\u00e7a<br \/>E \u00e0 m\u00e3o com punhal<br \/>Porque me matou t\u00e3o mal<br \/>E segui cantando<\/p>\n<p>Cantando ao sol<br \/>Como a cigarra<br \/>Depois de um ano<br \/>Debaixo da terra<br \/>Igual sobrevivente<br \/>Que volta da guerra<\/p>\n<p>Tantas vezes me apagaram<br \/>Tantas desapareci<br \/>A meu pr\u00f3prio enterro fui<br \/>Sozinho e chorando<br \/>Fiz um n\u00f3 do len\u00e7o,<br \/>Mas esqueci depois<br \/>Que n\u00e3o era a \u00fanica vez<br \/>E segui cantando<\/p>\n<p>Cantando ao sol<br \/>Como a cigarra<br \/>Depois de um ano<br \/>Debaixo da terra<br \/>Igual sobrevivente<br \/>Que volta da guerra<\/p>\n<p>Tantas vezes te mataram<br \/>Tantas ressuscitar\u00e1<br \/>Quantas noites passar\u00e1<br \/>Desesperando<br \/>E \u00e0 hora do naufr\u00e1gio<br \/>E \u00e0 da escurid\u00e3o<br \/>Algu\u00e9m te resgatar\u00e1<br \/>Para ir cantando<\/p>\n<p>Cantando ao sol<br \/>Como a cigarra<br \/>Depois de um ano<br \/>Debaixo da terra<br \/>Igual sobrevivente<br \/>Que volta da guerra&#8221;<\/i><\/div>\n<div><i><br \/><\/i><\/div>\n<div><\/div>\n","protected":false},"excerpt":{"rendered":"<p>Nesta sexta feira trago em nossa j\u00e1 tradicional coluna sobre m\u00fasica uma das maiores expoentes da m\u00fasica latina: a argentina Mercedes Sosa (1935-2009).\u00a0 A can\u00e7\u00e3o,Tour Details<\/p>\n","protected":false},"author":2,"featured_media":0,"comment_status":"open","ping_status":"open","sticky":false,"template":"","format":"standard","meta":{"footnotes":""},"categories":[289],"tags":[57,40,15],"class_list":["post-11472","post","type-post","status-publish","format-standard","hentry","category-pedro-migao","tag-argentina","tag-final-de-semana","tag-musica"],"_links":{"self":[{"href":"https:\/\/www.pedromigao.com.br\/ourodetolo\/wp-json\/wp\/v2\/posts\/11472","targetHints":{"allow":["GET"]}}],"collection":[{"href":"https:\/\/www.pedromigao.com.br\/ourodetolo\/wp-json\/wp\/v2\/posts"}],"about":[{"href":"https:\/\/www.pedromigao.com.br\/ourodetolo\/wp-json\/wp\/v2\/types\/post"}],"author":[{"embeddable":true,"href":"https:\/\/www.pedromigao.com.br\/ourodetolo\/wp-json\/wp\/v2\/users\/2"}],"replies":[{"embeddable":true,"href":"https:\/\/www.pedromigao.com.br\/ourodetolo\/wp-json\/wp\/v2\/comments?post=11472"}],"version-history":[{"count":0,"href":"https:\/\/www.pedromigao.com.br\/ourodetolo\/wp-json\/wp\/v2\/posts\/11472\/revisions"}],"wp:attachment":[{"href":"https:\/\/www.pedromigao.com.br\/ourodetolo\/wp-json\/wp\/v2\/media?parent=11472"}],"wp:term":[{"taxonomy":"category","embeddable":true,"href":"https:\/\/www.pedromigao.com.br\/ourodetolo\/wp-json\/wp\/v2\/categories?post=11472"},{"taxonomy":"post_tag","embeddable":true,"href":"https:\/\/www.pedromigao.com.br\/ourodetolo\/wp-json\/wp\/v2\/tags?post=11472"}],"curies":[{"name":"wp","href":"https:\/\/api.w.org\/{rel}","templated":true}]}}