{"id":11469,"date":"2011-05-23T08:10:00","date_gmt":"2011-05-23T10:10:00","guid":{"rendered":"http:\/\/www.pedromigao.com.br\/ourodetolo\/2011\/05\/crise-e-protestos-na-espanha\/"},"modified":"2011-05-23T08:10:00","modified_gmt":"2011-05-23T10:10:00","slug":"crise-e-protestos-na-espanha","status":"publish","type":"post","link":"https:\/\/www.pedromigao.com.br\/ourodetolo\/2011\/05\/crise-e-protestos-na-espanha\/","title":{"rendered":"Crise e Protestos na Espanha"},"content":{"rendered":"<div><a href=\"http:\/\/3.bp.blogspot.com\/--rhgFI7IDqA\/Tdm0LSK_N5I\/AAAAAAAADkU\/YeDwy-e4kZI\/s1600\/21_MHG_MUN_ESPANHA02.jpg\" imageanchor=\"1\"><img loading=\"lazy\" decoding=\"async\" border=\"0\" height=\"408\" src=\"http:\/\/www.pedromigao.com.br\/ourodetolo\/wp-content\/uploads\/2011\/05\/21_MHG_MUN_ESPANHA02.jpg\" width=\"640\"><\/a><\/div>\n<p><\/p>\n<div>Neste final de semana, talvez a not\u00edcia que tenha mais me chamado a aten\u00e7\u00e3o foi a surra levada pelo Partido Socialista Espanhol nas elei\u00e7\u00f5es regionais realizadas em treze das dezessete regi\u00f5es espanholas e em cerca de oito mil munic\u00edpios. Os eleitores preferiram os candidatos do Partido Popular, de direita e que vai guinando a uma posi\u00e7\u00e3o extremista neste espectro pol\u00edtico.<\/div>\n<div><\/div>\n<div>\u00c9 a \u00fanica conclus\u00e3o a que consigo chegar quando olho os n\u00fameros da economia espanhola: os eleitores preferiram sem intermedi\u00e1rios quem defende as pol\u00edticas excludentes.\u00a0<\/div>\n<div><\/div>\n<div>Zapatero, atual primeiro ministro, vem adotando pol\u00edticas muito pr\u00f3ximas de partidos de direita como resposta \u00e0 crise econ\u00f4mica de 2008: desregulamenta\u00e7\u00e3o ainda maior, corte de gastos p\u00fablicos e de programas sociais, diminui\u00e7\u00e3o de impostos para as camadas mais altas e aumento para a popula\u00e7\u00e3o em geral, \u00a0aumento da taxa de juros, entre outras constantes de um receitu\u00e1rio que vivemos muito por aqui no Brasil.<\/div>\n<div><\/div>\n<div>Os efeitos destas pol\u00edticas foram sentidos claramente pela popula\u00e7\u00e3o, bem como na atividade econ\u00f4mica: hoje a Espanha tem uma taxa de desemprego de 23%, chegando a incr\u00edveis 44% na popula\u00e7\u00e3o at\u00e9 25 anos. A mesma taxa \u00e9 de aproximadamente 34% para os imigrantes.<\/div>\n<div><\/div>\n<div>Um \u00edndice de desemprego destes mostra como a economia e a sociedade espanholas est\u00e3o em crise profunda. Al\u00e9m disso, o estouro da &#8220;bolha&#8221; imobili\u00e1ria do pa\u00eds e as medidas tomadas pelo governo a fim de enfrentar a crise econ\u00f4mica aprofundaram a recess\u00e3o, aumentaram as diferen\u00e7as na sociedade e privilegiaram apenas um grupo bem pequeno, formado basicamente pelos credores e camadas altas.\u00a0<\/div>\n<div><\/div>\n<div>Na pr\u00e1tica, <a href=\"http:\/\/pedromigao.blogspot.com\/2011\/03\/resenha-literaria-o-mundo-em-queda.html\">tal como escrevi aqui na resenha do \u00faltimo livro do economista Joseph Stiglitz<\/a> tais medidas apenas aprofundaram ainda mais a crise, ao retirar do Estado seu papel de estimular a atividade econ\u00f4mica e estabelecer uma s\u00e9rie de pol\u00edticas claramente recessivas. A combina\u00e7\u00e3o de aumento de juros com eleva\u00e7\u00e3o de impostos, diminui\u00e7\u00e3o da a\u00e7\u00e3o do Estado e pol\u00edtica de corte de benef\u00edcios sociais tiveram o efeito de ampliar e aprofundar a crise no que toca \u00e0 atividade econ\u00f4mica e ao bem estar da popula\u00e7\u00e3o.<\/div>\n<div><\/div>\n<div>E jovens desesperan\u00e7ados pela falta de emprego e, especialmente, de perspectivas, empreendem uma s\u00e9rie de protestos nas ruas de cidades como a capital Madrid, Barcelona,Sevilha, Valencia e outras. Suas palavras de ordem s\u00e3o basicamente o rep\u00fadio aos partidos dominantes e \u00e0s pol\u00edticas de ajuste e arrocho. Querem emprego e perspectiva.<\/div>\n<div><\/div>\n<div>Tal e qual os protestos da chamada &#8220;primavera \u00e1rabe&#8221; &#8211; <a href=\"http:\/\/pedromigao.blogspot.com\/2011\/01\/democracia-no-oriente-medio.html\">que tamb\u00e9m j\u00e1 foi alvo de post neste espa\u00e7o<\/a> &#8211; o pleito dos jovens andaluzes \u00e9 contra o &#8220;status quo&#8221;, contra a ditadura &#8211; no caso, do poder econ\u00f4mico &#8211; e exigindo melhores condi\u00e7\u00f5es de vida. Obviamente n\u00e3o encontram o\u00a0mesmo\u00a0apelo do encontrado pelos rebeldes \u00e1rabes, at\u00e9 porque nesta regi\u00e3o da Europa n\u00e3o h\u00e1 petr\u00f3leo&#8230;<\/div>\n<div><\/div>\n<div>Retomando o resultado das elei\u00e7\u00f5es, a leitura que pode ser feita \u00e9 de que se votou na oposi\u00e7\u00e3o de direita com a id\u00e9ia de repudiar a pol\u00edtica de quem est\u00e1 no governo. Entretanto, como digo acima o Partido Popular representa a exacerba\u00e7\u00e3o de pol\u00edticas de arrocho impopulares e que tendem a agravar a crise.<\/div>\n<div><\/div>\n<div>Al\u00e9m disso o esfor\u00e7o do pa\u00eds para cumprir as metas determinadas pelo Banco Central Europeu e permanecer na &#8220;zona do euro&#8221; est\u00e3o trazendo uma amplia\u00e7\u00e3o do custo social deste tipo de pol\u00edticas. A autoridade monet\u00e1ria europ\u00e9ia parece preocupada em mitigar as press\u00f5es inflacion\u00e1rias alem\u00e3s e atender aos interesses do sistema financeiro daquele pa\u00eds. O resultado \u00e9 que o efeito destas pol\u00edticas contracionistas nos demais pa\u00edses, muitos deles ainda mergulhados na crise econ\u00f4mica desde 2008, acaba sendo o de ampliar os efeitos da recess\u00e3o econ\u00f4mica.<\/div>\n<div><\/div>\n<div>Em que pesem os maiores protestos estarem localizados na Espanha, at\u00e9 pelo quadro que descrevo acima, j\u00e1 h\u00e1 mobiliza\u00e7\u00f5es semelhantes em pa\u00edses como Portugal e a Irlanda, com panor\u00e2micas semelhantes: alto desemprego jovem e falta de perspectivas. Como corol\u00e1rio, a persegui\u00e7\u00e3o a imigrantes tornou-se ainda mais acentuada &#8211; <a href=\"http:\/\/www.cartacapital.com.br\/internacional\/a-igualdade-e-branca\">com direito a uma inacredit\u00e1vel discuss\u00e3o na Federa\u00e7\u00e3o Francesa de Futebol sobre a possibilidade de adotar restri\u00e7\u00f5es a filhos de imigrantes em suas academias de jovens valores<\/a>.<\/div>\n<div><\/div>\n<div>Parece claro que apenas a ado\u00e7\u00e3o de pol\u00edticas &#8220;contra-c\u00edclicas&#8221; e que tenham o Estado como indutor do investimento e da economia poder\u00e3o frear a crise europ\u00e9ia e permitir uma retomada da atividade econ\u00f4mica.\u00a0<\/div>\n<div><\/div>\n<div>Tamb\u00e9m deveria se adotar uma regulamenta\u00e7\u00e3o maior dos mercados, a fim de conciliar o interesse dos agentes com os da sociedade em geral. Esta crise mostrou que o mercado por si s\u00f3 est\u00e1 longe, muito longe de propiciar a aloca\u00e7\u00e3o mais eficiente de recursos em uma economia, al\u00e9m de n\u00e3o trazer o quadro de maior bem estar social. A atua\u00e7\u00e3o do Estado \u00e9 necess\u00e1ria e se faz mais forte como regulador e indutor da economia.<\/div>\n<div><\/div>\n<div>Entretanto, os governos destes pa\u00edses est\u00e3o adotando o caminho inverso em termos de medidas de pol\u00edtica econ\u00f4mica. Isto significa mais crise, mais desigualdade, mais desemprego e menos perspectivas a estes jovens.<\/div>\n<div><\/div>\n<div>Ou seja: os protestos tendem a aumentar cada vez mais. Veremos.<\/div>\n<div><\/div>\n<div><\/div>\n","protected":false},"excerpt":{"rendered":"<p>Neste final de semana, talvez a not\u00edcia que tenha mais me chamado a aten\u00e7\u00e3o foi a surra levada pelo Partido Socialista Espanhol nas elei\u00e7\u00f5es regionaisTour Details<\/p>\n","protected":false},"author":2,"featured_media":0,"comment_status":"open","ping_status":"open","sticky":false,"template":"","format":"standard","meta":{"footnotes":""},"categories":[289],"tags":[58,24,51],"class_list":["post-11469","post","type-post","status-publish","format-standard","hentry","category-pedro-migao","tag-economia","tag-politica","tag-politica-internacional"],"_links":{"self":[{"href":"https:\/\/www.pedromigao.com.br\/ourodetolo\/wp-json\/wp\/v2\/posts\/11469","targetHints":{"allow":["GET"]}}],"collection":[{"href":"https:\/\/www.pedromigao.com.br\/ourodetolo\/wp-json\/wp\/v2\/posts"}],"about":[{"href":"https:\/\/www.pedromigao.com.br\/ourodetolo\/wp-json\/wp\/v2\/types\/post"}],"author":[{"embeddable":true,"href":"https:\/\/www.pedromigao.com.br\/ourodetolo\/wp-json\/wp\/v2\/users\/2"}],"replies":[{"embeddable":true,"href":"https:\/\/www.pedromigao.com.br\/ourodetolo\/wp-json\/wp\/v2\/comments?post=11469"}],"version-history":[{"count":0,"href":"https:\/\/www.pedromigao.com.br\/ourodetolo\/wp-json\/wp\/v2\/posts\/11469\/revisions"}],"wp:attachment":[{"href":"https:\/\/www.pedromigao.com.br\/ourodetolo\/wp-json\/wp\/v2\/media?parent=11469"}],"wp:term":[{"taxonomy":"category","embeddable":true,"href":"https:\/\/www.pedromigao.com.br\/ourodetolo\/wp-json\/wp\/v2\/categories?post=11469"},{"taxonomy":"post_tag","embeddable":true,"href":"https:\/\/www.pedromigao.com.br\/ourodetolo\/wp-json\/wp\/v2\/tags?post=11469"}],"curies":[{"name":"wp","href":"https:\/\/api.w.org\/{rel}","templated":true}]}}