{"id":11467,"date":"2011-05-25T08:14:00","date_gmt":"2011-05-25T10:14:00","guid":{"rendered":"http:\/\/www.pedromigao.com.br\/ourodetolo\/2011\/05\/historia-outros-assuntos-desarmamento-nao-obrigado\/"},"modified":"2011-05-25T08:14:00","modified_gmt":"2011-05-25T10:14:00","slug":"historia-outros-assuntos-desarmamento-nao-obrigado","status":"publish","type":"post","link":"https:\/\/www.pedromigao.com.br\/ourodetolo\/2011\/05\/historia-outros-assuntos-desarmamento-nao-obrigado\/","title":{"rendered":"Hist\u00f3ria &amp; Outros Assuntos: &quot;Desarmamento? N\u00e3o, obrigado.&quot;"},"content":{"rendered":"<div><a href=\"http:\/\/1.bp.blogspot.com\/-a0NVjygHRTw\/TdsngFAfAzI\/AAAAAAAADkc\/-9NAAROEAnE\/s1600\/0%252C%252C17144878-EX%252C00.jpg\" imageanchor=\"1\"><img loading=\"lazy\" decoding=\"async\" border=\"0\" height=\"250\" src=\"http:\/\/www.pedromigao.com.br\/ourodetolo\/wp-content\/uploads\/2011\/05\/0%252C%252C17144878-EX%252C00.jpg\" width=\"400\"><\/a><\/div>\n<p><\/p>\n<div>Nesta quarta feira, temos mais uma edi\u00e7\u00e3o da coluna &#8220;Hist\u00f3ria e Outros Assuntos&#8221;, assinada pelo Mestre em Hist\u00f3ria Fabr\u00edcio Gomes. O assunto de hoje \u00e9 a fal\u00e1cia em que consistem estas &#8220;campanhas pelo desarmamento&#8221; que volta e meia vemos na sociedade e na pol\u00edtica.<\/div>\n<div><\/div>\n<div><b><i>&#8220;Desarmamento? N\u00e3o, obrigado.<\/i><\/b><\/div>\n<div><\/div>\n<div>Sim, sei que o t\u00edtulo desse post certamente provocar\u00e1 pol\u00eamica. Afinal, o momento ainda \u00e9 de como\u00e7\u00e3o popular em torno da trag\u00e9dia de Realengo, onde um jovem assassinou doze crian\u00e7as indefesas, atirando para matar. Mas al\u00e9m da imediata espetaculariza\u00e7\u00e3o da trag\u00e9dia, o que mais tem chamado a aten\u00e7\u00e3o \u00e9 o renascer de um tema que j\u00e1 tinha ficado para tr\u00e1s em 2005: a quest\u00e3o do desarmamento da sociedade.<\/div>\n<div><\/div>\n<div>Diversas autoridades em Bras\u00edlia, certamente movidas por interesses ideol\u00f3gicos e partid\u00e1rios, logo fizeram quest\u00e3o de levantar novamente o tema do desarmamento. E n\u00e3o foram apenas pol\u00edticos. Desde o ministro da Justi\u00e7a at\u00e9 artistas globais, de repente o universo midi\u00e1tico adornou-se de uma fleuma inconteste: \u201cEst\u00e1 mais do que na hora de desarmarmos a sociedade\u201d.\u00a0<\/div>\n<div><\/div>\n<div>Fica ent\u00e3o a pergunta: para que serviu o referendo sobre a proibi\u00e7\u00e3o da comercializa\u00e7\u00e3o e venda de armas de fogo e muni\u00e7\u00f5es, ocorrido em outubro de 2005, quando 63,94% dos brasileiros disseram N\u00c3O \u00e0 seguinte pergunta: \u201cO com\u00e9rcio de armas de fogo e muni\u00e7\u00e3o deve ser proibido no Brasil?\u201d?\u00a0<\/div>\n<div><\/div>\n<div>Joga-se no lixo agora o resultado daquele referendo popular? E o dinheiro gasto pelo governo na mobiliza\u00e7\u00e3o das urnas eletr\u00f4nicas? E o dinheiro gasto em cada campanha, pelo SIM e pelo N\u00c3O? Vamos esquecer tudo isso? Democracia \u00e9 isso ent\u00e3o? \u00c9 aceitar momentaneamente um resultado para, depois, no primeiro epis\u00f3dio de viol\u00eancia, de repercuss\u00e3o nacional, querer virar o jogo e novamente tentar passar uma inten\u00e7\u00e3o que j\u00e1 foi derrotada? Vivemos ent\u00e3o uma democracia transit\u00f3ria, sujeita a intemp\u00e9ries, refor\u00e7adas por apelos que interessam apenas a determinados grupos?<\/div>\n<div><\/div>\n<div>Embora seja um ass\u00edduo usu\u00e1rio das redes sociais, como Twitter e Facebook, tenho certas restri\u00e7\u00f5es a alguns comportamentos que vejo nessas redes. Nunca Nelson Rodrigues foi t\u00e3o genial quando disse uma vez que<i> \u201cToda unanimidade \u00e9 burra\u201d<\/i>.\u00a0<\/div>\n<div><\/div>\n<div>Sim, porque as redes sociais, al\u00e9m de servirem de cen\u00e1rio para se fazer \u201cum milh\u00e3o de amigos\u201d, s\u00e3o tamb\u00e9m plataformas onde se difundem id\u00e9ias, tornando um simples coment\u00e1rio unanimidade. No Facebook, as op\u00e7\u00f5es \u201cCurti\u201d e \u201cCompartilhar\u201d s\u00e3o infal\u00edveis nesse ponto.\u00a0<\/div>\n<div><\/div>\n<div>Ent\u00e3o basta algu\u00e9m se aproveitar da emo\u00e7\u00e3o de um momento para difundir um ponto de vista que \u00e9 um tal de todo mundo curtir e compartilhar&#8230; Quando voc\u00ea v\u00ea, tornou-se moda no Facebook. A ponto de virar A VERDADE. E ai de quem discordar. Ent\u00e3o o que mais vi, a partir do dia em que o assassino de Realengo matou as crian\u00e7as, foi o sentimento de \u201cviva o desarmamento\u201d nas redes sociais.<\/div>\n<div><\/div>\n<div>Certo, qualquer um pode ter a opini\u00e3o de que o desarmamento \u00e9 a melhor op\u00e7\u00e3o para o Brasil. S\u00f3 que querer passar por cima de um referendo que mobilizou milh\u00f5es de pessoas, gastou os tubos de dinheiro e tomou o tempo de muita gente, e tamb\u00e9m querer fazer de uma id\u00e9ia uma unanimidade na base do \u201ccompartilhar\u201d, n\u00e3o concordo.\u00a0<\/div>\n<div><\/div>\n<div>Ent\u00e3o justamente por isso existem referendos, plebiscitos, elei\u00e7\u00f5es. Para a maioria escolher uma id\u00e9ia, um candidato, e o restante que votou contra aceitar. Afinal, democracia \u00e9 isso, e n\u00e3o \u201cengolir\u201d um resultado e na primeira oportunidade que surge querer revert\u00ea-lo.<\/div>\n<div><\/div>\n<div>Al\u00e9m disso, o enfoque dado a essa \u201creinven\u00e7\u00e3o\u201d do desarmamento, vers\u00e3o 2011, \u00e9 igual ao dado na campanha derrotada de 2005: querem desarmar a sociedade, proibir venda de armas em estabelecimentos comerciais.\u00a0<\/div>\n<div><\/div>\n<div>S\u00f3 esquecem de um detalhe: bandidos, traficantes e delinquentes (como o tal Wellington, de Realengo) n\u00e3o compram armas em lojas, com nota fiscal. Tampouco v\u00e3o a cursos de tiro, com professores especializados. Existe um grande e rent\u00e1vel com\u00e9rcio de armas no Brasil. Armas que v\u00eam do Paraguai, por avi\u00e3o, e descem em pistas clandestinas no meio da selva, e que chegam \u00e0s metr\u00f3poles pelo mar, em cargueiros piratas, durante alta madrugada. <i>[N.doE.: n\u00e3o \u00e9 novidade, tamb\u00e9m, que muitas das armas apreendidas pela Pol\u00edcia em opera\u00e7\u00f5es acabam revendidas a bandidos pelos pr\u00f3prios homens da lei]<\/i><\/div>\n<div><\/div>\n<div>A quest\u00e3o n\u00e3o est\u00e1 em proibir a venda e sim prevenir que armas caiam nas m\u00e3os de pessoas que ir\u00e3o utiliz\u00e1-las para o mal. Qualquer objeto pode ser uma arma em potencial.\u00a0Se eu pegar um livro de 900 p\u00e1ginas em minha biblioteca, e der com ele na cabe\u00e7a de algu\u00e9m, certamente essa pessoa ter\u00e1 s\u00e9rios problemas, podendo at\u00e9 ter um traumatismo craniano,\u00a0seq\u00fcelas e outras funestas consequ\u00eancias.\u00a0<\/div>\n<div><\/div>\n<div>No filme \u201cO Poderoso Chef\u00e3o 3\u2033, Michael Corleone manda um de seus homens assassinar um rival. O pretexto da visita, claro, s\u00e3o os \u201cneg\u00f3cios\u201d. O sujeito chega e \u00e9 rigorosamente revistado pelos capangas do outro. Tudo limpo. A conversa segue meio tensa. De s\u00fabito, o enviado de Michael se levanta, arranca os \u00f3culos do outro, quebra a haste e lhe enfia na car\u00f3tida. Feito! Nas m\u00e3os de um psicopata ou de um assassino contumaz, at\u00e9 a B\u00edblia pode ser uma arma mortal.<\/div>\n<div><\/div>\n<div>Sinceramente, gostaria de ver tanta mobiliza\u00e7\u00e3o como esta a favor do desarmamento na busca em acabar com o mercado negro das armas e em se retirar realmente armas de bandidos. Queria ver uma mobiliza\u00e7\u00e3o generalizada em prol da defesa do voto consciente nas pr\u00f3ximas elei\u00e7\u00f5es. Em favor da popula\u00e7\u00e3o de rua, das crian\u00e7as malabaristas nos sinais de tr\u00e2nsito.\u00a0<\/div>\n<div><\/div>\n<div>Ou ent\u00e3o, que a popula\u00e7\u00e3o no Twitter ou Facebook se indignasse em ver o Tiririca empregar dois compadres do riso, ganhando sal\u00e1rio com o dinheiro p\u00fablico.<\/div>\n<div><\/div>\n<div>A\u00ed sim, eu compartilharia isso em minha rede social.&#8221;<\/div>\n<div><\/div>\n","protected":false},"excerpt":{"rendered":"<p>Nesta quarta feira, temos mais uma edi\u00e7\u00e3o da coluna &#8220;Hist\u00f3ria e Outros Assuntos&#8221;, assinada pelo Mestre em Hist\u00f3ria Fabr\u00edcio Gomes. O assunto de hoje \u00e9Tour Details<\/p>\n","protected":false},"author":2,"featured_media":0,"comment_status":"open","ping_status":"open","sticky":false,"template":"","format":"standard","meta":{"footnotes":""},"categories":[22],"tags":[35,26,24,27,32],"class_list":["post-11467","post","type-post","status-publish","format-standard","hentry","category-cacique-de-ramos","tag-historia","tag-policia","tag-politica","tag-sociedade","tag-tecnologia"],"_links":{"self":[{"href":"https:\/\/www.pedromigao.com.br\/ourodetolo\/wp-json\/wp\/v2\/posts\/11467","targetHints":{"allow":["GET"]}}],"collection":[{"href":"https:\/\/www.pedromigao.com.br\/ourodetolo\/wp-json\/wp\/v2\/posts"}],"about":[{"href":"https:\/\/www.pedromigao.com.br\/ourodetolo\/wp-json\/wp\/v2\/types\/post"}],"author":[{"embeddable":true,"href":"https:\/\/www.pedromigao.com.br\/ourodetolo\/wp-json\/wp\/v2\/users\/2"}],"replies":[{"embeddable":true,"href":"https:\/\/www.pedromigao.com.br\/ourodetolo\/wp-json\/wp\/v2\/comments?post=11467"}],"version-history":[{"count":0,"href":"https:\/\/www.pedromigao.com.br\/ourodetolo\/wp-json\/wp\/v2\/posts\/11467\/revisions"}],"wp:attachment":[{"href":"https:\/\/www.pedromigao.com.br\/ourodetolo\/wp-json\/wp\/v2\/media?parent=11467"}],"wp:term":[{"taxonomy":"category","embeddable":true,"href":"https:\/\/www.pedromigao.com.br\/ourodetolo\/wp-json\/wp\/v2\/categories?post=11467"},{"taxonomy":"post_tag","embeddable":true,"href":"https:\/\/www.pedromigao.com.br\/ourodetolo\/wp-json\/wp\/v2\/tags?post=11467"}],"curies":[{"name":"wp","href":"https:\/\/api.w.org\/{rel}","templated":true}]}}