{"id":11313,"date":"2011-09-23T22:39:00","date_gmt":"2011-09-24T00:39:00","guid":{"rendered":"http:\/\/www.pedromigao.com.br\/ourodetolo\/2011\/09\/final-de-semana-homenagem-a-ary-do-cavaco\/"},"modified":"2011-09-23T22:39:00","modified_gmt":"2011-09-24T00:39:00","slug":"final-de-semana-homenagem-a-ary-do-cavaco","status":"publish","type":"post","link":"https:\/\/www.pedromigao.com.br\/ourodetolo\/2011\/09\/final-de-semana-homenagem-a-ary-do-cavaco\/","title":{"rendered":"Final de Semana &#8211; Homenagem a Ary do Cavaco"},"content":{"rendered":"<div><\/div>\n<p><\/p>\n<div>Minha id\u00e9ia hoje era saudar o in\u00edcio do Rock in Rio nesta noite, mas infelizmente a Portela perdeu no dia de ontem um de seus maiores compositores: Seu Ary do Cavaco, aos 69 anos, v\u00edtima de enfarte.<\/div>\n<div><\/div>\n<div>Na quarta feira ele estava feliz e contente na apresenta\u00e7\u00e3o de seu samba concorrente para o carnaval 2012, estando at\u00e9 tarde no River, clube onde est\u00e3o\u00a0ocorrendo\u00a0as eliminat\u00f3rias. S\u00f3 que ele dormiu e, quando acordou, estava abrilhantando as rodas de samba no c\u00e9u.<\/div>\n<div><\/div>\n<div>A se lamentar, apenas, a aus\u00eancia do Presidente da escola, Nilo Figueiredo, no vel\u00f3rio e sepultamento. Mas n\u00e3o surpreende, vindo de um mandat\u00e1rio que tem total desprezo pela hist\u00f3ria da escola. Apenas se lamenta.<\/div>\n<div><\/div>\n<div>Seu Ary venceu seis sambas de enredo pela Portela (1969, 1971, 1986, 1992, 2006 e 2008) e o mais famoso \u00a0deles \u00e9 &#8220;Lapa em Tr\u00eas Tempos&#8221;, ao lado de Rubens &#8211; que depois seria regravado por nomes como Paulinho da Viola e Clara Nunes. Particularmente tamb\u00e9m gosto muito do samba de 1992, &#8220;Todo o Azul que o Azul tem&#8221;.<\/div>\n<div><\/div>\n<div>Como escrevi acima, seu samba est\u00e1 concorrendo no concurso de 2012 e para o carnaval de 2009 ele assinou (sozinho) um samba muito interessante, totalmente fora dos padr\u00f5es pasteurizados vigentes atualmente. Infelizmente, sua obra foi cortada prematuramente.<\/div>\n<div><\/div>\n<div>Ary do Cavaco tamb\u00e9m tinha uma obra de sucesso fora do samba enredo, sendo o maior deles, provavelmente &#8220;Mordomia&#8221; &#8211; gravado por Beth Carvalho, Almir Guineto e outros.<\/div>\n<div><\/div>\n<div>No \u00e1udio acima temos &#8220;Lapa em Tr\u00eas Tempos&#8221; e &#8220;Mordomia&#8221;, cantados por Seu Ary junto com Beth Carvalho. Ele tamb\u00e9m conta a hist\u00f3ria da segunda, que lhe rendeu alguns dissabores em casa mas que permitiu a ele melhorar a vida de sua fam\u00edlia.<\/div>\n<div><\/div>\n<div>A grava\u00e7\u00e3o \u00e9 do cd referente aos 40 anos de carreira da cantora.<\/div>\n<div><\/div>\n<div>Descanse em paz, Seu Ary.<\/div>\n<div><\/div>\n<p><\/p>\n","protected":false},"excerpt":{"rendered":"<p>Minha id\u00e9ia hoje era saudar o in\u00edcio do Rock in Rio nesta noite, mas infelizmente a Portela perdeu no dia de ontem um de seusTour Details<\/p>\n","protected":false},"author":2,"featured_media":0,"comment_status":"open","ping_status":"open","sticky":false,"template":"","format":"standard","meta":{"footnotes":""},"categories":[289],"tags":[40,15,49],"class_list":["post-11313","post","type-post","status-publish","format-standard","hentry","category-pedro-migao","tag-final-de-semana","tag-musica","tag-portela"],"_links":{"self":[{"href":"https:\/\/www.pedromigao.com.br\/ourodetolo\/wp-json\/wp\/v2\/posts\/11313","targetHints":{"allow":["GET"]}}],"collection":[{"href":"https:\/\/www.pedromigao.com.br\/ourodetolo\/wp-json\/wp\/v2\/posts"}],"about":[{"href":"https:\/\/www.pedromigao.com.br\/ourodetolo\/wp-json\/wp\/v2\/types\/post"}],"author":[{"embeddable":true,"href":"https:\/\/www.pedromigao.com.br\/ourodetolo\/wp-json\/wp\/v2\/users\/2"}],"replies":[{"embeddable":true,"href":"https:\/\/www.pedromigao.com.br\/ourodetolo\/wp-json\/wp\/v2\/comments?post=11313"}],"version-history":[{"count":0,"href":"https:\/\/www.pedromigao.com.br\/ourodetolo\/wp-json\/wp\/v2\/posts\/11313\/revisions"}],"wp:attachment":[{"href":"https:\/\/www.pedromigao.com.br\/ourodetolo\/wp-json\/wp\/v2\/media?parent=11313"}],"wp:term":[{"taxonomy":"category","embeddable":true,"href":"https:\/\/www.pedromigao.com.br\/ourodetolo\/wp-json\/wp\/v2\/categories?post=11313"},{"taxonomy":"post_tag","embeddable":true,"href":"https:\/\/www.pedromigao.com.br\/ourodetolo\/wp-json\/wp\/v2\/tags?post=11313"}],"curies":[{"name":"wp","href":"https:\/\/api.w.org\/{rel}","templated":true}]}}