{"id":11309,"date":"2011-09-27T01:01:00","date_gmt":"2011-09-27T03:01:00","guid":{"rendered":"http:\/\/www.pedromigao.com.br\/ourodetolo\/2011\/09\/promocao-camisas-do-salgueiro-2012\/"},"modified":"2011-09-27T01:01:00","modified_gmt":"2011-09-27T03:01:00","slug":"promocao-camisas-do-salgueiro-2012","status":"publish","type":"post","link":"https:\/\/www.pedromigao.com.br\/ourodetolo\/2011\/09\/promocao-camisas-do-salgueiro-2012\/","title":{"rendered":"Promo\u00e7\u00e3o &#8211; Camisas do Salgueiro 2012"},"content":{"rendered":"<div><a href=\"http:\/\/3.bp.blogspot.com\/-QSDIZUw8aj0\/Tn0_P5fUO5I\/AAAAAAAAD0o\/3_Wzf6klF7o\/s1600\/DSC01101.JPG\" imageanchor=\"1\"><img loading=\"lazy\" decoding=\"async\" border=\"0\" height=\"480\" src=\"http:\/\/www.pedromigao.com.br\/ourodetolo\/wp-content\/uploads\/2011\/09\/DSC01101.jpg\" width=\"640\"><\/a><\/div>\n<p><\/p>\n<div>O leitor do Ouro de Tolo estava com saudade de nossas promo\u00e7\u00f5es, n\u00e3o \u00e9 mesmo? Pois elas voltaram.<\/div>\n<div><\/div>\n<div>Em parceria com a Assessoria de Comunica\u00e7\u00e3o da Acad\u00eamicos do Salgueiro, representado pela sua assessora Fl\u00e1via Cirino &#8211; <a href=\"http:\/\/pedromigao.blogspot.com\/2011\/09\/jogo-misto-flavia-cirino.html\">entrevistada recentemente aqui<\/a> &#8211; estaremos sorteando tr\u00eas camisas da agremia\u00e7\u00e3o, referentes ao enredo da agremia\u00e7\u00e3o para o carnaval 2012.<\/div>\n<div><\/div>\n<div><a href=\"http:\/\/3.bp.blogspot.com\/-_NBOldHGFdM\/Tn0_RISnzDI\/AAAAAAAAD0s\/cnb5EzUYNRg\/s1600\/enredo+branca+copy.jpg\" imageanchor=\"1\"><img loading=\"lazy\" decoding=\"async\" border=\"0\" height=\"564\" src=\"http:\/\/www.pedromigao.com.br\/ourodetolo\/wp-content\/uploads\/2011\/10\/enredo+branca+copy.jpg\" width=\"640\"><\/a><\/div>\n<div><\/div>\n<div>A Academia do Samba vir\u00e1 com o enredo &#8220;Cordel Branco e Encarnado&#8221;, sobre a literatura de cordel, de autoria do grande carnavalesco Renato Lage.<\/div>\n<div><\/div>\n<div>Para participar \u00e9 simples: <b>basta deixar na \u00e1rea de coment\u00e1rios uma mensagem com nome, cidade, endere\u00e7o de e-mail e deixar uma frase \u00a0&#8211; que pode ser sobre o Salgueiro, sobre escolas de samba ou este Ouro de Tolo &#8211; al\u00e9m de qual delas prefere: a branca, a laranja ou a preta &#8211; nas fotos<\/b>.<\/div>\n<div><\/div>\n<div><a href=\"http:\/\/3.bp.blogspot.com\/-fT4MFZCiGvY\/Tn0_TULB1mI\/AAAAAAAAD00\/yEUD5LZivt0\/s1600\/enredo+laranja+frente.jpg\" imageanchor=\"1\"><img loading=\"lazy\" decoding=\"async\" border=\"0\" height=\"564\" src=\"http:\/\/www.pedromigao.com.br\/ourodetolo\/wp-content\/uploads\/2011\/09\/enredo+laranja+frente.jpg\" width=\"640\"><\/a><\/div>\n<div><\/div>\n<div>As tr\u00eas melhores frases, que ser\u00e3o selecionadas em conjunto por mim e pela assessora de imprensa da escola levam a camisa. O resultado sai, no m\u00e1ximo, at\u00e9 segunda feira.<\/div>\n<div><\/div>\n<div>A promo\u00e7\u00e3o est\u00e1 aberta a todos, com exce\u00e7\u00e3o de parentes meus. Participe!<\/div>\n<div><\/div>\n<div><a href=\"http:\/\/3.bp.blogspot.com\/-fT4MFZCiGvY\/Tn0_TULB1mI\/AAAAAAAAD00\/yEUD5LZivt0\/s1600\/enredo+laranja+frente.jpg\" imageanchor=\"1\"><img loading=\"lazy\" decoding=\"async\" border=\"0\" height=\"564\" src=\"http:\/\/www.pedromigao.com.br\/ourodetolo\/wp-content\/uploads\/2011\/09\/enredo+laranja+frente.jpg\" width=\"640\"><\/a><\/div>\n<div><\/div>\n<div>Abaixo o leitor pode conferir a sinopse do enredo do Salgueiro para 2012:<\/div>\n<div><\/div>\n<div><b><i>&#8220;Cordel Branco e Encarnado&#8221;<\/i><\/b><\/div>\n<div><\/div>\n<div>SALGUEIRO 2012<\/div>\n<div><\/div>\n<div>(Cheio de poesia, imagina\u00e7\u00e3o e encantamento) apresenta:<\/div>\n<div><\/div>\n<div>Cordel Branco e Encarnado<\/div>\n<div><\/div>\n<div>Minha \u201cfia\u201d, meu senhor<\/div>\n<div>Deixa eu me apresentar<\/div>\n<div>Sou poeta e meu valor<\/div>\n<div>Vai na avenida passar<\/div>\n<div>Basta imagina\u00e7\u00e3o<\/div>\n<div>Um \u201ccadim\u201d de inspira\u00e7\u00e3o<\/div>\n<div>Que eu come\u00e7o a versar<\/div>\n<div><\/div>\n<div>Vou cantar a minha arte<\/div>\n<div>Que nasceu bem l\u00e1 distante<\/div>\n<div>Num lugar que hoje \u00e9 parte<\/div>\n<div>Da nossa origem errante<\/div>\n<div>Vim das bandas da Europa<\/div>\n<div>Nas feiras, a boa trova<\/div>\n<div>Era demais importante!<\/div>\n<div><\/div>\n<div><a href=\"http:\/\/1.bp.blogspot.com\/-K6jwFZCCuJE\/Tn0_UlpZryI\/AAAAAAAAD04\/qUvXPxySOS0\/s1600\/enredo+preta+costas.jpg\" imageanchor=\"1\"><img loading=\"lazy\" decoding=\"async\" border=\"0\" height=\"564\" src=\"http:\/\/www.pedromigao.com.br\/ourodetolo\/wp-content\/uploads\/2011\/09\/enredo+preta+costas.jpg\" width=\"640\"><\/a><\/div>\n<div><\/div>\n<div>Foi assim que o mar cruzei<\/div>\n<div>Na barca da encantaria<\/div>\n<div>Chegou por aqui um Rei<\/div>\n<div>Com bravura e poesia<\/div>\n<div>Carlos Magno o os doze pares<\/div>\n<div>Desfilando pelos mares<\/div>\n<div>Da mais real fidalguia<\/div>\n<div><\/div>\n<div>E veio toda a nobreza<\/div>\n<div>Que um dia eu imaginei<\/div>\n<div>Rainha, duque, princesa<\/div>\n<div>E at\u00e9 quem eu n\u00e3o chamei:<\/div>\n<div>Um medonho de um drag\u00e3o<\/div>\n<div>Irreal assombra\u00e7\u00e3o<\/div>\n<div>Dessa corte que eu sonhei<\/div>\n<div><\/div>\n<div>Tamb\u00e9m tem causo famoso<\/div>\n<div>Que nasceu l\u00e1 no Oriente<\/div>\n<div>De um tal misterioso<\/div>\n<div>Pav\u00e3o alado imponente<\/div>\n<div>Que cruza o c\u00e9u de relance<\/div>\n<div>Dois jovens, e um s\u00f3 romance<\/div>\n<div>Vencendo o Conde inclemente<\/div>\n<div><\/div>\n<div>Todas essas hist\u00f3rias<\/div>\n<div>Renasceram no sert\u00e3o<\/div>\n<div>Onde vive na mem\u00f3ria<\/div>\n<div>O eterno Lampi\u00e3o<\/div>\n<div>E n\u00e3o houve um brasileiro<\/div>\n<div>Que de Ant\u00f4nio Conselheiro<\/div>\n<div>N\u00e3o tivesse informa\u00e7\u00e3o<\/div>\n<div><\/div>\n<div>Pra viajar no meu verso<\/div>\n<div>\u00c9 preciso ter \u201ccorage\u201d<\/div>\n<div>Vai que um bicho perverso<\/div>\n<div>Surge que nem \u201cvisage\u201d?<\/div>\n<div>Nas matas sert\u00e3o afora<\/div>\n<div>Lobisomem, caipora<\/div>\n<div>Que medo dessas \u201cimage\u201d!!<\/div>\n<div><\/div>\n<div>Pra findar esse rebuli\u00e7o<\/div>\n<div>Rezar \u00e9 a solu\u00e7\u00e3o!<\/div>\n<div>Valei-me meu \u201cpadim\u201d Ci\u00e7o!<\/div>\n<div>V\u00e1 de retro, tenta\u00e7\u00e3o!<\/div>\n<div>Nossa Senhora eu n\u00e3o quero<\/div>\n<div>(T\u00f4 sendo muito sincero)<\/div>\n<div>Cair nas garras do c\u00e3o!<\/div>\n<div><\/div>\n<div>E n\u00e3o \u00e9 que meu santo \u00e9 forte?<\/div>\n<div>Cheguei ao c\u00e9u divinal<\/div>\n<div>\u00c9 tamanha a minha sorte<\/div>\n<div>A minha vit\u00f3ria afinal<\/div>\n<div>\u00c9 cantar com alegria<\/div>\n<div>Fazer verso todo dia<\/div>\n<div>Na terra do carnaval<\/div>\n<div><\/div>\n<div><a href=\"http:\/\/1.bp.blogspot.com\/-sFXw_AuXVZM\/Tn0_V8rlLsI\/AAAAAAAAD08\/MUTmMQDzh1g\/s1600\/enredo+preta+frente.jpg\" imageanchor=\"1\"><img loading=\"lazy\" decoding=\"async\" border=\"0\" height=\"564\" src=\"http:\/\/www.pedromigao.com.br\/ourodetolo\/wp-content\/uploads\/2011\/09\/enredo+preta+frente.jpg\" width=\"640\"><\/a><\/div>\n<div><\/div>\n<div>Ao ver chegar a tal hora<\/div>\n<div>Da minha \u201calegre\u201d partida<\/div>\n<div>Saudade, palavra agora<\/div>\n<div>Tem posi\u00e7\u00e3o garantida<\/div>\n<div>Mas n\u00e3o se avexe meu irm\u00e3o<\/div>\n<div>Que hoje a coroa\u00e7\u00e3o<\/div>\n<div>Acontece \u00e9 na avenida<\/div>\n<div><\/div>\n<div>Pois eles h\u00e3o de herdar<\/div>\n<div>Todo esse sert\u00e3o sonhado<\/div>\n<div>Monarcas que v\u00e3o reinar<\/div>\n<div>Na corte do Sol dourado<\/div>\n<div>Poetas de tradi\u00e7\u00e3o<\/div>\n<div>Recebam de cora\u00e7\u00e3o<\/div>\n<div>Um cordel Branco e Encarnado<\/div>\n<div><\/div>\n<div>E agora eu vou sem medo<\/div>\n<div>Fazer festa \u201cde repente\u201d<\/div>\n<div>Vai nascer um samba-enredo<\/div>\n<div>Pra animar toda a gente<\/div>\n<div>Afinal, n\u00e3o sou melhor<\/div>\n<div>Muito menos sou pior<\/div>\n<div>S\u00f3 um poeta diferente!<\/div>\n<div><\/div>\n<div>Renato Lage, M\u00e1rcia Lage, Departamento Cultural<\/div>\n","protected":false},"excerpt":{"rendered":"<p>O leitor do Ouro de Tolo estava com saudade de nossas promo\u00e7\u00f5es, n\u00e3o \u00e9 mesmo? Pois elas voltaram. Em parceria com a Assessoria de Comunica\u00e7\u00e3oTour Details<\/p>\n","protected":false},"author":2,"featured_media":0,"comment_status":"open","ping_status":"open","sticky":false,"template":"","format":"standard","meta":{"footnotes":""},"categories":[289],"tags":[121,148,104],"class_list":["post-11309","post","type-post","status-publish","format-standard","hentry","category-pedro-migao","tag-blog","tag-promocao","tag-salgueiro"],"_links":{"self":[{"href":"https:\/\/www.pedromigao.com.br\/ourodetolo\/wp-json\/wp\/v2\/posts\/11309","targetHints":{"allow":["GET"]}}],"collection":[{"href":"https:\/\/www.pedromigao.com.br\/ourodetolo\/wp-json\/wp\/v2\/posts"}],"about":[{"href":"https:\/\/www.pedromigao.com.br\/ourodetolo\/wp-json\/wp\/v2\/types\/post"}],"author":[{"embeddable":true,"href":"https:\/\/www.pedromigao.com.br\/ourodetolo\/wp-json\/wp\/v2\/users\/2"}],"replies":[{"embeddable":true,"href":"https:\/\/www.pedromigao.com.br\/ourodetolo\/wp-json\/wp\/v2\/comments?post=11309"}],"version-history":[{"count":0,"href":"https:\/\/www.pedromigao.com.br\/ourodetolo\/wp-json\/wp\/v2\/posts\/11309\/revisions"}],"wp:attachment":[{"href":"https:\/\/www.pedromigao.com.br\/ourodetolo\/wp-json\/wp\/v2\/media?parent=11309"}],"wp:term":[{"taxonomy":"category","embeddable":true,"href":"https:\/\/www.pedromigao.com.br\/ourodetolo\/wp-json\/wp\/v2\/categories?post=11309"},{"taxonomy":"post_tag","embeddable":true,"href":"https:\/\/www.pedromigao.com.br\/ourodetolo\/wp-json\/wp\/v2\/tags?post=11309"}],"curies":[{"name":"wp","href":"https:\/\/api.w.org\/{rel}","templated":true}]}}