{"id":11271,"date":"2011-10-29T10:49:00","date_gmt":"2011-10-29T12:49:00","guid":{"rendered":"http:\/\/www.pedromigao.com.br\/ourodetolo\/2011\/10\/viajando-outubro-rosa\/"},"modified":"2011-10-29T10:49:00","modified_gmt":"2011-10-29T12:49:00","slug":"viajando-outubro-rosa","status":"publish","type":"post","link":"https:\/\/www.pedromigao.com.br\/ourodetolo\/2011\/10\/viajando-outubro-rosa\/","title":{"rendered":"Viajando: &quot;Outubro Rosa&quot;"},"content":{"rendered":"<div><a href=\"http:\/\/luluzinhacamp.com\/\"><img loading=\"lazy\" decoding=\"async\" alt=\"Seja Rosa contra o c\u00e2ncer de mama\" height=\"320\" src=\"http:\/\/www.pedromigao.com.br\/ourodetolo\/wp-content\/uploads\/2011\/10\/SeloRosa1.png\" title=\"SEJA ROSA\" width=\"320\"><\/a><\/div>\n<div>Hoje a <b>coluna &#8220;Viajando&#8221;, da colunista Adriana Martins<\/b>, est\u00e1 um pouco diferente. Ela fala do &#8220;Outubro Rosa&#8221;, campanha de conscientiza\u00e7\u00e3o contra o c\u00e2ncer de mama, com um depoimento absolutamente pessoal. Passemos ao texto.<\/div>\n<div><\/div>\n<div><b><i>&#8220;Outubro Rosa<\/i><\/b><\/div>\n<div><\/div>\n<div>Em outubro de 1999 recebemos aquela que parecia ser a pior not\u00edcia de nossas vidas, minha m\u00e3e, ent\u00e3o com 64 anos foi diagnosticada com carcinoma mam\u00e1rio, o tem\u00edvel c\u00e2ncer de mama. Naquela \u00e9poca n\u00e3o t\u00ednhamos muitas informa\u00e7\u00f5es sobre a doen\u00e7a e ficamos muito preocupados com o desenvolvimento de tudo aquilo.<\/div>\n<div><\/div>\n<div>Minha m\u00e3e fazia exames regulares, havia feito uma cirurgia de redu\u00e7\u00e3o das mamas dois anos antes e n\u00e3o sentia nada que a fizesse sequer imaginar o que estava por vir.\u00a0<\/div>\n<div><\/div>\n<div>Mas a m\u00e9dica havia sido categ\u00f3rica, a cirurgia se fazia necess\u00e1ria e urgente. Foi marcada ent\u00e3o para o dia 25 de outubro daquele ano e minha m\u00e3e sempre serena pareceu desabar.\u00a0<\/div>\n<div><\/div>\n<div>Ela sempre foi muito fechada e nunca convers\u00e1vamos muito sobre o assunto, mas eu sabia que aquela not\u00edcia a havia tirado o ch\u00e3o.\u00a0<\/div>\n<div><\/div>\n<div>No dia marcado est\u00e1vamos l\u00e1, eu e ela. Minha irm\u00e3 com duas filhas pequenas em casa aguardava ansiosa por not\u00edcias.\u00a0<\/div>\n<div><\/div>\n<div>A cirurgia transcorreu super bem, mas a suspeita se confirmou o processo cir\u00fargico adotado foi a quadrantectomia e minha m\u00e3e j\u00e1 saiu do hospital com as sess\u00f5es de radioterapia agendadas. Foram muitas. E dolorosas.<\/div>\n<div><\/div>\n<div>As queimaduras na pele eram vis\u00edveis e a cicatriza\u00e7\u00e3o muito demorada.\u00a0<\/div>\n<div><\/div>\n<div>Ap\u00f3s todas essas sess\u00f5es, novos exames e um novo diagn\u00f3stico, seria necess\u00e1rio continuar o tratamento com quimioterapia. Esta foi a pior not\u00edcia ap\u00f3s a cirurgia. A preocupa\u00e7\u00e3o da vaidosa Dona Alba era com os cabelos e o que a quimio poderia fazer com eles. Mas n\u00e3o havia alternativa e l\u00e1 fomos n\u00f3s enfrentar sess\u00f5es intermin\u00e1veis de um tratamento altamente agressivo.\u00a0<\/div>\n<div><\/div>\n<div>Foi uma fase muito ruim, pra minha m\u00e3e que sofria horrores ap\u00f3s cada sess\u00e3o e pra mim, que sofria junto com ela, pois n\u00e3o havia nada que eu pudesse fazer a n\u00e3o ser emprestar minha presen\u00e7a.\u00a0<\/div>\n<div><\/div>\n<div>Ap\u00f3s tudo isso a boa not\u00edcia, n\u00e3o havia mais sinais das c\u00e9lulas cancer\u00edgenas, mas os exames seriam feitos a cada m\u00eas, tr\u00eas meses, seis meses e por fim anualmente. Durante 5 anos o per\u00edodo \u00e9 chamado de remiss\u00e3o, onde o paciente n\u00e3o apresenta nenhuma c\u00e9lula cancer\u00edgena, mas ainda n\u00e3o \u00e9 considerado curado.\u00a0<\/div>\n<div><\/div>\n<div>Hoje, 12 anos ap\u00f3s o diagn\u00f3stico e cirurgia minha m\u00e3e pode ser considerada curada pela medicina, mas eu a considero uma vencedora! Ela lutou a cada dia para que o diagn\u00f3stico negativo n\u00e3o fosse impedimento para que ela continuasse vivendo. Ela \u00e9 meu maior exemplo.\u00a0<\/div>\n<div><\/div>\n<div>Porque tudo isso aconteceu eu fa\u00e7o mamografias regulares desde os 30 anos. E todo ano minha m\u00e3e me liga pra me lembrar do meu compromisso com o exame.\u00a0<\/div>\n<div><\/div>\n<div>Hoje ela est\u00e1 com 76 anos e super saud\u00e1vel. Viaja todos os anos e aproveita a vida da melhor maneira poss\u00edvel, mas nunca esquece de tudo que passou e tem certeza que se n\u00e3o fosse o diagn\u00f3stico precoce, a hist\u00f3ria seria outra.\u00a0<\/div>\n<div><\/div>\n<div><i>P.S.: e ap\u00f3s tantas sess\u00f5es de quimio os cabelos da minha m\u00e3e n\u00e3o cairam&#8230; no final eu n\u00e3o sei se ela estava mais feliz pelo fim da doen\u00e7a ou por n\u00e3o ter ficado careca&#8230; risos<\/i><\/div>\n<div><\/div>\n<div><i>O diagn\u00f3stico de c\u00e2ncer, embora assustador, \u00e9 b\u00e1sico para o processo de conhecimento da doen\u00e7a e do tratamento que o paciente necessita para curar-se. E o processo ensina muita gente a aceitar o problema e lutar pela vida. (<a href=\"http:\/\/www.vidaintegral.com.br\/noticias.php?noticiaid=316\">http:\/\/www.vidaintegral.com.br\/noticias.php?noticiaid=316<\/a>)<\/i><\/div>\n","protected":false},"excerpt":{"rendered":"<p>Hoje a coluna &#8220;Viajando&#8221;, da colunista Adriana Martins, est\u00e1 um pouco diferente. Ela fala do &#8220;Outubro Rosa&#8221;, campanha de conscientiza\u00e7\u00e3o contra o c\u00e2ncer de mama,Tour Details<\/p>\n","protected":false},"author":2,"featured_media":0,"comment_status":"open","ping_status":"open","sticky":false,"template":"","format":"standard","meta":{"footnotes":""},"categories":[289],"tags":[4,155],"class_list":["post-11271","post","type-post","status-publish","format-standard","hentry","category-pedro-migao","tag-saude","tag-viajando"],"_links":{"self":[{"href":"https:\/\/www.pedromigao.com.br\/ourodetolo\/wp-json\/wp\/v2\/posts\/11271","targetHints":{"allow":["GET"]}}],"collection":[{"href":"https:\/\/www.pedromigao.com.br\/ourodetolo\/wp-json\/wp\/v2\/posts"}],"about":[{"href":"https:\/\/www.pedromigao.com.br\/ourodetolo\/wp-json\/wp\/v2\/types\/post"}],"author":[{"embeddable":true,"href":"https:\/\/www.pedromigao.com.br\/ourodetolo\/wp-json\/wp\/v2\/users\/2"}],"replies":[{"embeddable":true,"href":"https:\/\/www.pedromigao.com.br\/ourodetolo\/wp-json\/wp\/v2\/comments?post=11271"}],"version-history":[{"count":0,"href":"https:\/\/www.pedromigao.com.br\/ourodetolo\/wp-json\/wp\/v2\/posts\/11271\/revisions"}],"wp:attachment":[{"href":"https:\/\/www.pedromigao.com.br\/ourodetolo\/wp-json\/wp\/v2\/media?parent=11271"}],"wp:term":[{"taxonomy":"category","embeddable":true,"href":"https:\/\/www.pedromigao.com.br\/ourodetolo\/wp-json\/wp\/v2\/categories?post=11271"},{"taxonomy":"post_tag","embeddable":true,"href":"https:\/\/www.pedromigao.com.br\/ourodetolo\/wp-json\/wp\/v2\/tags?post=11271"}],"curies":[{"name":"wp","href":"https:\/\/api.w.org\/{rel}","templated":true}]}}